{"id":17752,"date":"2024-11-06T01:00:00","date_gmt":"2024-11-06T04:00:00","guid":{"rendered":"https:\/\/infotep.com.ar\/?p=17752"},"modified":"2024-11-06T14:04:09","modified_gmt":"2024-11-06T17:04:09","slug":"sorpresiva-asamblea-de-trabajadores-de-intercargo-provoca-demoras-y-cancelaciones-en-aeroparque","status":"publish","type":"post","link":"https:\/\/infotep.com.ar\/index.php\/2024\/11\/06\/sorpresiva-asamblea-de-trabajadores-de-intercargo-provoca-demoras-y-cancelaciones-en-aeroparque\/","title":{"rendered":"Sorpresiva asamblea de trabajadores de Intercargo provoca demoras y cancelaciones en Aeroparque"},"content":{"rendered":"\n<p>La medida no afecta los servicios de Aerol\u00edneas Argentinas.<br><br>Una sorpresiva asamblea de los trabajadores de Intercargo, nucleados en la Asociaci\u00f3n del Personal Aeron\u00e1utico (APA), provocaba este mediod\u00eda demoras y cancelaciones en algunos vuelos en el Aeroparque Jorge Newbery, sin afectar los servicios de Aerol\u00edneas Argentinas.<\/p>\n\n\n\n<p>La medida fue tomada debido al despido de uno de los empleados de la empresa estatal que brinda el servicio de rampa a las compa\u00f1\u00edas a\u00e9reas como Flybondi, JetSmart y a las extranjeras como Gol, Sky y Latam.<\/p>\n\n\n\n<p>Fuentes de la Secretar\u00eda de Transporte indicaron que ayer, \u201cIntercargo tom\u00f3 la decisi\u00f3n de despedir un empleado por abandono de su puesto de trabajo, causando demoras en el retiro de equipaje de cientos de pasajeros y dificultando la actividad aeroportuaria\u201d.<\/p>\n\n\n\n<p>Explicaron que \u201cel incidente hab\u00eda ocurrido el s\u00e1bado en Aeroparque, cuando el coordinador del servicio de descarga de equipaje ignor\u00f3 la orden directa de permanecer en su puesto de trabajo hasta ser relevado por un compa\u00f1ero y dej\u00f3 desatendida la operaci\u00f3n, demorando dos horas la entrega de valijas\u201d.<\/p>\n\n\n\n<p>Y detallaron que, \u201cante lo ocurrido, la empresa tom\u00f3 r\u00e1pidamente la decisi\u00f3n de desvincular al empleado por no cumplir correctamente con sus tareas, afectando a los usuarios y demorando la operaci\u00f3n aeroportuaria durante el fin de semana\u201d.<\/p>\n\n\n\n<p>\u201cFrente a esto, los gremios tomaron la decisi\u00f3n sorpresiva y unilateral de realizar asambleas informativas pidiendo la reincorporaci\u00f3n del trabajador, lo que vuelve a perjudicar a los pasajeros\u201d, se\u00f1alaron.<\/p>\n\n\n\n<p>Por su parte APA, tambi\u00e9n mediante un comunicado, indic\u00f3 que \u201cla Asociaci\u00f3n del Personal Aeron\u00e1utico (APA) informa que la empresa Intercargo decidi\u00f3 despedir arbitrariamente y sin causa a un trabajador de la base Aeroparque\u201d.<\/p>\n\n\n\n<p>\u201cExigimos de forma urgente su legitima reincorporaci\u00f3n. Advertimos que puede haber demoras por reuniones informativas. No vamos a permitir este tipo de provocaciones, menos a\u00fan en medio de la irresponsabilidad de Femando Montes, Presidente de Intercargo y sus gerentes frente a una paritaria interrumpida intencionalmente para perjudicar econ\u00f3micamente al conjunto de trabajadores\/as de Intercargo\u201d, apuntaron.<\/p>\n\n\n\n<p>A su vez la compa\u00f1\u00eda low cost Flybondi, inform\u00f3 que \u201cdebido a la sorpresiva asamblea gremial de los trabajadores de la empresa Intercargo en Aeroparque, pueden producirse demoras en la salida de sus vuelos, recupero de retiro de equipaje y abordar o descender del avi\u00f3n\u201d.<\/p>\n\n\n\n<p>\u201cLamentamos las molestias ocasionadas a nuestros pasajeros por medidas de fuerza que fueron adoptadas de manera irracional y sin la m\u00e1s m\u00ednima consideraci\u00f3n del impacto negativo que generan\u201d, remarcaron.<\/p>\n\n\n\n<p>Hasta el momento la medida de fuerza ocasion\u00f3 el desv\u00edo de un vuelo de Flybondi a Ezeiza y la cancelaci\u00f3n de otro y demoras en vuelos de Gol y Jetsmart.<\/p>\n","protected":false},"excerpt":{"rendered":"<p>La medida no afecta los servicios de Aerol&iacute;neas Argentinas. Una sorpresiva asamblea de los trabajadores de Intercargo, nucleados en la Asociaci&oacute;n del Personal Aeron&aacute;utico (APA), provocaba este mediod&iacute;a demoras y cancelaciones en algunos vuelos en el Aeroparque Jorge Newbery, sin afectar los servicios de Aerol&iacute;neas Argentinas. La medida fue tomada debido al despido de uno &hellip; <\/p>\n","protected":false},"author":5,"featured_media":14553,"comment_status":"closed","ping_status":"closed","sticky":false,"template":"","format":"standard","meta":{"om_disable_all_campaigns":false,"_joinchat":[]},"categories":[7],"tags":[46,43],"featured_image_urls":{"full":["https:\/\/infotep.com.ar\/wp-content\/uploads\/2024\/07\/aerolineas.png",1536,864,false],"thumbnail":["https:\/\/infotep.com.ar\/wp-content\/uploads\/2024\/07\/aerolineas-150x150.png",150,150,true],"medium":["https:\/\/infotep.com.ar\/wp-content\/uploads\/2024\/07\/aerolineas-300x169.png",300,169,true],"medium_large":["https:\/\/infotep.com.ar\/wp-content\/uploads\/2024\/07\/aerolineas-768x432.png",768,432,true],"large":["https:\/\/infotep.com.ar\/wp-content\/uploads\/2024\/07\/aerolineas-1024x576.png",1020,574,true],"1536x1536":["https:\/\/infotep.com.ar\/wp-content\/uploads\/2024\/07\/aerolineas.png",1536,864,false],"2048x2048":["https:\/\/infotep.com.ar\/wp-content\/uploads\/2024\/07\/aerolineas.png",1536,864,false],"blossom-feminine-slider":["https:\/\/infotep.com.ar\/wp-content\/uploads\/2024\/07\/aerolineas-1536x649.png",1536,649,true],"blossom-feminine-featured":["https:\/\/infotep.com.ar\/wp-content\/uploads\/2024\/07\/aerolineas-1410x600.png",1410,600,true],"blossom-feminine-with-sidebar":["https:\/\/infotep.com.ar\/wp-content\/uploads\/2024\/07\/aerolineas-1020x600.png",1020,600,true],"blossom-feminine-blog":["https:\/\/infotep.com.ar\/wp-content\/uploads\/2024\/07\/aerolineas-435x435.png",435,435,true],"blossom-feminine-cat":["https:\/\/infotep.com.ar\/wp-content\/uploads\/2024\/07\/aerolineas-450x300.png",450,300,true],"blossom-feminine-related":["https:\/\/infotep.com.ar\/wp-content\/uploads\/2024\/07\/aerolineas-320x200.png",320,200,true],"blossom-feminine-schema":["https:\/\/infotep.com.ar\/wp-content\/uploads\/2024\/07\/aerolineas-107x60.png",107,60,true],"blossom-mommy-blog-slider-big":["https:\/\/infotep.com.ar\/wp-content\/uploads\/2024\/07\/aerolineas-920x650.png",920,650,true],"blossom-mommy-blog-slider":["https:\/\/infotep.com.ar\/wp-content\/uploads\/2024\/07\/aerolineas-460x310.png",460,310,true],"blossom-mommy-blog-two":["https:\/\/infotep.com.ar\/wp-content\/uploads\/2024\/07\/aerolineas-768x480.png",768,480,true]},"author_info":{"info":["Angela Tobar"]},"category_info":"<a href=\"https:\/\/infotep.com.ar\/index.php\/category\/gremios\/\" rel=\"category tag\">Gremios<\/a>","tag_info":"Gremios","comment_count":"0","_links":{"self":[{"href":"https:\/\/infotep.com.ar\/index.php\/wp-json\/wp\/v2\/posts\/17752"}],"collection":[{"href":"https:\/\/infotep.com.ar\/index.php\/wp-json\/wp\/v2\/posts"}],"about":[{"href":"https:\/\/infotep.com.ar\/index.php\/wp-json\/wp\/v2\/types\/post"}],"author":[{"embeddable":true,"href":"https:\/\/infotep.com.ar\/index.php\/wp-json\/wp\/v2\/users\/5"}],"replies":[{"embeddable":true,"href":"https:\/\/infotep.com.ar\/index.php\/wp-json\/wp\/v2\/comments?post=17752"}],"version-history":[{"count":1,"href":"https:\/\/infotep.com.ar\/index.php\/wp-json\/wp\/v2\/posts\/17752\/revisions"}],"predecessor-version":[{"id":17753,"href":"https:\/\/infotep.com.ar\/index.php\/wp-json\/wp\/v2\/posts\/17752\/revisions\/17753"}],"wp:featuredmedia":[{"embeddable":true,"href":"https:\/\/infotep.com.ar\/index.php\/wp-json\/wp\/v2\/media\/14553"}],"wp:attachment":[{"href":"https:\/\/infotep.com.ar\/index.php\/wp-json\/wp\/v2\/media?parent=17752"}],"wp:term":[{"taxonomy":"category","embeddable":true,"href":"https:\/\/infotep.com.ar\/index.php\/wp-json\/wp\/v2\/categories?post=17752"},{"taxonomy":"post_tag","embeddable":true,"href":"https:\/\/infotep.com.ar\/index.php\/wp-json\/wp\/v2\/tags?post=17752"}],"curies":[{"name":"wp","href":"https:\/\/api.w.org\/{rel}","templated":true}]}}