{"id":17757,"date":"2024-11-06T14:07:01","date_gmt":"2024-11-06T17:07:01","guid":{"rendered":"https:\/\/infotep.com.ar\/?p=17757"},"modified":"2024-11-06T14:07:02","modified_gmt":"2024-11-06T17:07:02","slug":"el-consumo-de-yerba-mate-cayo-88-en-los-primeros-nueve-meses-del-ano","status":"publish","type":"post","link":"https:\/\/infotep.com.ar\/index.php\/2024\/11\/06\/el-consumo-de-yerba-mate-cayo-88-en-los-primeros-nueve-meses-del-ano\/","title":{"rendered":"El consumo de yerba mate cay\u00f3 8,8% en los primeros nueve meses del a\u00f1o"},"content":{"rendered":"\n<p>Producto de la sensible ca\u00edda del poder adquisitivo, el consumo de yerba mate alcanz\u00f3 el nivel m\u00e1s bajo de los \u00faltimos nueve a\u00f1os<br><br>El consumo interno de yerba mate cay\u00f3 8,8% interanual en los primeros nueve meses del a\u00f1o, producto de la sensible ca\u00edda del poder adquisitivo, y alcanz\u00f3 el nivel m\u00e1s bajo de los \u00faltimos nueve a\u00f1os.<\/p>\n\n\n\n<p>De acuerdo con un informe del Centro de Econom\u00eda Pol\u00edtica Argentina (CEPA), que re\u00fane datos de distintos organismos, el consumo de yerba mate pas\u00f3 de 212 mil toneladas entre enero y septiembre de 2023 a 193,4 mil toneladas en el mismo per\u00edodo de este a\u00f1o.<\/p>\n\n\n\n<p>\u201cEs el nivel de consumo m\u00e1s bajo de los \u00faltimos nueve a\u00f1os y se encuentra a 10,1 puntos porcentuales del pico de consumo experimentado en 2021\u201d, se\u00f1al\u00f3 CEPA.<\/p>\n\n\n\n<p>Asimismo, las exportaciones, en el acumulado de enero a septiembre, disminuyeron 16,4% en comparaci\u00f3n con el promedio 2020-2023 y decrecieron 16,4% en t\u00e9rminos interanuales.<\/p>\n\n\n\n<p>Seg\u00fan el Instituto Nacional de Yerba Mate (YNYM), los mercados que explican la merma de las exportaciones son la Uni\u00f3n Europea y ciertos pa\u00edses de Asia, que en los \u00faltimos a\u00f1os hab\u00edan cobrado mayor importancia en las compras.<\/p>\n\n\n\n<p>La reducci\u00f3n del consumo interno y de las exportaciones a la par de un registro de avance de cosecha m\u00e1s importante que el de los \u00faltimos cuatro a\u00f1os se traduce en un importante aumento de stocks en establecimientos secaderos.<\/p>\n\n\n\n<p>Adem\u00e1s, CEPA se\u00f1al\u00f3 que \u201cempeora la relaci\u00f3n precio al productor\/precio de g\u00f3ndola. Si se analiza la relaci\u00f3n entre lo que recibe el productor y el precio de g\u00f3ndola, el primero s\u00f3lo logra captar 5,7% del precio de venta en g\u00f3ndola, es decir, 1,3 puntos porcentuales menos que en septiembre 2023 y 2,4 puntos porcentuales menos que el promedio 2020-2023\u201d.<\/p>\n\n\n\n<p>\u201cEs el peor momento, desde 2019, del ratio entre el precio al productor y el precio en g\u00f3ndola por kilo\u201d, remarc\u00f3.<\/p>\n\n\n\n<p>Agreg\u00f3 que \u201clas importaciones de yerba mate agravaron la situaci\u00f3n de los productores\u201d debido a la decisi\u00f3n del Gobierno de reducir impuestos a las importaciones de productos de primera necesidad incluidas las materias primas y la primera elaboraci\u00f3n de yerba mate.<\/p>\n\n\n\n<p>De acuerdo a los datos publicados por INDEC, las importaciones de yerba mate canchada y yerba mate excluida simplemente canchada (molida, lista para empaquetar), proveniente de Paraguay y Brasil, en los primeros nueve meses de a\u00f1o alcanzaron 8,93 millones de kg., 149% m\u00e1s que el mismo periodo de 2023.<\/p>\n\n\n\n<p>\u201cEl perjuicio para los productores es evidente: la materia prima ingresa a un costo promedio de 1,2 d\u00f3lares por kilo que, al valor oficial m\u00e1s el impuesto PA\u00cdS, alcanza aproximadamente $1.296. En cambio, la yerba canchada, que en abril de 2024 se compraba en secaderos a $1.406, se est\u00e1 reponiendo a precios m\u00e1s bajos\u201d, indic\u00f3 CEPA.<\/p>\n\n\n\n<p>Detall\u00f3 que \u201cesto permite a los industriales pagar menos por la canchada o la hoja verde, adem\u00e1s de extender los plazos de pago, lo que genera un impacto econ\u00f3mico negativo considerable para los productores locales\u201d.<\/p>\n\n\n\n<p>La reducci\u00f3n del consumo interno y de las exportaciones a la par de un registro de avance de cosecha m\u00e1s importante que el de los \u00faltimos cuatro a\u00f1os se traduce en un importante aumento de stocks en establecimientos secaderos.<\/p>\n","protected":false},"excerpt":{"rendered":"<p>Producto de la sensible ca&iacute;da del poder adquisitivo, el consumo de yerba mate alcanz&oacute; el nivel m&aacute;s bajo de los &uacute;ltimos nueve a&ntilde;os El consumo interno de yerba mate cay&oacute; 8,8% interanual en los primeros nueve meses del a&ntilde;o, producto de la sensible ca&iacute;da del poder adquisitivo, y alcanz&oacute; el nivel m&aacute;s bajo de los &hellip; <\/p>\n","protected":false},"author":5,"featured_media":17758,"comment_status":"closed","ping_status":"closed","sticky":false,"template":"","format":"standard","meta":{"om_disable_all_campaigns":false,"_joinchat":[]},"categories":[3],"tags":[46,43],"featured_image_urls":{"full":["https:\/\/infotep.com.ar\/wp-content\/uploads\/2024\/11\/yerba.jpg",1024,841,false],"thumbnail":["https:\/\/infotep.com.ar\/wp-content\/uploads\/2024\/11\/yerba-150x150.jpg",150,150,true],"medium":["https:\/\/infotep.com.ar\/wp-content\/uploads\/2024\/11\/yerba-300x246.jpg",300,246,true],"medium_large":["https:\/\/infotep.com.ar\/wp-content\/uploads\/2024\/11\/yerba-768x631.jpg",768,631,true],"large":["https:\/\/infotep.com.ar\/wp-content\/uploads\/2024\/11\/yerba.jpg",1020,838,false],"1536x1536":["https:\/\/infotep.com.ar\/wp-content\/uploads\/2024\/11\/yerba.jpg",1024,841,false],"2048x2048":["https:\/\/infotep.com.ar\/wp-content\/uploads\/2024\/11\/yerba.jpg",1024,841,false],"blossom-feminine-slider":["https:\/\/infotep.com.ar\/wp-content\/uploads\/2024\/11\/yerba-1024x649.jpg",1024,649,true],"blossom-feminine-featured":["https:\/\/infotep.com.ar\/wp-content\/uploads\/2024\/11\/yerba-1024x600.jpg",1024,600,true],"blossom-feminine-with-sidebar":["https:\/\/infotep.com.ar\/wp-content\/uploads\/2024\/11\/yerba-1020x600.jpg",1020,600,true],"blossom-feminine-blog":["https:\/\/infotep.com.ar\/wp-content\/uploads\/2024\/11\/yerba-435x435.jpg",435,435,true],"blossom-feminine-cat":["https:\/\/infotep.com.ar\/wp-content\/uploads\/2024\/11\/yerba-450x300.jpg",450,300,true],"blossom-feminine-related":["https:\/\/infotep.com.ar\/wp-content\/uploads\/2024\/11\/yerba-320x200.jpg",320,200,true],"blossom-feminine-schema":["https:\/\/infotep.com.ar\/wp-content\/uploads\/2024\/11\/yerba-73x60.jpg",73,60,true],"blossom-mommy-blog-slider-big":["https:\/\/infotep.com.ar\/wp-content\/uploads\/2024\/11\/yerba-920x650.jpg",920,650,true],"blossom-mommy-blog-slider":["https:\/\/infotep.com.ar\/wp-content\/uploads\/2024\/11\/yerba-460x310.jpg",460,310,true],"blossom-mommy-blog-two":["https:\/\/infotep.com.ar\/wp-content\/uploads\/2024\/11\/yerba-768x480.jpg",768,480,true]},"author_info":{"info":["Angela Tobar"]},"category_info":"<a href=\"https:\/\/infotep.com.ar\/index.php\/category\/nacionales\/\" rel=\"category tag\">Nacionales<\/a>","tag_info":"Nacionales","comment_count":"0","_links":{"self":[{"href":"https:\/\/infotep.com.ar\/index.php\/wp-json\/wp\/v2\/posts\/17757"}],"collection":[{"href":"https:\/\/infotep.com.ar\/index.php\/wp-json\/wp\/v2\/posts"}],"about":[{"href":"https:\/\/infotep.com.ar\/index.php\/wp-json\/wp\/v2\/types\/post"}],"author":[{"embeddable":true,"href":"https:\/\/infotep.com.ar\/index.php\/wp-json\/wp\/v2\/users\/5"}],"replies":[{"embeddable":true,"href":"https:\/\/infotep.com.ar\/index.php\/wp-json\/wp\/v2\/comments?post=17757"}],"version-history":[{"count":1,"href":"https:\/\/infotep.com.ar\/index.php\/wp-json\/wp\/v2\/posts\/17757\/revisions"}],"predecessor-version":[{"id":17759,"href":"https:\/\/infotep.com.ar\/index.php\/wp-json\/wp\/v2\/posts\/17757\/revisions\/17759"}],"wp:featuredmedia":[{"embeddable":true,"href":"https:\/\/infotep.com.ar\/index.php\/wp-json\/wp\/v2\/media\/17758"}],"wp:attachment":[{"href":"https:\/\/infotep.com.ar\/index.php\/wp-json\/wp\/v2\/media?parent=17757"}],"wp:term":[{"taxonomy":"category","embeddable":true,"href":"https:\/\/infotep.com.ar\/index.php\/wp-json\/wp\/v2\/categories?post=17757"},{"taxonomy":"post_tag","embeddable":true,"href":"https:\/\/infotep.com.ar\/index.php\/wp-json\/wp\/v2\/tags?post=17757"}],"curies":[{"name":"wp","href":"https:\/\/api.w.org\/{rel}","templated":true}]}}