{"id":17837,"date":"2024-11-08T15:55:29","date_gmt":"2024-11-08T18:55:29","guid":{"rendered":"https:\/\/infotep.com.ar\/?p=17837"},"modified":"2024-11-08T15:55:29","modified_gmt":"2024-11-08T18:55:29","slug":"el-empleo-privado-registro-mayor-caida-que-el-publico-en-los-primeros-meses-del-ano","status":"publish","type":"post","link":"https:\/\/infotep.com.ar\/index.php\/2024\/11\/08\/el-empleo-privado-registro-mayor-caida-que-el-publico-en-los-primeros-meses-del-ano\/","title":{"rendered":"El empleo privado registr\u00f3 mayor ca\u00edda que el p\u00fablico en los primeros meses del a\u00f1o"},"content":{"rendered":"\n<p>De los 138.785 puestos perdidos en el sector privado, 47,6% son del sector de la construcci\u00f3n, seg\u00fan un informe del CEPA.<br><br>El empleo en el sector privado registr\u00f3 una ca\u00edda de 2,2% entre noviembre de 2023 y agosto de este a\u00f1o, por encima de la baja registrada en el empleo p\u00fablico, de acuerdo con un informe del Centro de Econom\u00eda Pol\u00edtica (CEPA).<\/p>\n\n\n\n<p>&#8220;En lo que se refiere al trabajo en el sector p\u00fablico, incluyendo tanto el nivel nacional como los subnacionales, desde la asunci\u00f3n del nuevo gobierno, se destruyeron 43.781 puestos, de los cuales 2.325 se perdieron en agosto&#8221;, indic\u00f3 CEPA.<\/p>\n\n\n\n<p>Esto se suma a los 138.785 puestos perdidos en el sector asalariado privado en el mismo per\u00edodo, totalizando una reducci\u00f3n de 182.566 empleos asalariados.<\/p>\n\n\n\n<p>En ese contexto, el informe se\u00f1al\u00f3 que &#8220;en t\u00e9rminos porcentuales, la ca\u00edda es mayor en el sector asalariado privado (-2,2%) que en el p\u00fablico (-1,3%)&#8221;.<\/p>\n\n\n\n<p>De los 138.785 puestos perdidos en el sector privado, un total de 66.008 (47,6%) son del sector de la construcci\u00f3n, en el marco de la paralizaci\u00f3n de la obra p\u00fablica.<\/p>\n\n\n\n<p>Por otra parte, en agosto de 2024, la evoluci\u00f3n del promedio salarial (1,5%) y de la mediana (0,6%) quedaron por debajo de la inflaci\u00f3n (4,2%), con una ca\u00edda del poder adquisitivo de 2,6% y 3,5%, respectivamente.<\/p>\n\n\n\n<p>En lo relativo a otras modalidades de trabajo registrado, a agosto de 2024, 2.113.526 personas tienen al monotributo como su modalidad principal. Esta categor\u00eda creci\u00f3 en 20.450 puestos en el \u00faltimo mes y 75.676 desde diciembre del a\u00f1o pasado.<\/p>\n","protected":false},"excerpt":{"rendered":"<p>De los 138.785 puestos perdidos en el sector privado, 47,6% son del sector de la construcci&oacute;n, seg&uacute;n un informe del CEPA. El empleo en el sector privado registr&oacute; una ca&iacute;da de 2,2% entre noviembre de 2023 y agosto de este a&ntilde;o, por encima de la baja registrada en el empleo p&uacute;blico, de acuerdo con un &hellip; <\/p>\n","protected":false},"author":5,"featured_media":17838,"comment_status":"closed","ping_status":"closed","sticky":false,"template":"","format":"standard","meta":{"om_disable_all_campaigns":false,"_joinchat":[]},"categories":[3],"tags":[46,43],"featured_image_urls":{"full":["https:\/\/infotep.com.ar\/wp-content\/uploads\/2024\/11\/obras-empleo.webp",985,720,false],"thumbnail":["https:\/\/infotep.com.ar\/wp-content\/uploads\/2024\/11\/obras-empleo-150x150.webp",150,150,true],"medium":["https:\/\/infotep.com.ar\/wp-content\/uploads\/2024\/11\/obras-empleo-300x219.webp",300,219,true],"medium_large":["https:\/\/infotep.com.ar\/wp-content\/uploads\/2024\/11\/obras-empleo-768x561.webp",768,561,true],"large":["https:\/\/infotep.com.ar\/wp-content\/uploads\/2024\/11\/obras-empleo.webp",985,720,false],"1536x1536":["https:\/\/infotep.com.ar\/wp-content\/uploads\/2024\/11\/obras-empleo.webp",985,720,false],"2048x2048":["https:\/\/infotep.com.ar\/wp-content\/uploads\/2024\/11\/obras-empleo.webp",985,720,false],"blossom-feminine-slider":["https:\/\/infotep.com.ar\/wp-content\/uploads\/2024\/11\/obras-empleo-985x649.webp",985,649,true],"blossom-feminine-featured":["https:\/\/infotep.com.ar\/wp-content\/uploads\/2024\/11\/obras-empleo-985x600.webp",985,600,true],"blossom-feminine-with-sidebar":["https:\/\/infotep.com.ar\/wp-content\/uploads\/2024\/11\/obras-empleo-985x600.webp",985,600,true],"blossom-feminine-blog":["https:\/\/infotep.com.ar\/wp-content\/uploads\/2024\/11\/obras-empleo-435x435.webp",435,435,true],"blossom-feminine-cat":["https:\/\/infotep.com.ar\/wp-content\/uploads\/2024\/11\/obras-empleo-450x300.webp",450,300,true],"blossom-feminine-related":["https:\/\/infotep.com.ar\/wp-content\/uploads\/2024\/11\/obras-empleo-320x200.webp",320,200,true],"blossom-feminine-schema":["https:\/\/infotep.com.ar\/wp-content\/uploads\/2024\/11\/obras-empleo-82x60.webp",82,60,true],"blossom-mommy-blog-slider-big":["https:\/\/infotep.com.ar\/wp-content\/uploads\/2024\/11\/obras-empleo-920x650.webp",920,650,true],"blossom-mommy-blog-slider":["https:\/\/infotep.com.ar\/wp-content\/uploads\/2024\/11\/obras-empleo-460x310.webp",460,310,true],"blossom-mommy-blog-two":["https:\/\/infotep.com.ar\/wp-content\/uploads\/2024\/11\/obras-empleo-768x480.webp",768,480,true]},"author_info":{"info":["Angela Tobar"]},"category_info":"<a href=\"https:\/\/infotep.com.ar\/index.php\/category\/nacionales\/\" rel=\"category tag\">Nacionales<\/a>","tag_info":"Nacionales","comment_count":"0","_links":{"self":[{"href":"https:\/\/infotep.com.ar\/index.php\/wp-json\/wp\/v2\/posts\/17837"}],"collection":[{"href":"https:\/\/infotep.com.ar\/index.php\/wp-json\/wp\/v2\/posts"}],"about":[{"href":"https:\/\/infotep.com.ar\/index.php\/wp-json\/wp\/v2\/types\/post"}],"author":[{"embeddable":true,"href":"https:\/\/infotep.com.ar\/index.php\/wp-json\/wp\/v2\/users\/5"}],"replies":[{"embeddable":true,"href":"https:\/\/infotep.com.ar\/index.php\/wp-json\/wp\/v2\/comments?post=17837"}],"version-history":[{"count":1,"href":"https:\/\/infotep.com.ar\/index.php\/wp-json\/wp\/v2\/posts\/17837\/revisions"}],"predecessor-version":[{"id":17839,"href":"https:\/\/infotep.com.ar\/index.php\/wp-json\/wp\/v2\/posts\/17837\/revisions\/17839"}],"wp:featuredmedia":[{"embeddable":true,"href":"https:\/\/infotep.com.ar\/index.php\/wp-json\/wp\/v2\/media\/17838"}],"wp:attachment":[{"href":"https:\/\/infotep.com.ar\/index.php\/wp-json\/wp\/v2\/media?parent=17837"}],"wp:term":[{"taxonomy":"category","embeddable":true,"href":"https:\/\/infotep.com.ar\/index.php\/wp-json\/wp\/v2\/categories?post=17837"},{"taxonomy":"post_tag","embeddable":true,"href":"https:\/\/infotep.com.ar\/index.php\/wp-json\/wp\/v2\/tags?post=17837"}],"curies":[{"name":"wp","href":"https:\/\/api.w.org\/{rel}","templated":true}]}}