{"id":18030,"date":"2024-11-19T00:10:45","date_gmt":"2024-11-19T03:10:45","guid":{"rendered":"https:\/\/infotep.com.ar\/?p=18030"},"modified":"2024-11-19T00:10:46","modified_gmt":"2024-11-19T03:10:46","slug":"contra-el-ajuste-un-sector-del-sindicalismo-prepara-nuevos-paros-y-movilizaciones-para-diciembre","status":"publish","type":"post","link":"https:\/\/infotep.com.ar\/index.php\/2024\/11\/19\/contra-el-ajuste-un-sector-del-sindicalismo-prepara-nuevos-paros-y-movilizaciones-para-diciembre\/","title":{"rendered":"Contra el ajuste: Un sector del sindicalismo prepara nuevos paros y movilizaciones para diciembre"},"content":{"rendered":"\n<p><br>Un sector del sindicalismo redobl\u00f3 la carga contra los ajustes que lleva adelante el gobierno de Javier Milei al anticipar la posibilidad de concretar un nuevo paro del transporte en diciembre y la puesta en marcha de nuevas medidas de fuerza por parte de los estatales de ATE por reclamos salariales.<\/p>\n\n\n\n<p>E<strong>l triunviro de la CGT y secretario adjunto del gremio de Camioneros, Pablo Moyano, anticip\u00f3 que trabaja en el lanzamiento de un nuevo paro general o movilizaci\u00f3n para &#8220;diciembre&#8221;<\/strong>. El referente sindical adelant\u00f3 en declaraciones radiales que este martes habr\u00e1 reuniones de la Mesa Nacional del Transporte y de la mesa chica de la CGT para anunciar una nueva medida de fuerza.<\/p>\n\n\n\n<p>&#8220;Algunos compa\u00f1eros van a plantear llevar adelante una medida de fuerza o una gran movilizaci\u00f3n para diciembre. Se est\u00e1 hablando con las dos CTA y los movimientos sociales. Hay compa\u00f1eros que quieren llevar adelante una nueva medida de fuerza&#8221;, advirti\u00f3.<\/p>\n\n\n\n<p>Para Moyano, &#8220;hay que estar en la calle para seguir resistiendo y denunciando este modelo econ\u00f3mico que tanto da\u00f1o le est\u00e1 haciendo a los argentinos y no podemos mirar para otro lado&#8221;.<\/p>\n\n\n\n<p>La Mesa Nacional del Transporte, que nuclea a los gremios del sector, viene de concretar un paro nacional el 30 de octubre \u00faltimo, en una medida de fuerza a la que de todos modos no se plegaron los colectiveros de la Uni\u00f3n Tranviarios Automotor (UTA).<\/p>\n\n\n\n<p><strong>Por otro lado, la Asociaci\u00f3n Trabajadores del Estado (ATE) realizar\u00e1 este martes a las 14 un plenario nacional de delegados para definir nuevas medidas de fuerza por demandas salariales y en rechazo a los ex\u00e1menes de idoneidad que el Gobierno impulsa a partir de diciembre para la administraci\u00f3n p\u00fablica.<\/strong><\/p>\n\n\n\n<p>&#8220;Estos ex\u00e1menes son un invento para seguir estigmatizando y despidiendo de manera ilegal. Las tareas que con profunda vocaci\u00f3n de servicio realizan los estatales todos los d\u00edas son la mejor muestra de idoneidad&#8221;, se\u00f1al\u00f3 Rodolfo Aguiar, secretario general de ATE.<\/p>\n\n\n\n<p>Aguiar sostuvo que desde la administraci\u00f3n libertaria &#8220;han decidido colocarnos a los estatales en la vidriera del ajuste&#8221;. El referente sindical afirm\u00f3 que &#8220;estas evaluaciones que propone el Ejecutivo se encuentran por fuera de cualquier marco legal&#8221; y por eso &#8220;no se pueden realizar&#8221;.<\/p>\n\n\n\n<p>ATE reclama adem\u00e1s una &#8220;inmediata&#8221; recomposici\u00f3n salarial luego de la \u00faltima paritaria en la que el Gobierno otorg\u00f3, con la aceptaci\u00f3n de UPCN, el gremio mayoritario de estatales, un 2% para noviembre y 1% en diciembre, &#8220;acrecentando la p\u00e9rdida del poder adquisitivo del sector que ya supera el 39% en lo que va del a\u00f1o&#8221;.<\/p>\n","protected":false},"excerpt":{"rendered":"<p>Un sector del sindicalismo redobl&oacute; la carga contra los ajustes que lleva adelante el gobierno de Javier Milei al anticipar la posibilidad de concretar un nuevo paro del transporte en diciembre y la puesta en marcha de nuevas medidas de fuerza por parte de los estatales de ATE por reclamos salariales. El triunviro de la &hellip; <\/p>\n","protected":false},"author":5,"featured_media":18031,"comment_status":"closed","ping_status":"closed","sticky":false,"template":"","format":"standard","meta":{"om_disable_all_campaigns":false,"_joinchat":[]},"categories":[7],"tags":[512,553,46,208,43],"featured_image_urls":{"full":["https:\/\/infotep.com.ar\/wp-content\/uploads\/2024\/11\/moyano.webp",1083,720,false],"thumbnail":["https:\/\/infotep.com.ar\/wp-content\/uploads\/2024\/11\/moyano-150x150.webp",150,150,true],"medium":["https:\/\/infotep.com.ar\/wp-content\/uploads\/2024\/11\/moyano-300x199.webp",300,199,true],"medium_large":["https:\/\/infotep.com.ar\/wp-content\/uploads\/2024\/11\/moyano-768x511.webp",768,511,true],"large":["https:\/\/infotep.com.ar\/wp-content\/uploads\/2024\/11\/moyano-1024x681.webp",1020,678,true],"1536x1536":["https:\/\/infotep.com.ar\/wp-content\/uploads\/2024\/11\/moyano.webp",1083,720,false],"2048x2048":["https:\/\/infotep.com.ar\/wp-content\/uploads\/2024\/11\/moyano.webp",1083,720,false],"blossom-feminine-slider":["https:\/\/infotep.com.ar\/wp-content\/uploads\/2024\/11\/moyano-1083x649.webp",1083,649,true],"blossom-feminine-featured":["https:\/\/infotep.com.ar\/wp-content\/uploads\/2024\/11\/moyano-1083x600.webp",1083,600,true],"blossom-feminine-with-sidebar":["https:\/\/infotep.com.ar\/wp-content\/uploads\/2024\/11\/moyano-1020x600.webp",1020,600,true],"blossom-feminine-blog":["https:\/\/infotep.com.ar\/wp-content\/uploads\/2024\/11\/moyano-435x435.webp",435,435,true],"blossom-feminine-cat":["https:\/\/infotep.com.ar\/wp-content\/uploads\/2024\/11\/moyano-450x300.webp",450,300,true],"blossom-feminine-related":["https:\/\/infotep.com.ar\/wp-content\/uploads\/2024\/11\/moyano-320x200.webp",320,200,true],"blossom-feminine-schema":["https:\/\/infotep.com.ar\/wp-content\/uploads\/2024\/11\/moyano-90x60.webp",90,60,true],"blossom-mommy-blog-slider-big":["https:\/\/infotep.com.ar\/wp-content\/uploads\/2024\/11\/moyano-920x650.webp",920,650,true],"blossom-mommy-blog-slider":["https:\/\/infotep.com.ar\/wp-content\/uploads\/2024\/11\/moyano-460x310.webp",460,310,true],"blossom-mommy-blog-two":["https:\/\/infotep.com.ar\/wp-content\/uploads\/2024\/11\/moyano-768x480.webp",768,480,true]},"author_info":{"info":["Angela Tobar"]},"category_info":"<a href=\"https:\/\/infotep.com.ar\/index.php\/category\/gremios\/\" rel=\"category tag\">Gremios<\/a>","tag_info":"Gremios","comment_count":"0","_links":{"self":[{"href":"https:\/\/infotep.com.ar\/index.php\/wp-json\/wp\/v2\/posts\/18030"}],"collection":[{"href":"https:\/\/infotep.com.ar\/index.php\/wp-json\/wp\/v2\/posts"}],"about":[{"href":"https:\/\/infotep.com.ar\/index.php\/wp-json\/wp\/v2\/types\/post"}],"author":[{"embeddable":true,"href":"https:\/\/infotep.com.ar\/index.php\/wp-json\/wp\/v2\/users\/5"}],"replies":[{"embeddable":true,"href":"https:\/\/infotep.com.ar\/index.php\/wp-json\/wp\/v2\/comments?post=18030"}],"version-history":[{"count":1,"href":"https:\/\/infotep.com.ar\/index.php\/wp-json\/wp\/v2\/posts\/18030\/revisions"}],"predecessor-version":[{"id":18032,"href":"https:\/\/infotep.com.ar\/index.php\/wp-json\/wp\/v2\/posts\/18030\/revisions\/18032"}],"wp:featuredmedia":[{"embeddable":true,"href":"https:\/\/infotep.com.ar\/index.php\/wp-json\/wp\/v2\/media\/18031"}],"wp:attachment":[{"href":"https:\/\/infotep.com.ar\/index.php\/wp-json\/wp\/v2\/media?parent=18030"}],"wp:term":[{"taxonomy":"category","embeddable":true,"href":"https:\/\/infotep.com.ar\/index.php\/wp-json\/wp\/v2\/categories?post=18030"},{"taxonomy":"post_tag","embeddable":true,"href":"https:\/\/infotep.com.ar\/index.php\/wp-json\/wp\/v2\/tags?post=18030"}],"curies":[{"name":"wp","href":"https:\/\/api.w.org\/{rel}","templated":true}]}}