{"id":18066,"date":"2024-11-19T01:08:50","date_gmt":"2024-11-19T04:08:50","guid":{"rendered":"https:\/\/infotep.com.ar\/?p=18066"},"modified":"2024-11-19T01:08:56","modified_gmt":"2024-11-19T04:08:56","slug":"la-justicia-ordeno-este-jueves-la-reincorporacion-de-un-trabajador-del-hospital-posadas","status":"publish","type":"post","link":"https:\/\/infotep.com.ar\/index.php\/2024\/11\/19\/la-justicia-ordeno-este-jueves-la-reincorporacion-de-un-trabajador-del-hospital-posadas\/","title":{"rendered":"La Justicia orden\u00f3 este jueves la reincorporaci\u00f3n de un trabajador del Hospital Posadas"},"content":{"rendered":"\n<p> La Justicia orden\u00f3 este jueves la reincorporaci\u00f3n de un empleado que al ser delegado estaba protegido por la tutela gremial. \u00abNo descansaremos hasta que todos los trabajadores despedidos sean reincorporados. La salud p\u00fablica no puede estar en venta\u00bb, afirm\u00f3 el secretario general An\u00edbal Aristizabal.<br><br><strong>El Hospital Posadas, uno de los principales centros de salud del oeste del Gran Buenos Aires, se encuentra en el centro de la pol\u00e9mica tras los despidos masivos ejecutados por la gesti\u00f3n de Javier Milei, en el marco de su denominado \u00abPlan Motosierra\u00bb.<\/strong><\/p>\n\n\n\n<p class=\"has-light-green-cyan-background-color has-background\">En un reciente fallo, la Justicia Federal orden\u00f3 la reincorporaci\u00f3n de un trabajador despedido, en respuesta a una medida cautelar impulsada por la Asociaci\u00f3n Sindical de Profesionales de la Salud de la Provincia de Buenos Aires (CICOP). \u201cEs una conducta antisindical y discriminatoria\u201d, denunci\u00f3 el gremio, que acusa al gobierno de avanzar en el vaciamiento de la salud p\u00fablica.<\/p>\n\n\n\n<p><strong>Los despidos comenzaron en julio, con la cesant\u00eda de 90 empleados, y continuaron en octubre con otros 20. Entre los afectados, se encontraba un delegado sindical protegido por tutela gremial, cuyo despido fue calificado como un ataque directo a la organizaci\u00f3n sindical. Seg\u00fan CICOP, la situaci\u00f3n evidencia \u201cla intenci\u00f3n de desarticular la defensa de los derechos laborales de los trabajadores de la salud\u201d.<\/strong><\/p>\n\n\n\n<p>El juzgado de San Mart\u00edn que intervino en la causa determin\u00f3 que el trabajador debe ser reincorporado \u201cen las mismas condiciones laborales en las que se encontraba al momento de disponerse su despido\u201d. La medida fue celebrada por los sindicatos, que ven en este fallo un punto de inflexi\u00f3n. \u201cCelebramos esta resoluci\u00f3n judicial y denunciamos que la ola de despidos en salud forma parte de un plan sistem\u00e1tico de vaciamiento de la salud p\u00fablica\u201d, expres\u00f3 An\u00edbal Aristizabal, secretario General de CICOP.<\/p>\n\n\n\n<p><strong>El delegado afectado llevaba trabajando en el Hospital Posadas desde 2006 y fue notificado de su cese el pasado 17 de octubre. Seg\u00fan Aristizabal, el conflicto a\u00fan est\u00e1 lejos de resolverse y las protestas continuar\u00e1n: \u201cNo descansaremos hasta que todos los trabajadores despedidos sean reincorporados. La salud p\u00fablica no puede estar en venta\u201d.<\/strong><\/p>\n","protected":false},"excerpt":{"rendered":"<p>La Justicia orden&oacute; este jueves la reincorporaci&oacute;n de un empleado que al ser delegado estaba protegido por la tutela gremial. &laquo;No descansaremos hasta que todos los trabajadores despedidos sean reincorporados. La salud p&uacute;blica no puede estar en venta&raquo;, afirm&oacute; el secretario general An&iacute;bal Aristizabal. El Hospital Posadas, uno de los principales centros de salud del &hellip; <\/p>\n","protected":false},"author":5,"featured_media":9017,"comment_status":"closed","ping_status":"closed","sticky":false,"template":"","format":"standard","meta":{"om_disable_all_campaigns":false,"_joinchat":[]},"categories":[7,9,4],"tags":[512,556,264,46,93,263,43],"featured_image_urls":{"full":["https:\/\/infotep.com.ar\/wp-content\/uploads\/2023\/11\/hospital-posadas.jpg",1200,675,false],"thumbnail":["https:\/\/infotep.com.ar\/wp-content\/uploads\/2023\/11\/hospital-posadas-150x150.jpg",150,150,true],"medium":["https:\/\/infotep.com.ar\/wp-content\/uploads\/2023\/11\/hospital-posadas-300x169.jpg",300,169,true],"medium_large":["https:\/\/infotep.com.ar\/wp-content\/uploads\/2023\/11\/hospital-posadas-768x432.jpg",768,432,true],"large":["https:\/\/infotep.com.ar\/wp-content\/uploads\/2023\/11\/hospital-posadas-1024x576.jpg",1020,574,true],"1536x1536":["https:\/\/infotep.com.ar\/wp-content\/uploads\/2023\/11\/hospital-posadas.jpg",1200,675,false],"2048x2048":["https:\/\/infotep.com.ar\/wp-content\/uploads\/2023\/11\/hospital-posadas.jpg",1200,675,false],"blossom-feminine-slider":["https:\/\/infotep.com.ar\/wp-content\/uploads\/2023\/11\/hospital-posadas-1200x649.jpg",1200,649,true],"blossom-feminine-featured":["https:\/\/infotep.com.ar\/wp-content\/uploads\/2023\/11\/hospital-posadas-1200x600.jpg",1200,600,true],"blossom-feminine-with-sidebar":["https:\/\/infotep.com.ar\/wp-content\/uploads\/2023\/11\/hospital-posadas-1020x600.jpg",1020,600,true],"blossom-feminine-blog":["https:\/\/infotep.com.ar\/wp-content\/uploads\/2023\/11\/hospital-posadas-435x435.jpg",435,435,true],"blossom-feminine-cat":["https:\/\/infotep.com.ar\/wp-content\/uploads\/2023\/11\/hospital-posadas-450x300.jpg",450,300,true],"blossom-feminine-related":["https:\/\/infotep.com.ar\/wp-content\/uploads\/2023\/11\/hospital-posadas-320x200.jpg",320,200,true],"blossom-feminine-schema":["https:\/\/infotep.com.ar\/wp-content\/uploads\/2023\/11\/hospital-posadas-107x60.jpg",107,60,true],"blossom-mommy-blog-slider-big":["https:\/\/infotep.com.ar\/wp-content\/uploads\/2023\/11\/hospital-posadas-920x650.jpg",920,650,true],"blossom-mommy-blog-slider":["https:\/\/infotep.com.ar\/wp-content\/uploads\/2023\/11\/hospital-posadas-460x310.jpg",460,310,true],"blossom-mommy-blog-two":["https:\/\/infotep.com.ar\/wp-content\/uploads\/2023\/11\/hospital-posadas-768x480.jpg",768,480,true]},"author_info":{"info":["Angela Tobar"]},"category_info":"<a href=\"https:\/\/infotep.com.ar\/index.php\/category\/gremios\/\" rel=\"category tag\">Gremios<\/a> <a href=\"https:\/\/infotep.com.ar\/index.php\/category\/municipales\/moron\/\" rel=\"category tag\">Mor\u00f3n<\/a> <a href=\"https:\/\/infotep.com.ar\/index.php\/category\/provinciales\/\" rel=\"category tag\">Provinciales<\/a>","tag_info":"Provinciales","comment_count":"0","_links":{"self":[{"href":"https:\/\/infotep.com.ar\/index.php\/wp-json\/wp\/v2\/posts\/18066"}],"collection":[{"href":"https:\/\/infotep.com.ar\/index.php\/wp-json\/wp\/v2\/posts"}],"about":[{"href":"https:\/\/infotep.com.ar\/index.php\/wp-json\/wp\/v2\/types\/post"}],"author":[{"embeddable":true,"href":"https:\/\/infotep.com.ar\/index.php\/wp-json\/wp\/v2\/users\/5"}],"replies":[{"embeddable":true,"href":"https:\/\/infotep.com.ar\/index.php\/wp-json\/wp\/v2\/comments?post=18066"}],"version-history":[{"count":1,"href":"https:\/\/infotep.com.ar\/index.php\/wp-json\/wp\/v2\/posts\/18066\/revisions"}],"predecessor-version":[{"id":18067,"href":"https:\/\/infotep.com.ar\/index.php\/wp-json\/wp\/v2\/posts\/18066\/revisions\/18067"}],"wp:featuredmedia":[{"embeddable":true,"href":"https:\/\/infotep.com.ar\/index.php\/wp-json\/wp\/v2\/media\/9017"}],"wp:attachment":[{"href":"https:\/\/infotep.com.ar\/index.php\/wp-json\/wp\/v2\/media?parent=18066"}],"wp:term":[{"taxonomy":"category","embeddable":true,"href":"https:\/\/infotep.com.ar\/index.php\/wp-json\/wp\/v2\/categories?post=18066"},{"taxonomy":"post_tag","embeddable":true,"href":"https:\/\/infotep.com.ar\/index.php\/wp-json\/wp\/v2\/tags?post=18066"}],"curies":[{"name":"wp","href":"https:\/\/api.w.org\/{rel}","templated":true}]}}