{"id":18251,"date":"2024-11-25T02:24:36","date_gmt":"2024-11-25T05:24:36","guid":{"rendered":"https:\/\/infotep.com.ar\/?p=18251"},"modified":"2024-11-25T02:24:36","modified_gmt":"2024-11-25T05:24:36","slug":"fernando-espinoza-se-hace-urgente-un-cambio-de-rumbo-en-las-decisiones-que-esta-tomando-el-gobierno-nacional","status":"publish","type":"post","link":"https:\/\/infotep.com.ar\/index.php\/2024\/11\/25\/fernando-espinoza-se-hace-urgente-un-cambio-de-rumbo-en-las-decisiones-que-esta-tomando-el-gobierno-nacional\/","title":{"rendered":"Fernando Espinoza: \u201cSe hace urgente un cambio de rumbo en las decisiones que est\u00e1 tomando el Gobierno nacional\u201d"},"content":{"rendered":"\n<p><\/p>\n\n\n\n<p>El intendente de La Matanza y presidente de la Federaci\u00f3n Argentina de Municipios, Fernando Espinoza, e intendentes del conurbano bonaerense, se reunieron con representantes de las dos CTA, frente a la cr\u00edtica situaci\u00f3n social y econ\u00f3mica del pa\u00eds.<\/p>\n\n\n\n<p>Despu\u00e9s del encuentro, que tuvo lugar en la sede de la Federaci\u00f3n Argentina de Municipios (FAM), Fernando Espinoza expres\u00f3 <em>\u201cSe hace urgente un cambio de rumbo en las decisiones pol\u00edticas, econ\u00f3micas y sociales que est\u00e1 tomando el Gobierno nacional\u201d<\/em>, y agreg\u00f3: <em>\u201cEste brutal ajuste golpea cada vez m\u00e1s a las argentinas y argentinos, que d\u00eda a d\u00eda pierden la esperanza de una mejora en su calidad de vida\u201d<\/em>.<\/p>\n\n\n\n<p><em>\u201cSiempre vamos a estar junto a nuestras trabajadoras y trabajadores, por eso seguiremos acompa\u00f1ando a todos los sectores representativos de nuestro pa\u00eds para buscar las mejores soluciones que garanticen el bienestar de todas y todos\u201d<\/em>, concluy\u00f3.<\/p>\n\n\n\n<p>Participaron de la reuni\u00f3n el secretario general de la Central de los Trabajadores, Hugo Yasky; el secretario general de la CTA Aut\u00f3noma, Hugo Cachorro Godoy; el secretario general de la CTA-A de la provincia, Oscar Colo de Isasi; el ministro de Infraestructura y Servicios P\u00fablicos de la Provincia, Gabriel Katopodis; el diputado nacional, Julio Pereyra; el intendente de Ezeiza, Gast\u00f3n Granados; el intendente de Ensenada, Mario Secco; el intendente de Berisso, Fabi\u00e1n Cagliari; el intendente de Almirante Brown, Mariano Cascallares; el intendente de La Plata, Julio Alak; el intendente de Florencio Varela, Andr\u00e9s Watson, entre otros.<\/p>\n","protected":false},"excerpt":{"rendered":"<p>El intendente de La Matanza y presidente de la Federaci&oacute;n Argentina de Municipios, Fernando Espinoza, e intendentes del conurbano bonaerense, se reunieron con representantes de las dos CTA, frente a la cr&iacute;tica situaci&oacute;n social y econ&oacute;mica del pa&iacute;s. Despu&eacute;s del encuentro, que tuvo lugar en la sede de la Federaci&oacute;n Argentina de Municipios (FAM), Fernando &hellip; <\/p>\n","protected":false},"author":5,"featured_media":18255,"comment_status":"closed","ping_status":"closed","sticky":false,"template":"","format":"standard","meta":{"om_disable_all_campaigns":false,"_joinchat":[]},"categories":[26],"tags":[60,46,59,43],"featured_image_urls":{"full":["https:\/\/infotep.com.ar\/wp-content\/uploads\/2024\/11\/54b381b5-2b6a-4488-b269-330db3227be1.jpg",1600,1066,false],"thumbnail":["https:\/\/infotep.com.ar\/wp-content\/uploads\/2024\/11\/54b381b5-2b6a-4488-b269-330db3227be1-150x150.jpg",150,150,true],"medium":["https:\/\/infotep.com.ar\/wp-content\/uploads\/2024\/11\/54b381b5-2b6a-4488-b269-330db3227be1-300x200.jpg",300,200,true],"medium_large":["https:\/\/infotep.com.ar\/wp-content\/uploads\/2024\/11\/54b381b5-2b6a-4488-b269-330db3227be1-768x512.jpg",768,512,true],"large":["https:\/\/infotep.com.ar\/wp-content\/uploads\/2024\/11\/54b381b5-2b6a-4488-b269-330db3227be1-1024x682.jpg",1020,679,true],"1536x1536":["https:\/\/infotep.com.ar\/wp-content\/uploads\/2024\/11\/54b381b5-2b6a-4488-b269-330db3227be1-1536x1023.jpg",1536,1023,true],"2048x2048":["https:\/\/infotep.com.ar\/wp-content\/uploads\/2024\/11\/54b381b5-2b6a-4488-b269-330db3227be1.jpg",1600,1066,false],"blossom-feminine-slider":["https:\/\/infotep.com.ar\/wp-content\/uploads\/2024\/11\/54b381b5-2b6a-4488-b269-330db3227be1-1600x649.jpg",1600,649,true],"blossom-feminine-featured":["https:\/\/infotep.com.ar\/wp-content\/uploads\/2024\/11\/54b381b5-2b6a-4488-b269-330db3227be1-1410x600.jpg",1410,600,true],"blossom-feminine-with-sidebar":["https:\/\/infotep.com.ar\/wp-content\/uploads\/2024\/11\/54b381b5-2b6a-4488-b269-330db3227be1-1020x600.jpg",1020,600,true],"blossom-feminine-blog":["https:\/\/infotep.com.ar\/wp-content\/uploads\/2024\/11\/54b381b5-2b6a-4488-b269-330db3227be1-435x435.jpg",435,435,true],"blossom-feminine-cat":["https:\/\/infotep.com.ar\/wp-content\/uploads\/2024\/11\/54b381b5-2b6a-4488-b269-330db3227be1-450x300.jpg",450,300,true],"blossom-feminine-related":["https:\/\/infotep.com.ar\/wp-content\/uploads\/2024\/11\/54b381b5-2b6a-4488-b269-330db3227be1-320x200.jpg",320,200,true],"blossom-feminine-schema":["https:\/\/infotep.com.ar\/wp-content\/uploads\/2024\/11\/54b381b5-2b6a-4488-b269-330db3227be1-90x60.jpg",90,60,true],"blossom-mommy-blog-slider-big":["https:\/\/infotep.com.ar\/wp-content\/uploads\/2024\/11\/54b381b5-2b6a-4488-b269-330db3227be1-920x650.jpg",920,650,true],"blossom-mommy-blog-slider":["https:\/\/infotep.com.ar\/wp-content\/uploads\/2024\/11\/54b381b5-2b6a-4488-b269-330db3227be1-460x310.jpg",460,310,true],"blossom-mommy-blog-two":["https:\/\/infotep.com.ar\/wp-content\/uploads\/2024\/11\/54b381b5-2b6a-4488-b269-330db3227be1-768x480.jpg",768,480,true]},"author_info":{"info":["Angela Tobar"]},"category_info":"<a href=\"https:\/\/infotep.com.ar\/index.php\/category\/municipales\/la-matanza\/\" rel=\"category tag\">La Matanza<\/a>","tag_info":"La Matanza","comment_count":"0","_links":{"self":[{"href":"https:\/\/infotep.com.ar\/index.php\/wp-json\/wp\/v2\/posts\/18251"}],"collection":[{"href":"https:\/\/infotep.com.ar\/index.php\/wp-json\/wp\/v2\/posts"}],"about":[{"href":"https:\/\/infotep.com.ar\/index.php\/wp-json\/wp\/v2\/types\/post"}],"author":[{"embeddable":true,"href":"https:\/\/infotep.com.ar\/index.php\/wp-json\/wp\/v2\/users\/5"}],"replies":[{"embeddable":true,"href":"https:\/\/infotep.com.ar\/index.php\/wp-json\/wp\/v2\/comments?post=18251"}],"version-history":[{"count":1,"href":"https:\/\/infotep.com.ar\/index.php\/wp-json\/wp\/v2\/posts\/18251\/revisions"}],"predecessor-version":[{"id":18256,"href":"https:\/\/infotep.com.ar\/index.php\/wp-json\/wp\/v2\/posts\/18251\/revisions\/18256"}],"wp:featuredmedia":[{"embeddable":true,"href":"https:\/\/infotep.com.ar\/index.php\/wp-json\/wp\/v2\/media\/18255"}],"wp:attachment":[{"href":"https:\/\/infotep.com.ar\/index.php\/wp-json\/wp\/v2\/media?parent=18251"}],"wp:term":[{"taxonomy":"category","embeddable":true,"href":"https:\/\/infotep.com.ar\/index.php\/wp-json\/wp\/v2\/categories?post=18251"},{"taxonomy":"post_tag","embeddable":true,"href":"https:\/\/infotep.com.ar\/index.php\/wp-json\/wp\/v2\/tags?post=18251"}],"curies":[{"name":"wp","href":"https:\/\/api.w.org\/{rel}","templated":true}]}}