{"id":18260,"date":"2024-11-25T19:39:29","date_gmt":"2024-11-25T22:39:29","guid":{"rendered":"https:\/\/infotep.com.ar\/?p=18260"},"modified":"2024-11-25T19:39:30","modified_gmt":"2024-11-25T22:39:30","slug":"se-licita-la-finalizacion-de-la-estacion-ramos-mejia","status":"publish","type":"post","link":"https:\/\/infotep.com.ar\/index.php\/2024\/11\/25\/se-licita-la-finalizacion-de-la-estacion-ramos-mejia\/","title":{"rendered":"Se licita la finalizaci\u00f3n de la estaci\u00f3n Ramos Mej\u00eda"},"content":{"rendered":"\n<p>Como parte de las obras definidas en el plan de acci\u00f3n de la Emergencia Ferroviaria, este lunes se public\u00f3 en el Bolet\u00edn Oficial la licitaci\u00f3n p\u00fablica para avanzar con la finalizaci\u00f3n del and\u00e9n central de la estaci\u00f3n Ramos Mej\u00eda.<br><br>La obra ser\u00e1 realizada por Trenes Argentinos Infraestructura, dependiente de la Secretar\u00eda de Transporte del Ministerio de Econom\u00eda, y contempla la ejecuci\u00f3n del and\u00e9n central, que se suma a los dos andenes laterales donde hoy opera el servicio.<\/p>\n\n\n\n<p>La intervenci\u00f3n permitir\u00e1 la circulaci\u00f3n de formaciones por las v\u00edas centrales, permitiendo optimizar la operaci\u00f3n al no tener que realizar cambios de v\u00edas en el tramo entre Haedo y Liniers. Adem\u00e1s, al circular por las v\u00edas internas se reduce la posibilidad de accidentes vehiculares en los pasos a nivel donde, muchas veces, los autos se asoman para ver si viene el tren y son impactados.<\/p>\n\n\n\n<p>La obra comprende tambi\u00e9n nuevos accesos, servicios y seguridad para los pasajeros. En esa misma l\u00ednea, se finalizar\u00e1n los trabajos que quedaron inconclusos en la restauraci\u00f3n del edificio de estaci\u00f3n, boleter\u00eda, hall y centro de atenci\u00f3n al pasajero.<\/p>\n\n\n\n<p>Tambi\u00e9n se intervendr\u00e1 el paso bajo nivel peatonal existente, completando la escalera de acceso hacia el and\u00e9n central y las salas de tableros.<\/p>\n\n\n\n<p>De esta forma, se podr\u00e1 mejorar las condiciones de seguridad operativa y garantizar m\u00e1s seguridad a los usuarios del servicio ferroviario de pasajeros en la l\u00ednea Sarmiento.<\/p>\n","protected":false},"excerpt":{"rendered":"<p>Como parte de las obras definidas en el plan de acci&oacute;n de la Emergencia Ferroviaria, este lunes se public&oacute; en el Bolet&iacute;n Oficial la licitaci&oacute;n p&uacute;blica para avanzar con la finalizaci&oacute;n del and&eacute;n central de la estaci&oacute;n Ramos Mej&iacute;a. La obra ser&aacute; realizada por Trenes Argentinos Infraestructura, dependiente de la Secretar&iacute;a de Transporte del Ministerio &hellip; <\/p>\n","protected":false},"author":5,"featured_media":18261,"comment_status":"closed","ping_status":"closed","sticky":false,"template":"","format":"standard","meta":{"om_disable_all_campaigns":false,"_joinchat":[]},"categories":[31,26],"tags":[46],"featured_image_urls":{"full":["https:\/\/infotep.com.ar\/wp-content\/uploads\/2024\/11\/720-1-2.webp",983,720,false],"thumbnail":["https:\/\/infotep.com.ar\/wp-content\/uploads\/2024\/11\/720-1-2-150x150.webp",150,150,true],"medium":["https:\/\/infotep.com.ar\/wp-content\/uploads\/2024\/11\/720-1-2-300x220.webp",300,220,true],"medium_large":["https:\/\/infotep.com.ar\/wp-content\/uploads\/2024\/11\/720-1-2-768x563.webp",768,563,true],"large":["https:\/\/infotep.com.ar\/wp-content\/uploads\/2024\/11\/720-1-2.webp",983,720,false],"1536x1536":["https:\/\/infotep.com.ar\/wp-content\/uploads\/2024\/11\/720-1-2.webp",983,720,false],"2048x2048":["https:\/\/infotep.com.ar\/wp-content\/uploads\/2024\/11\/720-1-2.webp",983,720,false],"blossom-feminine-slider":["https:\/\/infotep.com.ar\/wp-content\/uploads\/2024\/11\/720-1-2-983x649.webp",983,649,true],"blossom-feminine-featured":["https:\/\/infotep.com.ar\/wp-content\/uploads\/2024\/11\/720-1-2-983x600.webp",983,600,true],"blossom-feminine-with-sidebar":["https:\/\/infotep.com.ar\/wp-content\/uploads\/2024\/11\/720-1-2-983x600.webp",983,600,true],"blossom-feminine-blog":["https:\/\/infotep.com.ar\/wp-content\/uploads\/2024\/11\/720-1-2-435x435.webp",435,435,true],"blossom-feminine-cat":["https:\/\/infotep.com.ar\/wp-content\/uploads\/2024\/11\/720-1-2-450x300.webp",450,300,true],"blossom-feminine-related":["https:\/\/infotep.com.ar\/wp-content\/uploads\/2024\/11\/720-1-2-320x200.webp",320,200,true],"blossom-feminine-schema":["https:\/\/infotep.com.ar\/wp-content\/uploads\/2024\/11\/720-1-2-82x60.webp",82,60,true],"blossom-mommy-blog-slider-big":["https:\/\/infotep.com.ar\/wp-content\/uploads\/2024\/11\/720-1-2-920x650.webp",920,650,true],"blossom-mommy-blog-slider":["https:\/\/infotep.com.ar\/wp-content\/uploads\/2024\/11\/720-1-2-460x310.webp",460,310,true],"blossom-mommy-blog-two":["https:\/\/infotep.com.ar\/wp-content\/uploads\/2024\/11\/720-1-2-768x480.webp",768,480,true]},"author_info":{"info":["Angela Tobar"]},"category_info":"<a href=\"https:\/\/infotep.com.ar\/index.php\/category\/destacadas\/\" rel=\"category tag\">Destacadas<\/a> <a href=\"https:\/\/infotep.com.ar\/index.php\/category\/municipales\/la-matanza\/\" rel=\"category tag\">La Matanza<\/a>","tag_info":"La Matanza","comment_count":"0","_links":{"self":[{"href":"https:\/\/infotep.com.ar\/index.php\/wp-json\/wp\/v2\/posts\/18260"}],"collection":[{"href":"https:\/\/infotep.com.ar\/index.php\/wp-json\/wp\/v2\/posts"}],"about":[{"href":"https:\/\/infotep.com.ar\/index.php\/wp-json\/wp\/v2\/types\/post"}],"author":[{"embeddable":true,"href":"https:\/\/infotep.com.ar\/index.php\/wp-json\/wp\/v2\/users\/5"}],"replies":[{"embeddable":true,"href":"https:\/\/infotep.com.ar\/index.php\/wp-json\/wp\/v2\/comments?post=18260"}],"version-history":[{"count":1,"href":"https:\/\/infotep.com.ar\/index.php\/wp-json\/wp\/v2\/posts\/18260\/revisions"}],"predecessor-version":[{"id":18262,"href":"https:\/\/infotep.com.ar\/index.php\/wp-json\/wp\/v2\/posts\/18260\/revisions\/18262"}],"wp:featuredmedia":[{"embeddable":true,"href":"https:\/\/infotep.com.ar\/index.php\/wp-json\/wp\/v2\/media\/18261"}],"wp:attachment":[{"href":"https:\/\/infotep.com.ar\/index.php\/wp-json\/wp\/v2\/media?parent=18260"}],"wp:term":[{"taxonomy":"category","embeddable":true,"href":"https:\/\/infotep.com.ar\/index.php\/wp-json\/wp\/v2\/categories?post=18260"},{"taxonomy":"post_tag","embeddable":true,"href":"https:\/\/infotep.com.ar\/index.php\/wp-json\/wp\/v2\/tags?post=18260"}],"curies":[{"name":"wp","href":"https:\/\/api.w.org\/{rel}","templated":true}]}}