{"id":18304,"date":"2024-11-27T14:28:57","date_gmt":"2024-11-27T17:28:57","guid":{"rendered":"https:\/\/infotep.com.ar\/?p=18304"},"modified":"2024-11-27T14:28:57","modified_gmt":"2024-11-27T17:28:57","slug":"el-gobierno-bonaerense-transfirio-38-mil-millones-de-pesos-a-los-municipios","status":"publish","type":"post","link":"https:\/\/infotep.com.ar\/index.php\/2024\/11\/27\/el-gobierno-bonaerense-transfirio-38-mil-millones-de-pesos-a-los-municipios\/","title":{"rendered":"El Gobierno bonaerense transfiri\u00f3 38 mil millones de pesos a los municipios"},"content":{"rendered":"\n<p>Se trata de la \u00faltima cuota del Fondo de Fortalecimiento Fiscal Municipal<br><br>El Gobierno de la provincia de Buenos Aires transfiri\u00f3 hoy 38.419 millones de pesos a los 135 municipios bonaerenses. Se trata de la \u00faltima cuota del Fondo de Fortalecimiento Fiscal Municipal creado por la Ley N\u00ba 15.480, sancionada en diciembre de 2023.<\/p>\n\n\n\n<p>En un comunicado, el Gobierno provincial se\u00f1al\u00f3 que, a lo largo de 2024 se transfirieron m\u00e1s de 125 mil millones de pesos a los 135 municipios bonaerenses.<\/p>\n\n\n\n<p>Este fondo contribuye &#8220;de manera sustancial a atenuar la ca\u00edda de recursos sufrida por los gobiernos locales producto de la fuerte recesi\u00f3n por la que atraviesa la econom\u00eda; y posibilitando a su vez seguir garantizando respuestas a las necesidades de las y los bonaerenses&#8221;.<\/p>\n\n\n\n<p>&#8220;A pesar del contexto de recorte de transferencias obligatorias no autom\u00e1ticas por parte del Gobierno nacional, y de la ca\u00edda de recursos tributarios producto de la recesi\u00f3n que tambi\u00e9n sufri\u00f3 el Estado provincial, el Gobierno bonaerense mantiene su voluntad y compromiso con el cumplimiento de las obligaciones que tiene con los 135 municipios&#8221;, concluy\u00f3.<\/p>\n","protected":false},"excerpt":{"rendered":"<p>Se trata de la &uacute;ltima cuota del Fondo de Fortalecimiento Fiscal Municipal El Gobierno de la provincia de Buenos Aires transfiri&oacute; hoy 38.419 millones de pesos a los 135 municipios bonaerenses. Se trata de la &uacute;ltima cuota del Fondo de Fortalecimiento Fiscal Municipal creado por la Ley N&ordm; 15.480, sancionada en diciembre de 2023. En &hellip; <\/p>\n","protected":false},"author":5,"featured_media":14007,"comment_status":"closed","ping_status":"closed","sticky":false,"template":"","format":"standard","meta":{"om_disable_all_campaigns":false,"_joinchat":[]},"categories":[31,4],"tags":[46,43],"featured_image_urls":{"full":["https:\/\/infotep.com.ar\/wp-content\/uploads\/2024\/06\/kicillof-2.webp",1173,720,false],"thumbnail":["https:\/\/infotep.com.ar\/wp-content\/uploads\/2024\/06\/kicillof-2-150x150.webp",150,150,true],"medium":["https:\/\/infotep.com.ar\/wp-content\/uploads\/2024\/06\/kicillof-2-300x184.webp",300,184,true],"medium_large":["https:\/\/infotep.com.ar\/wp-content\/uploads\/2024\/06\/kicillof-2-768x471.webp",768,471,true],"large":["https:\/\/infotep.com.ar\/wp-content\/uploads\/2024\/06\/kicillof-2-1024x629.webp",1020,627,true],"1536x1536":["https:\/\/infotep.com.ar\/wp-content\/uploads\/2024\/06\/kicillof-2.webp",1173,720,false],"2048x2048":["https:\/\/infotep.com.ar\/wp-content\/uploads\/2024\/06\/kicillof-2.webp",1173,720,false],"blossom-feminine-slider":["https:\/\/infotep.com.ar\/wp-content\/uploads\/2024\/06\/kicillof-2-1173x649.webp",1173,649,true],"blossom-feminine-featured":["https:\/\/infotep.com.ar\/wp-content\/uploads\/2024\/06\/kicillof-2-1173x600.webp",1173,600,true],"blossom-feminine-with-sidebar":["https:\/\/infotep.com.ar\/wp-content\/uploads\/2024\/06\/kicillof-2-1020x600.webp",1020,600,true],"blossom-feminine-blog":["https:\/\/infotep.com.ar\/wp-content\/uploads\/2024\/06\/kicillof-2-435x435.webp",435,435,true],"blossom-feminine-cat":["https:\/\/infotep.com.ar\/wp-content\/uploads\/2024\/06\/kicillof-2-450x300.webp",450,300,true],"blossom-feminine-related":["https:\/\/infotep.com.ar\/wp-content\/uploads\/2024\/06\/kicillof-2-320x200.webp",320,200,true],"blossom-feminine-schema":["https:\/\/infotep.com.ar\/wp-content\/uploads\/2024\/06\/kicillof-2-98x60.webp",98,60,true],"blossom-mommy-blog-slider-big":["https:\/\/infotep.com.ar\/wp-content\/uploads\/2024\/06\/kicillof-2-920x650.webp",920,650,true],"blossom-mommy-blog-slider":["https:\/\/infotep.com.ar\/wp-content\/uploads\/2024\/06\/kicillof-2-460x310.webp",460,310,true],"blossom-mommy-blog-two":["https:\/\/infotep.com.ar\/wp-content\/uploads\/2024\/06\/kicillof-2-768x480.webp",768,480,true]},"author_info":{"info":["Angela Tobar"]},"category_info":"<a href=\"https:\/\/infotep.com.ar\/index.php\/category\/destacadas\/\" rel=\"category tag\">Destacadas<\/a> <a href=\"https:\/\/infotep.com.ar\/index.php\/category\/provinciales\/\" rel=\"category tag\">Provinciales<\/a>","tag_info":"Provinciales","comment_count":"0","_links":{"self":[{"href":"https:\/\/infotep.com.ar\/index.php\/wp-json\/wp\/v2\/posts\/18304"}],"collection":[{"href":"https:\/\/infotep.com.ar\/index.php\/wp-json\/wp\/v2\/posts"}],"about":[{"href":"https:\/\/infotep.com.ar\/index.php\/wp-json\/wp\/v2\/types\/post"}],"author":[{"embeddable":true,"href":"https:\/\/infotep.com.ar\/index.php\/wp-json\/wp\/v2\/users\/5"}],"replies":[{"embeddable":true,"href":"https:\/\/infotep.com.ar\/index.php\/wp-json\/wp\/v2\/comments?post=18304"}],"version-history":[{"count":1,"href":"https:\/\/infotep.com.ar\/index.php\/wp-json\/wp\/v2\/posts\/18304\/revisions"}],"predecessor-version":[{"id":18305,"href":"https:\/\/infotep.com.ar\/index.php\/wp-json\/wp\/v2\/posts\/18304\/revisions\/18305"}],"wp:featuredmedia":[{"embeddable":true,"href":"https:\/\/infotep.com.ar\/index.php\/wp-json\/wp\/v2\/media\/14007"}],"wp:attachment":[{"href":"https:\/\/infotep.com.ar\/index.php\/wp-json\/wp\/v2\/media?parent=18304"}],"wp:term":[{"taxonomy":"category","embeddable":true,"href":"https:\/\/infotep.com.ar\/index.php\/wp-json\/wp\/v2\/categories?post=18304"},{"taxonomy":"post_tag","embeddable":true,"href":"https:\/\/infotep.com.ar\/index.php\/wp-json\/wp\/v2\/tags?post=18304"}],"curies":[{"name":"wp","href":"https:\/\/api.w.org\/{rel}","templated":true}]}}