{"id":18393,"date":"2024-11-29T09:49:26","date_gmt":"2024-11-29T12:49:26","guid":{"rendered":"https:\/\/infotep.com.ar\/?p=18393"},"modified":"2024-11-29T09:49:27","modified_gmt":"2024-11-29T12:49:27","slug":"enfermeros-de-la-ciudad-fueron-reprimidos-durante-una-movilizacion-gremial","status":"publish","type":"post","link":"https:\/\/infotep.com.ar\/index.php\/2024\/11\/29\/enfermeros-de-la-ciudad-fueron-reprimidos-durante-una-movilizacion-gremial\/","title":{"rendered":"Enfermeros de la Ciudad fueron reprimidos durante una movilizaci\u00f3n gremial"},"content":{"rendered":"\n<p>H\u00e9ctor Ortiz, dirigente de la agrupaci\u00f3n Hospitales de la Ciudad, denunci\u00f3 que los trabajadores de la salud recibieron &#8220;golpes&#8221; por parte de las fuerzas de seguridad.<br><br>Enfermeros de hospitales porte\u00f1os fueron reprimidos durante una vigilia y movilizaci\u00f3n a la Legislatura porte\u00f1a para reclamar la sanci\u00f3n de la ley que incluye a la actividad dentro del escalaf\u00f3n del profesional de la salud.<\/p>\n\n\n\n<p><strong>&#8220;No s\u00f3lo no se aprob\u00f3 la inclusi\u00f3n de la carrera 6035, sino que vienen los golpes y la represi\u00f3n. La enfermer\u00eda vive un momento desagradable&#8221;, expres\u00f3 H\u00e9ctor Ortiz, dirigente de la agrupaci\u00f3n Hospitales de la Ciudad, nucleada en ATE, en declaraciones a la Agencia Noticias Argentinas.<\/strong><\/p>\n\n\n\n<p>El representante de los trabajadores de nosocomios p\u00fablicos porte\u00f1os se\u00f1al\u00f3 que &#8220;se aprob\u00f3 una ley inventada por el Gobierno de la Ciudad, en la cual no nos incluyen como profesionales ni nos pagan como tales&#8221;.<\/p>\n\n\n\n<p class=\"has-light-green-cyan-background-color has-background\">Por su parte, desde la Asociaci\u00f3n de Licenciadas en Enfermer\u00eda (ALE) denunciaron que hubo &#8220;compra de votos para bloquear el proyecto&#8221; y alertaron por el &#8220;fuerte operativo represivo que incluy\u00f3 gas pimienta y palazos a enfermeras y enfermeros&#8221;, seg\u00fan indicaron en un comunicado de prensa.<\/p>\n\n\n\n<p>La protesta fue impulsada por ATE y consisti\u00f3 en un paro de 24 horas no s\u00f3lo en hospitales p\u00fablicos de la Ciudad sino tambi\u00e9n en los Centros de Salud y Acci\u00f3n Comunitaria (CeSAC).<\/p>\n\n\n\n<p>El sector reclama el tratamiento &#8220;inmediato&#8221; del proyecto de inclusi\u00f3n de la actividad en la ley 6035, que nuclea a los profesionales de la salud, adem\u00e1s de la igualdad de carga horaria con los dem\u00e1s trabajadores de ese \u00e1mbito y el 90 por ciento del sueldo de la categor\u00eda de ingreso a la carrera profesional.<\/p>\n\n\n\n<p>Desde ATE exigen terminar &#8220;con la modalidad punitiva de la evaluaci\u00f3n por desempe\u00f1o&#8221; y que los enfermeros sean enrolados en las &#8220;estructuras profesionales y no dentro del escalaf\u00f3n general&#8221;.<\/p>\n\n\n\n<p>El frustrado proyecto impulsado por ATE y los enfermeros de la Ciudad preve\u00eda &#8220;el 2X1 en beneficio por el trabajo realizado en pandemia&#8221; y el reconocimiento de &#8220;la especialidad, actividad cr\u00edtica y la insalubridad en los servicios de \u00e1reas cerradas&#8221;, adem\u00e1s de proponer que en la guardia de enfermer\u00eda se reconozcan las horas de recargo en los d\u00edas no laborables y feriados<\/p>\n","protected":false},"excerpt":{"rendered":"<p>H&eacute;ctor Ortiz, dirigente de la agrupaci&oacute;n Hospitales de la Ciudad, denunci&oacute; que los trabajadores de la salud recibieron &ldquo;golpes&rdquo; por parte de las fuerzas de seguridad. Enfermeros de hospitales porte&ntilde;os fueron reprimidos durante una vigilia y movilizaci&oacute;n a la Legislatura porte&ntilde;a para reclamar la sanci&oacute;n de la ley que incluye a la actividad dentro del &hellip; <\/p>\n","protected":false},"author":5,"featured_media":18394,"comment_status":"closed","ping_status":"closed","sticky":false,"template":"","format":"standard","meta":{"om_disable_all_campaigns":false,"_joinchat":[]},"categories":[7,4],"tags":[568,46,567,43],"featured_image_urls":{"full":["https:\/\/infotep.com.ar\/wp-content\/uploads\/2024\/11\/represion-milei.webp",1080,720,false],"thumbnail":["https:\/\/infotep.com.ar\/wp-content\/uploads\/2024\/11\/represion-milei-150x150.webp",150,150,true],"medium":["https:\/\/infotep.com.ar\/wp-content\/uploads\/2024\/11\/represion-milei-300x200.webp",300,200,true],"medium_large":["https:\/\/infotep.com.ar\/wp-content\/uploads\/2024\/11\/represion-milei-768x512.webp",768,512,true],"large":["https:\/\/infotep.com.ar\/wp-content\/uploads\/2024\/11\/represion-milei-1024x683.webp",1020,680,true],"1536x1536":["https:\/\/infotep.com.ar\/wp-content\/uploads\/2024\/11\/represion-milei.webp",1080,720,false],"2048x2048":["https:\/\/infotep.com.ar\/wp-content\/uploads\/2024\/11\/represion-milei.webp",1080,720,false],"blossom-feminine-slider":["https:\/\/infotep.com.ar\/wp-content\/uploads\/2024\/11\/represion-milei-1080x649.webp",1080,649,true],"blossom-feminine-featured":["https:\/\/infotep.com.ar\/wp-content\/uploads\/2024\/11\/represion-milei-1080x600.webp",1080,600,true],"blossom-feminine-with-sidebar":["https:\/\/infotep.com.ar\/wp-content\/uploads\/2024\/11\/represion-milei-1020x600.webp",1020,600,true],"blossom-feminine-blog":["https:\/\/infotep.com.ar\/wp-content\/uploads\/2024\/11\/represion-milei-435x435.webp",435,435,true],"blossom-feminine-cat":["https:\/\/infotep.com.ar\/wp-content\/uploads\/2024\/11\/represion-milei-450x300.webp",450,300,true],"blossom-feminine-related":["https:\/\/infotep.com.ar\/wp-content\/uploads\/2024\/11\/represion-milei-320x200.webp",320,200,true],"blossom-feminine-schema":["https:\/\/infotep.com.ar\/wp-content\/uploads\/2024\/11\/represion-milei-90x60.webp",90,60,true],"blossom-mommy-blog-slider-big":["https:\/\/infotep.com.ar\/wp-content\/uploads\/2024\/11\/represion-milei-920x650.webp",920,650,true],"blossom-mommy-blog-slider":["https:\/\/infotep.com.ar\/wp-content\/uploads\/2024\/11\/represion-milei-460x310.webp",460,310,true],"blossom-mommy-blog-two":["https:\/\/infotep.com.ar\/wp-content\/uploads\/2024\/11\/represion-milei-768x480.webp",768,480,true]},"author_info":{"info":["Angela Tobar"]},"category_info":"<a href=\"https:\/\/infotep.com.ar\/index.php\/category\/gremios\/\" rel=\"category tag\">Gremios<\/a> <a href=\"https:\/\/infotep.com.ar\/index.php\/category\/provinciales\/\" rel=\"category tag\">Provinciales<\/a>","tag_info":"Provinciales","comment_count":"0","_links":{"self":[{"href":"https:\/\/infotep.com.ar\/index.php\/wp-json\/wp\/v2\/posts\/18393"}],"collection":[{"href":"https:\/\/infotep.com.ar\/index.php\/wp-json\/wp\/v2\/posts"}],"about":[{"href":"https:\/\/infotep.com.ar\/index.php\/wp-json\/wp\/v2\/types\/post"}],"author":[{"embeddable":true,"href":"https:\/\/infotep.com.ar\/index.php\/wp-json\/wp\/v2\/users\/5"}],"replies":[{"embeddable":true,"href":"https:\/\/infotep.com.ar\/index.php\/wp-json\/wp\/v2\/comments?post=18393"}],"version-history":[{"count":1,"href":"https:\/\/infotep.com.ar\/index.php\/wp-json\/wp\/v2\/posts\/18393\/revisions"}],"predecessor-version":[{"id":18395,"href":"https:\/\/infotep.com.ar\/index.php\/wp-json\/wp\/v2\/posts\/18393\/revisions\/18395"}],"wp:featuredmedia":[{"embeddable":true,"href":"https:\/\/infotep.com.ar\/index.php\/wp-json\/wp\/v2\/media\/18394"}],"wp:attachment":[{"href":"https:\/\/infotep.com.ar\/index.php\/wp-json\/wp\/v2\/media?parent=18393"}],"wp:term":[{"taxonomy":"category","embeddable":true,"href":"https:\/\/infotep.com.ar\/index.php\/wp-json\/wp\/v2\/categories?post=18393"},{"taxonomy":"post_tag","embeddable":true,"href":"https:\/\/infotep.com.ar\/index.php\/wp-json\/wp\/v2\/tags?post=18393"}],"curies":[{"name":"wp","href":"https:\/\/api.w.org\/{rel}","templated":true}]}}