{"id":18426,"date":"2024-11-29T06:39:00","date_gmt":"2024-11-29T09:39:00","guid":{"rendered":"https:\/\/infotep.com.ar\/?p=18426"},"modified":"2024-11-29T10:40:40","modified_gmt":"2024-11-29T13:40:40","slug":"centro-regional-universitario-de-ituzaingo-firmo-un-convenio-con-la-universidad-nacional-del-delta","status":"publish","type":"post","link":"https:\/\/infotep.com.ar\/index.php\/2024\/11\/29\/centro-regional-universitario-de-ituzaingo-firmo-un-convenio-con-la-universidad-nacional-del-delta\/","title":{"rendered":"Centro Regional Universitario de Ituzaing\u00f3 firm\u00f3 un convenio con la Universidad Nacional del Delta"},"content":{"rendered":"\n<p><br>El intendente municipal, Pablo Descalzo, la directora ejecutiva del Centro Regional Universitario de Ituzaing\u00f3 Rita Sale, junto con la rectora de la Universidad Nacional del Delta, Silvia Carolina Far\u00edas firmaron un convenio marco de cooperaci\u00f3n, para fortalecer lazos entre esa casa de estudios superiores y el Centro Regional Universitario de Ituzaing\u00f3.<\/p>\n\n\n\n<p><strong>Este acuerdo permitir\u00e1 desarrollar programas y proyectos acad\u00e9micos, cient\u00edficos y de investigaci\u00f3n, enfocando la tarea en \u00e1reas estrat\u00e9gicas para el distrito y la regi\u00f3n. En este aspecto, el trabajo conjunto contribuir\u00e1 al avance del conocimiento, consolidando una sinergia que beneficiar\u00e1 tanto al \u00e1mbito acad\u00e9mico como al social.<\/strong><\/p>\n\n\n\n<p>Tras la firma del convenio marco de cooperaci\u00f3n, Pablo Descalzo destac\u00f3: \u201cEn Ituzaing\u00f3 queremos que nuestros vecinos y los de la regi\u00f3n puedan vivir, trabajar y estudiar, cerca de sus barrios, de sus hogares y de sus afectos y, en este sentido, aumentar la oferta acad\u00e9mica de calidad es renovar ese objetivo y siempre ir por m\u00e1s\u201d. Y agreg\u00f3: \u201cEste es el camino que queremos seguir recorriendo, porque sin oportunidades no hay libertad, y las oportunidades las debe garantizar el Estado, construyendo un futuro m\u00e1s inclusivo, en este caso, por ejemplo, con propuestas universitarias, para todos y todas\u201d.<\/p>\n","protected":false},"excerpt":{"rendered":"<p>El intendente municipal, Pablo Descalzo, la directora ejecutiva del Centro Regional Universitario de Ituzaing&oacute; Rita Sale, junto con la rectora de la Universidad Nacional del Delta, Silvia Carolina Far&iacute;as firmaron un convenio marco de cooperaci&oacute;n, para fortalecer lazos entre esa casa de estudios superiores y el Centro Regional Universitario de Ituzaing&oacute;. Este acuerdo permitir&aacute; desarrollar &hellip; <\/p>\n","protected":false},"author":5,"featured_media":18427,"comment_status":"closed","ping_status":"closed","sticky":false,"template":"","format":"standard","meta":{"om_disable_all_campaigns":false,"_joinchat":[]},"categories":[6],"tags":[46,43],"featured_image_urls":{"full":["https:\/\/infotep.com.ar\/wp-content\/uploads\/2024\/11\/CRUI-UND.jpeg",2560,1706,false],"thumbnail":["https:\/\/infotep.com.ar\/wp-content\/uploads\/2024\/11\/CRUI-UND-150x150.jpeg",150,150,true],"medium":["https:\/\/infotep.com.ar\/wp-content\/uploads\/2024\/11\/CRUI-UND-300x200.jpeg",300,200,true],"medium_large":["https:\/\/infotep.com.ar\/wp-content\/uploads\/2024\/11\/CRUI-UND-768x512.jpeg",768,512,true],"large":["https:\/\/infotep.com.ar\/wp-content\/uploads\/2024\/11\/CRUI-UND-1024x682.jpeg",1020,679,true],"1536x1536":["https:\/\/infotep.com.ar\/wp-content\/uploads\/2024\/11\/CRUI-UND-1536x1024.jpeg",1536,1024,true],"2048x2048":["https:\/\/infotep.com.ar\/wp-content\/uploads\/2024\/11\/CRUI-UND-2048x1365.jpeg",2048,1365,true],"blossom-feminine-slider":["https:\/\/infotep.com.ar\/wp-content\/uploads\/2024\/11\/CRUI-UND-1920x649.jpeg",1920,649,true],"blossom-feminine-featured":["https:\/\/infotep.com.ar\/wp-content\/uploads\/2024\/11\/CRUI-UND-1410x600.jpeg",1410,600,true],"blossom-feminine-with-sidebar":["https:\/\/infotep.com.ar\/wp-content\/uploads\/2024\/11\/CRUI-UND-1020x600.jpeg",1020,600,true],"blossom-feminine-blog":["https:\/\/infotep.com.ar\/wp-content\/uploads\/2024\/11\/CRUI-UND-435x435.jpeg",435,435,true],"blossom-feminine-cat":["https:\/\/infotep.com.ar\/wp-content\/uploads\/2024\/11\/CRUI-UND-450x300.jpeg",450,300,true],"blossom-feminine-related":["https:\/\/infotep.com.ar\/wp-content\/uploads\/2024\/11\/CRUI-UND-320x200.jpeg",320,200,true],"blossom-feminine-schema":["https:\/\/infotep.com.ar\/wp-content\/uploads\/2024\/11\/CRUI-UND-90x60.jpeg",90,60,true],"blossom-mommy-blog-slider-big":["https:\/\/infotep.com.ar\/wp-content\/uploads\/2024\/11\/CRUI-UND-920x650.jpeg",920,650,true],"blossom-mommy-blog-slider":["https:\/\/infotep.com.ar\/wp-content\/uploads\/2024\/11\/CRUI-UND-460x310.jpeg",460,310,true],"blossom-mommy-blog-two":["https:\/\/infotep.com.ar\/wp-content\/uploads\/2024\/11\/CRUI-UND-768x480.jpeg",768,480,true]},"author_info":{"info":["Angela Tobar"]},"category_info":"<a href=\"https:\/\/infotep.com.ar\/index.php\/category\/universitarias\/\" rel=\"category tag\">Universitarias<\/a>","tag_info":"Universitarias","comment_count":"0","_links":{"self":[{"href":"https:\/\/infotep.com.ar\/index.php\/wp-json\/wp\/v2\/posts\/18426"}],"collection":[{"href":"https:\/\/infotep.com.ar\/index.php\/wp-json\/wp\/v2\/posts"}],"about":[{"href":"https:\/\/infotep.com.ar\/index.php\/wp-json\/wp\/v2\/types\/post"}],"author":[{"embeddable":true,"href":"https:\/\/infotep.com.ar\/index.php\/wp-json\/wp\/v2\/users\/5"}],"replies":[{"embeddable":true,"href":"https:\/\/infotep.com.ar\/index.php\/wp-json\/wp\/v2\/comments?post=18426"}],"version-history":[{"count":1,"href":"https:\/\/infotep.com.ar\/index.php\/wp-json\/wp\/v2\/posts\/18426\/revisions"}],"predecessor-version":[{"id":18428,"href":"https:\/\/infotep.com.ar\/index.php\/wp-json\/wp\/v2\/posts\/18426\/revisions\/18428"}],"wp:featuredmedia":[{"embeddable":true,"href":"https:\/\/infotep.com.ar\/index.php\/wp-json\/wp\/v2\/media\/18427"}],"wp:attachment":[{"href":"https:\/\/infotep.com.ar\/index.php\/wp-json\/wp\/v2\/media?parent=18426"}],"wp:term":[{"taxonomy":"category","embeddable":true,"href":"https:\/\/infotep.com.ar\/index.php\/wp-json\/wp\/v2\/categories?post=18426"},{"taxonomy":"post_tag","embeddable":true,"href":"https:\/\/infotep.com.ar\/index.php\/wp-json\/wp\/v2\/tags?post=18426"}],"curies":[{"name":"wp","href":"https:\/\/api.w.org\/{rel}","templated":true}]}}