{"id":18435,"date":"2024-11-29T20:01:40","date_gmt":"2024-11-29T23:01:40","guid":{"rendered":"https:\/\/infotep.com.ar\/?p=18435"},"modified":"2024-12-01T16:11:03","modified_gmt":"2024-12-01T19:11:03","slug":"comenzo-la-expo-moron-se-muestra","status":"publish","type":"post","link":"https:\/\/infotep.com.ar\/index.php\/2024\/11\/29\/comenzo-la-expo-moron-se-muestra\/","title":{"rendered":"Comenz\u00f3 la Expo Mor\u00f3n Se Muestra"},"content":{"rendered":"\n<p>Se inaugur\u00f3 el evento que re\u00fane a empresas, productores y pymes locales. Habr\u00e1 charlas, talleres, stands, feria de emprendimientos y shows musicales.<\/p>\n\n\n\n<p><strong>Esta ma\u00f1ana se inaugur\u00f3 la expo Mor\u00f3n se Muestra, que se desarrollar\u00e1 durante este viernes y s\u00e1bado en la Plaza San Mart\u00edn de Mor\u00f3n (Buen Viaje y Belgrano).<\/strong><\/p>\n\n\n\n<p>Se trata del evento que re\u00fane y vincula, mediante rondas de negocios e intercambio de experiencias, a distintos representantes del sector productivo, industrial y comercial de la comuna.<\/p>\n\n\n\n<p>El acto inaugural estuvo encabezado por el intendente, Lucas Ghi, el ministro de Producci\u00f3n, Ciencia e Innovaci\u00f3n Tecnol\u00f3gica de la Provincia de Buenos Aires, Augusto Costa, y el ex intendente, Mart\u00edn Sabbatella, entre otras autoridades.<\/p>\n\n\n\n<p>Tambi\u00e9n formaron parte de la ceremonia los secretarios municipales de Gobierno, Diego Spina, de Desarrollo Productivo, Santiago Mu\u00f1iz, y de Desarrollo local, Empleo y Econom\u00eda Social, Eugenia Navarro, y otros funcionarios y funcionarias provinciales y municipales.<\/p>\n\n\n\n<p>El evento est\u00e1 organizado por el Municipio de Mor\u00f3n en conjunto con el Consejo Federal de Inversiones y el Gobierno de la Provincia de Buenos Aires.<\/p>\n\n\n\n<p><strong>La actividad continuar\u00e1 ma\u00f1ana con m\u00e1s actividades, charlas, capacitaciones, muestras y propuestas relacionadas con el sector productivo local.<\/strong><\/p>\n\n\n\n<p>En el auditorio principal habr\u00e1 charlas sobre marketing digital, y sobre diferentes experiencias innovadoras. Adem\u00e1s, habr\u00e1 stands de la agencia de empleo para brindar asistencia en la conformaci\u00f3n de curriculums.<\/p>\n\n\n\n<p><strong>Al mismo tiempo, continuar\u00e1 el operativo de documentaci\u00f3n para que los vecinos y vecinas puedan tramitar su DNI gratis y sin turno previo. Se podr\u00e1 disfrutar de la feria de la econom\u00eda social y popular, stands de cooperativas, de productos locales y de la Marca EME.<\/strong><\/p>\n\n\n\n<p>Tambi\u00e9n se llevar\u00e1n a cabo n\u00fameros culturales como la presentaci\u00f3n de la Escuela de Danzas Jos\u00e9 Neglia, clases abiertas de folclore. A modo de cierre, la noche del viernes se presentar\u00e1 Luz Gaggi. Mientras que el gran cierre del s\u00e1bado estar\u00e1 a cargo de Peteco Carabajal.<\/p>\n","protected":false},"excerpt":{"rendered":"<p>Se inaugur&oacute; el evento que re&uacute;ne a empresas, productores y pymes locales. Habr&aacute; charlas, talleres, stands, feria de emprendimientos y shows musicales. Esta ma&ntilde;ana se inaugur&oacute; la expo Mor&oacute;n se Muestra, que se desarrollar&aacute; durante este viernes y s&aacute;bado en la Plaza San Mart&iacute;n de Mor&oacute;n (Buen Viaje y Belgrano). Se trata del evento que &hellip; <\/p>\n","protected":false},"author":5,"featured_media":18436,"comment_status":"closed","ping_status":"closed","sticky":false,"template":"","format":"standard","meta":{"om_disable_all_campaigns":false,"_joinchat":[]},"categories":[9],"tags":[46,56,53,43],"featured_image_urls":{"full":["https:\/\/infotep.com.ar\/wp-content\/uploads\/2024\/11\/moron-se-muestra-lucas-scaled.webp",2560,1707,false],"thumbnail":["https:\/\/infotep.com.ar\/wp-content\/uploads\/2024\/11\/moron-se-muestra-lucas-150x150.webp",150,150,true],"medium":["https:\/\/infotep.com.ar\/wp-content\/uploads\/2024\/11\/moron-se-muestra-lucas-300x200.webp",300,200,true],"medium_large":["https:\/\/infotep.com.ar\/wp-content\/uploads\/2024\/11\/moron-se-muestra-lucas-768x512.webp",768,512,true],"large":["https:\/\/infotep.com.ar\/wp-content\/uploads\/2024\/11\/moron-se-muestra-lucas-1024x683.webp",1020,680,true],"1536x1536":["https:\/\/infotep.com.ar\/wp-content\/uploads\/2024\/11\/moron-se-muestra-lucas-1536x1024.webp",1536,1024,true],"2048x2048":["https:\/\/infotep.com.ar\/wp-content\/uploads\/2024\/11\/moron-se-muestra-lucas-2048x1365.webp",2048,1365,true],"blossom-feminine-slider":["https:\/\/infotep.com.ar\/wp-content\/uploads\/2024\/11\/moron-se-muestra-lucas-1920x649.webp",1920,649,true],"blossom-feminine-featured":["https:\/\/infotep.com.ar\/wp-content\/uploads\/2024\/11\/moron-se-muestra-lucas-1410x600.webp",1410,600,true],"blossom-feminine-with-sidebar":["https:\/\/infotep.com.ar\/wp-content\/uploads\/2024\/11\/moron-se-muestra-lucas-1020x600.webp",1020,600,true],"blossom-feminine-blog":["https:\/\/infotep.com.ar\/wp-content\/uploads\/2024\/11\/moron-se-muestra-lucas-435x435.webp",435,435,true],"blossom-feminine-cat":["https:\/\/infotep.com.ar\/wp-content\/uploads\/2024\/11\/moron-se-muestra-lucas-450x300.webp",450,300,true],"blossom-feminine-related":["https:\/\/infotep.com.ar\/wp-content\/uploads\/2024\/11\/moron-se-muestra-lucas-320x200.webp",320,200,true],"blossom-feminine-schema":["https:\/\/infotep.com.ar\/wp-content\/uploads\/2024\/11\/moron-se-muestra-lucas-90x60.webp",90,60,true],"blossom-mommy-blog-slider-big":["https:\/\/infotep.com.ar\/wp-content\/uploads\/2024\/11\/moron-se-muestra-lucas-920x650.webp",920,650,true],"blossom-mommy-blog-slider":["https:\/\/infotep.com.ar\/wp-content\/uploads\/2024\/11\/moron-se-muestra-lucas-460x310.webp",460,310,true],"blossom-mommy-blog-two":["https:\/\/infotep.com.ar\/wp-content\/uploads\/2024\/11\/moron-se-muestra-lucas-768x480.webp",768,480,true]},"author_info":{"info":["Angela Tobar"]},"category_info":"<a href=\"https:\/\/infotep.com.ar\/index.php\/category\/municipales\/moron\/\" rel=\"category tag\">Mor\u00f3n<\/a>","tag_info":"Mor\u00f3n","comment_count":"0","_links":{"self":[{"href":"https:\/\/infotep.com.ar\/index.php\/wp-json\/wp\/v2\/posts\/18435"}],"collection":[{"href":"https:\/\/infotep.com.ar\/index.php\/wp-json\/wp\/v2\/posts"}],"about":[{"href":"https:\/\/infotep.com.ar\/index.php\/wp-json\/wp\/v2\/types\/post"}],"author":[{"embeddable":true,"href":"https:\/\/infotep.com.ar\/index.php\/wp-json\/wp\/v2\/users\/5"}],"replies":[{"embeddable":true,"href":"https:\/\/infotep.com.ar\/index.php\/wp-json\/wp\/v2\/comments?post=18435"}],"version-history":[{"count":1,"href":"https:\/\/infotep.com.ar\/index.php\/wp-json\/wp\/v2\/posts\/18435\/revisions"}],"predecessor-version":[{"id":18437,"href":"https:\/\/infotep.com.ar\/index.php\/wp-json\/wp\/v2\/posts\/18435\/revisions\/18437"}],"wp:featuredmedia":[{"embeddable":true,"href":"https:\/\/infotep.com.ar\/index.php\/wp-json\/wp\/v2\/media\/18436"}],"wp:attachment":[{"href":"https:\/\/infotep.com.ar\/index.php\/wp-json\/wp\/v2\/media?parent=18435"}],"wp:term":[{"taxonomy":"category","embeddable":true,"href":"https:\/\/infotep.com.ar\/index.php\/wp-json\/wp\/v2\/categories?post=18435"},{"taxonomy":"post_tag","embeddable":true,"href":"https:\/\/infotep.com.ar\/index.php\/wp-json\/wp\/v2\/tags?post=18435"}],"curies":[{"name":"wp","href":"https:\/\/api.w.org\/{rel}","templated":true}]}}