{"id":18471,"date":"2024-12-01T15:51:01","date_gmt":"2024-12-01T18:51:01","guid":{"rendered":"https:\/\/infotep.com.ar\/?p=18471"},"modified":"2024-12-01T16:11:30","modified_gmt":"2024-12-01T19:11:30","slug":"mas-de-140-mil-personas-viven-con-hiv-en-argentina-y-el-13-desconoce-su-diagnostico","status":"publish","type":"post","link":"https:\/\/infotep.com.ar\/index.php\/2024\/12\/01\/mas-de-140-mil-personas-viven-con-hiv-en-argentina-y-el-13-desconoce-su-diagnostico\/","title":{"rendered":"M\u00e1s de 140 mil personas viven con HIV en Argentina y el 13% desconoce su diagn\u00f3stico"},"content":{"rendered":"\n<p>En el marco del D\u00eda Mundial del Sida, invitan a exigir que se cumplan las 3 claves para controlar la epidemia del VIH en nuestro pa\u00eds: el test, la atenci\u00f3n y el tratamiento.<br><br>El D\u00eda Mundial del Sida se conmemora este domingo con el objetivo informar de concientizar, prevenir y promover acciones contra el virus de inmunodeficiencia humana. Seg\u00fan datos del Ministerio de Salud de la Naci\u00f3n, en Argentina 140.000 personas viven con VIH y cada a\u00f1o 5.300 adquieren el virus.<\/p>\n\n\n\n<p>Sin embargo, terminar con el VIH es posible si todas las personas que viven con el virus conocen su diagn\u00f3stico a tiempo y luego acceden a la atenci\u00f3n y al tratamiento. A pesar de esto, en nuestro pa\u00eds, el 44% de las personas conoce su estado serol\u00f3gico de manera tard\u00eda, cuando su sistema de defensas se encuentra debilitado.<\/p>\n\n\n\n<p>Por esta raz\u00f3n, la Fundaci\u00f3n Hu\u00e9sped exige que se cumplan las 3 claves para terminar con el VIH en nuestro pa\u00eds: el test de VIH, la atenci\u00f3n y el tratamiento e invita a las personas a firmar para lograrlo en www.huesped.org.ar<\/p>\n\n\n\n<p>Sobre la importancia del test, Leandro Cahn, Director Ejecutivo de Fundaci\u00f3n Hu\u00e9sped explic\u00f3: \u201cRealizarse el test de VIH es fundamental en dos sentidos: si se confirma que el diagn\u00f3stico es negativo, es una oportunidad para reforzar las medidas de cuidado. Mientras que, si el resultado es positivo, la persona puede acceder a un tratamiento que le permite tener una calidad de vida similar a la de alguien que no tiene el virus\u201d.<\/p>\n\n\n\n<p>En la actualidad, el test de VIH es gratuito, confidencial, no requiere orden m\u00e9dica y las personas pueden conocer su diagn\u00f3stico a partir de una gota de sangre tomada de un dedo en menos de 15 minutos. En relaci\u00f3n a la atenci\u00f3n y al tratamiento, desde hace al menos una d\u00e9cada se comprob\u00f3 cient\u00edficamente que las personas que acceden al tratamiento y mantienen los niveles de carga viral tan bajos que los an\u00e1lisis no pueden detectarlos no transmiten el virus por v\u00eda sexual.<\/p>\n\n\n\n<p>Este lunes 2 de diciembre, la Fundaci\u00f3n Hu\u00e9sped lanzar\u00e1 la campa\u00f1a INTRANSMISIBLE para concientizar sobre este concepto en una acci\u00f3n masiva a la que se sumar\u00e1n destacados medios de comunicaci\u00f3n y streaming del pa\u00eds.<\/p>\n\n\n\n<p>A pesar del conocimiento basado en la evidencia con el que se cuenta, seg\u00fan el proyecto de presupuesto 2025 se proyectan 66.500 tratamientos para personas con VIH, cifra inferior a los 70.500 proyectados para 2024 y muy similar a los 66.893 de 2023, lo que implica no tener en cuenta los cerca de 5000 nuevos casos anuales.<\/p>\n\n\n\n<p>Adem\u00e1s del beneficio individual para la persona que conoce su diagn\u00f3stico y accede al tratamiento, promover el testeo y el acceso temprano a la terapia antiviral es una medida sumamente costo-efectiva desde el punto de vista econ\u00f3mico: una persona que no sabe que tiene VIH puede contribuir involuntariamente a propagar la infecci\u00f3n y, adem\u00e1s, podr\u00e1 generarle costos adicionales al sistema de salud si requiere internaci\u00f3n y tratamiento si desarrollara una infecci\u00f3n oportunista.<\/p>\n","protected":false},"excerpt":{"rendered":"<p>En el marco del D&iacute;a Mundial del Sida, invitan a exigir que se cumplan las 3 claves para controlar la epidemia del VIH en nuestro pa&iacute;s: el test, la atenci&oacute;n y el tratamiento. El D&iacute;a Mundial del Sida se conmemora este domingo con el objetivo informar de concientizar, prevenir y promover acciones contra el virus &hellip; <\/p>\n","protected":false},"author":5,"featured_media":9534,"comment_status":"closed","ping_status":"closed","sticky":false,"template":"","format":"standard","meta":{"om_disable_all_campaigns":false,"_joinchat":[]},"categories":[31,3],"tags":[46,43,569],"featured_image_urls":{"full":["https:\/\/infotep.com.ar\/wp-content\/uploads\/2023\/11\/vih.jpg",1200,800,false],"thumbnail":["https:\/\/infotep.com.ar\/wp-content\/uploads\/2023\/11\/vih-150x150.jpg",150,150,true],"medium":["https:\/\/infotep.com.ar\/wp-content\/uploads\/2023\/11\/vih-300x200.jpg",300,200,true],"medium_large":["https:\/\/infotep.com.ar\/wp-content\/uploads\/2023\/11\/vih-768x512.jpg",768,512,true],"large":["https:\/\/infotep.com.ar\/wp-content\/uploads\/2023\/11\/vih-1024x683.jpg",1020,680,true],"1536x1536":["https:\/\/infotep.com.ar\/wp-content\/uploads\/2023\/11\/vih.jpg",1200,800,false],"2048x2048":["https:\/\/infotep.com.ar\/wp-content\/uploads\/2023\/11\/vih.jpg",1200,800,false],"blossom-feminine-slider":["https:\/\/infotep.com.ar\/wp-content\/uploads\/2023\/11\/vih-1200x649.jpg",1200,649,true],"blossom-feminine-featured":["https:\/\/infotep.com.ar\/wp-content\/uploads\/2023\/11\/vih-1200x600.jpg",1200,600,true],"blossom-feminine-with-sidebar":["https:\/\/infotep.com.ar\/wp-content\/uploads\/2023\/11\/vih-1020x600.jpg",1020,600,true],"blossom-feminine-blog":["https:\/\/infotep.com.ar\/wp-content\/uploads\/2023\/11\/vih-435x435.jpg",435,435,true],"blossom-feminine-cat":["https:\/\/infotep.com.ar\/wp-content\/uploads\/2023\/11\/vih-450x300.jpg",450,300,true],"blossom-feminine-related":["https:\/\/infotep.com.ar\/wp-content\/uploads\/2023\/11\/vih-320x200.jpg",320,200,true],"blossom-feminine-schema":["https:\/\/infotep.com.ar\/wp-content\/uploads\/2023\/11\/vih-90x60.jpg",90,60,true],"blossom-mommy-blog-slider-big":["https:\/\/infotep.com.ar\/wp-content\/uploads\/2023\/11\/vih-920x650.jpg",920,650,true],"blossom-mommy-blog-slider":["https:\/\/infotep.com.ar\/wp-content\/uploads\/2023\/11\/vih-460x310.jpg",460,310,true],"blossom-mommy-blog-two":["https:\/\/infotep.com.ar\/wp-content\/uploads\/2023\/11\/vih-768x480.jpg",768,480,true]},"author_info":{"info":["Angela Tobar"]},"category_info":"<a href=\"https:\/\/infotep.com.ar\/index.php\/category\/destacadas\/\" rel=\"category tag\">Destacadas<\/a> <a href=\"https:\/\/infotep.com.ar\/index.php\/category\/nacionales\/\" rel=\"category tag\">Nacionales<\/a>","tag_info":"Nacionales","comment_count":"0","_links":{"self":[{"href":"https:\/\/infotep.com.ar\/index.php\/wp-json\/wp\/v2\/posts\/18471"}],"collection":[{"href":"https:\/\/infotep.com.ar\/index.php\/wp-json\/wp\/v2\/posts"}],"about":[{"href":"https:\/\/infotep.com.ar\/index.php\/wp-json\/wp\/v2\/types\/post"}],"author":[{"embeddable":true,"href":"https:\/\/infotep.com.ar\/index.php\/wp-json\/wp\/v2\/users\/5"}],"replies":[{"embeddable":true,"href":"https:\/\/infotep.com.ar\/index.php\/wp-json\/wp\/v2\/comments?post=18471"}],"version-history":[{"count":1,"href":"https:\/\/infotep.com.ar\/index.php\/wp-json\/wp\/v2\/posts\/18471\/revisions"}],"predecessor-version":[{"id":18472,"href":"https:\/\/infotep.com.ar\/index.php\/wp-json\/wp\/v2\/posts\/18471\/revisions\/18472"}],"wp:featuredmedia":[{"embeddable":true,"href":"https:\/\/infotep.com.ar\/index.php\/wp-json\/wp\/v2\/media\/9534"}],"wp:attachment":[{"href":"https:\/\/infotep.com.ar\/index.php\/wp-json\/wp\/v2\/media?parent=18471"}],"wp:term":[{"taxonomy":"category","embeddable":true,"href":"https:\/\/infotep.com.ar\/index.php\/wp-json\/wp\/v2\/categories?post=18471"},{"taxonomy":"post_tag","embeddable":true,"href":"https:\/\/infotep.com.ar\/index.php\/wp-json\/wp\/v2\/tags?post=18471"}],"curies":[{"name":"wp","href":"https:\/\/api.w.org\/{rel}","templated":true}]}}