{"id":18488,"date":"2024-12-02T00:08:24","date_gmt":"2024-12-02T03:08:24","guid":{"rendered":"https:\/\/infotep.com.ar\/?p=18488"},"modified":"2024-12-02T00:14:55","modified_gmt":"2024-12-02T03:14:55","slug":"las-dos-cta-junto-a-organizaciones-sociales-convocan-a-una-jornada-de-lucha-federal-previa-al-paro-del-jueves","status":"publish","type":"post","link":"https:\/\/infotep.com.ar\/index.php\/2024\/12\/02\/las-dos-cta-junto-a-organizaciones-sociales-convocan-a-una-jornada-de-lucha-federal-previa-al-paro-del-jueves\/","title":{"rendered":"Las dos CTA, junto a organizaciones sociales, convocan a una \u201cJornada de Lucha Federal\u201d previa al paro del jueves"},"content":{"rendered":"\n<p>Ser\u00e1 este lunes por la ma\u00f1ana. Estar\u00e1n presentes la UTEP, la Corriente Federal de los Trabajadores, SMATA y Territorios en Lucha, entre otros.<br><br>Las dos fracciones de la Central de Trabajadoras y Trabajadores de la Argentina (CTA Nacional y Aut\u00f3noma) realizar\u00e1n, ma\u00f1ana lunes, una \u201cJornada de Lucha federal\u201d y una conferencia de prensa, previo al paro que llevar\u00e1n a cabo este jueves.<\/p>\n\n\n\n<p>Acompa\u00f1ar\u00e1n este encuentro integrantes dela Uni\u00f3n de Trabajadores de la Econom\u00eda Popular (UTEP), la Corriente Federal de los Trabajadores, el Sindicato de Mec\u00e1nicos y Afines del Transporte Automotor (SMATA), Territorios en Lucha, Pymes y organizaciones pol\u00edticas.<\/p>\n\n\n\n<p>\u201cConvocamos a la Jornada Federal De Lucha e invitamos a los medios de comunicaci\u00f3n a la conferencia de prensa que realizaremos anunciando las caracter\u00edsticas, alcances y objetivos de esta iniciativa que se realizar\u00e1 el jueves 5 de diciembre\u201d, anuncia el comunicado.<\/p>\n\n\n\n<p>La conferencia se llevar\u00e1 a cabo a las 11:00hs, en el Centro Cultural Paco Urondo de la Facultad de Filosof\u00eda y Letras de la Universidad de Buenos Aires (UBA) en 25 de Mayo 201, de la Ciudad.<\/p>\n\n\n\n<p><strong>Para el pr\u00f3ximo jueves 5, adelantaron que habr\u00e1 una movilizaci\u00f3n, hacia Plaza de Mayo, \u201ccontra las pol\u00edticas\u201d de la gesti\u00f3n del presidente Javier Milei.<\/strong><\/p>\n\n\n\n<p>La semana pasada, la CTA public\u00f3 un informe sobre la evoluci\u00f3n del Salario M\u00ednimo, Vital y M\u00f3vil, en el cual se demostr\u00f3 que hubo \u201cuna p\u00e9rdida brutal de poder adquisitivo\u201d, desde diciembre de 2023, \u201cproducto del efecto de la devaluaci\u00f3n y su impacto en los precios\u201d.<\/p>\n\n\n\n<p>Desde el mismo estudio, aseguran que la comparaci\u00f3n de los sueldos b\u00e1sicos con las l\u00edneas de pobreza y de indigencia \u201crevela una situaci\u00f3n peor que la del a\u00f1o 2001\u201d.<\/p>\n\n\n\n<p>\u201cEl salari\u00f3 m\u00ednimo en octubre s\u00f3lo alcanza para adquirir el 54,3% de la canasta b\u00e1sica de alimentos, que define la l\u00ednea de indigencia para una familia tipo y poco m\u00e1s de una cuarta parte de la canasta de pobreza\u201d, concluyeron.<\/p>\n","protected":false},"excerpt":{"rendered":"<p>Ser&aacute; este lunes por la ma&ntilde;ana. Estar&aacute;n presentes la UTEP, la Corriente Federal de los Trabajadores, SMATA y Territorios en Lucha, entre otros. Las dos fracciones de la Central de Trabajadoras y Trabajadores de la Argentina (CTA Nacional y Aut&oacute;noma) realizar&aacute;n, ma&ntilde;ana lunes, una &ldquo;Jornada de Lucha federal&rdquo; y una conferencia de prensa, previo al &hellip; <\/p>\n","protected":false},"author":5,"featured_media":18417,"comment_status":"closed","ping_status":"closed","sticky":false,"template":"","format":"standard","meta":{"om_disable_all_campaigns":false,"_joinchat":[]},"categories":[31,7,3],"tags":[46,43],"featured_image_urls":{"full":["https:\/\/infotep.com.ar\/wp-content\/uploads\/2024\/11\/cta-2.jpg",628,447,false],"thumbnail":["https:\/\/infotep.com.ar\/wp-content\/uploads\/2024\/11\/cta-2-150x150.jpg",150,150,true],"medium":["https:\/\/infotep.com.ar\/wp-content\/uploads\/2024\/11\/cta-2-300x214.jpg",300,214,true],"medium_large":["https:\/\/infotep.com.ar\/wp-content\/uploads\/2024\/11\/cta-2.jpg",628,447,false],"large":["https:\/\/infotep.com.ar\/wp-content\/uploads\/2024\/11\/cta-2.jpg",628,447,false],"1536x1536":["https:\/\/infotep.com.ar\/wp-content\/uploads\/2024\/11\/cta-2.jpg",628,447,false],"2048x2048":["https:\/\/infotep.com.ar\/wp-content\/uploads\/2024\/11\/cta-2.jpg",628,447,false],"blossom-feminine-slider":["https:\/\/infotep.com.ar\/wp-content\/uploads\/2024\/11\/cta-2.jpg",628,447,false],"blossom-feminine-featured":["https:\/\/infotep.com.ar\/wp-content\/uploads\/2024\/11\/cta-2.jpg",628,447,false],"blossom-feminine-with-sidebar":["https:\/\/infotep.com.ar\/wp-content\/uploads\/2024\/11\/cta-2.jpg",628,447,false],"blossom-feminine-blog":["https:\/\/infotep.com.ar\/wp-content\/uploads\/2024\/11\/cta-2-435x435.jpg",435,435,true],"blossom-feminine-cat":["https:\/\/infotep.com.ar\/wp-content\/uploads\/2024\/11\/cta-2-450x300.jpg",450,300,true],"blossom-feminine-related":["https:\/\/infotep.com.ar\/wp-content\/uploads\/2024\/11\/cta-2-320x200.jpg",320,200,true],"blossom-feminine-schema":["https:\/\/infotep.com.ar\/wp-content\/uploads\/2024\/11\/cta-2-84x60.jpg",84,60,true],"blossom-mommy-blog-slider-big":["https:\/\/infotep.com.ar\/wp-content\/uploads\/2024\/11\/cta-2.jpg",628,447,false],"blossom-mommy-blog-slider":["https:\/\/infotep.com.ar\/wp-content\/uploads\/2024\/11\/cta-2-460x310.jpg",460,310,true],"blossom-mommy-blog-two":["https:\/\/infotep.com.ar\/wp-content\/uploads\/2024\/11\/cta-2.jpg",628,447,false]},"author_info":{"info":["Angela Tobar"]},"category_info":"<a href=\"https:\/\/infotep.com.ar\/index.php\/category\/destacadas\/\" rel=\"category tag\">Destacadas<\/a> <a href=\"https:\/\/infotep.com.ar\/index.php\/category\/gremios\/\" rel=\"category tag\">Gremios<\/a> <a href=\"https:\/\/infotep.com.ar\/index.php\/category\/nacionales\/\" rel=\"category tag\">Nacionales<\/a>","tag_info":"Nacionales","comment_count":"0","_links":{"self":[{"href":"https:\/\/infotep.com.ar\/index.php\/wp-json\/wp\/v2\/posts\/18488"}],"collection":[{"href":"https:\/\/infotep.com.ar\/index.php\/wp-json\/wp\/v2\/posts"}],"about":[{"href":"https:\/\/infotep.com.ar\/index.php\/wp-json\/wp\/v2\/types\/post"}],"author":[{"embeddable":true,"href":"https:\/\/infotep.com.ar\/index.php\/wp-json\/wp\/v2\/users\/5"}],"replies":[{"embeddable":true,"href":"https:\/\/infotep.com.ar\/index.php\/wp-json\/wp\/v2\/comments?post=18488"}],"version-history":[{"count":1,"href":"https:\/\/infotep.com.ar\/index.php\/wp-json\/wp\/v2\/posts\/18488\/revisions"}],"predecessor-version":[{"id":18489,"href":"https:\/\/infotep.com.ar\/index.php\/wp-json\/wp\/v2\/posts\/18488\/revisions\/18489"}],"wp:featuredmedia":[{"embeddable":true,"href":"https:\/\/infotep.com.ar\/index.php\/wp-json\/wp\/v2\/media\/18417"}],"wp:attachment":[{"href":"https:\/\/infotep.com.ar\/index.php\/wp-json\/wp\/v2\/media?parent=18488"}],"wp:term":[{"taxonomy":"category","embeddable":true,"href":"https:\/\/infotep.com.ar\/index.php\/wp-json\/wp\/v2\/categories?post=18488"},{"taxonomy":"post_tag","embeddable":true,"href":"https:\/\/infotep.com.ar\/index.php\/wp-json\/wp\/v2\/tags?post=18488"}],"curies":[{"name":"wp","href":"https:\/\/api.w.org\/{rel}","templated":true}]}}