{"id":18490,"date":"2024-12-02T00:11:37","date_gmt":"2024-12-02T03:11:37","guid":{"rendered":"https:\/\/infotep.com.ar\/?p=18490"},"modified":"2024-12-02T00:11:38","modified_gmt":"2024-12-02T03:11:38","slug":"kicillof-participara-del-dia-de-la-amistad-argentino-brasilena-en-chascomus","status":"publish","type":"post","link":"https:\/\/infotep.com.ar\/index.php\/2024\/12\/02\/kicillof-participara-del-dia-de-la-amistad-argentino-brasilena-en-chascomus\/","title":{"rendered":"Kicillof participar\u00e1 del D\u00eda de la Amistad Argentino-Brasile\u00f1a en Chascom\u00fas"},"content":{"rendered":"\n<p><br>El gobernador de la provincia de Buenos Aires, Axel Kicillof, participar\u00e1 el pr\u00f3ximo martes 3, del D\u00eda de la Amistad Argentino-Brasile\u00f1a que se realizar\u00e1 en la localidad bonaerense de Chascom\u00fas, luego entregar viviendas del programa Solidaridad a los vecinos.<\/p>\n\n\n\n<p>Esa fecha hace referencia al hist\u00f3rico abrazo entre los presidentes Ra\u00fal Alfons\u00edn y Jos\u00e9 Sarney, vinculado con el surgimiento del bloque comercial sudamericano conocido como Mercosur y la consolidaci\u00f3n de los lazos diplom\u00e1ticos entre Argentina y Brasil.<\/p>\n\n\n\n<p>Estar\u00e1n presentes el intendente de Chascom\u00fas, Javier Gast\u00f3n, junto a otros pares de la provincia, y el embajador brasile\u00f1o en Argentina, Julio Vitelli, quienes reafirmar\u00e1n el \u201ccompromiso por la defensa de la democracia\u201d.<\/p>\n\n\n\n<p>Gast\u00f3n, por su parte, asegur\u00f3 que este tipo de eventos \u201cson una muestra de c\u00f3mo la ciudad sigue creciendo y consolid\u00e1ndose tanto en el \u00e1mbito local como internacional\u201d.<\/p>\n\n\n\n<p>Previamente, Kicillof, entregar\u00e1 las llaves de nuevas viviendas a 16 familias de Chascom\u00fas, dentro del marco del programa Solidaridad y debido al resultado de un sorteo p\u00fablico realizado a principios de este a\u00f1o, destinado a brindar soluciones habitacionales.<\/p>\n\n\n\n<p>El complejo, ubicado entre las calles Arturo Jauretche e Hip\u00f3lito Yrigoyen, fue financiado a trav\u00e9s del Programa Bonaerense II; cada casa tiene una superficie de 55 metros cuadrados y contienen dos dormitorios, cocina, ba\u00f1o, lavadero y un amplio living-comedor. Adem\u00e1s, permite futuras ampliaciones, ofreciendo la posibilidad de agregar un tercer dormitorio.<\/p>\n","protected":false},"excerpt":{"rendered":"<p>El gobernador de la provincia de Buenos Aires, Axel Kicillof, participar&aacute; el pr&oacute;ximo martes 3, del D&iacute;a de la Amistad Argentino-Brasile&ntilde;a que se realizar&aacute; en la localidad bonaerense de Chascom&uacute;s, luego entregar viviendas del programa Solidaridad a los vecinos. Esa fecha hace referencia al hist&oacute;rico abrazo entre los presidentes Ra&uacute;l Alfons&iacute;n y Jos&eacute; Sarney, vinculado &hellip; <\/p>\n","protected":false},"author":5,"featured_media":14007,"comment_status":"closed","ping_status":"closed","sticky":false,"template":"","format":"standard","meta":{"om_disable_all_campaigns":false,"_joinchat":[]},"categories":[4],"tags":[396,46,572,43,569],"featured_image_urls":{"full":["https:\/\/infotep.com.ar\/wp-content\/uploads\/2024\/06\/kicillof-2.webp",1173,720,false],"thumbnail":["https:\/\/infotep.com.ar\/wp-content\/uploads\/2024\/06\/kicillof-2-150x150.webp",150,150,true],"medium":["https:\/\/infotep.com.ar\/wp-content\/uploads\/2024\/06\/kicillof-2-300x184.webp",300,184,true],"medium_large":["https:\/\/infotep.com.ar\/wp-content\/uploads\/2024\/06\/kicillof-2-768x471.webp",768,471,true],"large":["https:\/\/infotep.com.ar\/wp-content\/uploads\/2024\/06\/kicillof-2-1024x629.webp",1020,627,true],"1536x1536":["https:\/\/infotep.com.ar\/wp-content\/uploads\/2024\/06\/kicillof-2.webp",1173,720,false],"2048x2048":["https:\/\/infotep.com.ar\/wp-content\/uploads\/2024\/06\/kicillof-2.webp",1173,720,false],"blossom-feminine-slider":["https:\/\/infotep.com.ar\/wp-content\/uploads\/2024\/06\/kicillof-2-1173x649.webp",1173,649,true],"blossom-feminine-featured":["https:\/\/infotep.com.ar\/wp-content\/uploads\/2024\/06\/kicillof-2-1173x600.webp",1173,600,true],"blossom-feminine-with-sidebar":["https:\/\/infotep.com.ar\/wp-content\/uploads\/2024\/06\/kicillof-2-1020x600.webp",1020,600,true],"blossom-feminine-blog":["https:\/\/infotep.com.ar\/wp-content\/uploads\/2024\/06\/kicillof-2-435x435.webp",435,435,true],"blossom-feminine-cat":["https:\/\/infotep.com.ar\/wp-content\/uploads\/2024\/06\/kicillof-2-450x300.webp",450,300,true],"blossom-feminine-related":["https:\/\/infotep.com.ar\/wp-content\/uploads\/2024\/06\/kicillof-2-320x200.webp",320,200,true],"blossom-feminine-schema":["https:\/\/infotep.com.ar\/wp-content\/uploads\/2024\/06\/kicillof-2-98x60.webp",98,60,true],"blossom-mommy-blog-slider-big":["https:\/\/infotep.com.ar\/wp-content\/uploads\/2024\/06\/kicillof-2-920x650.webp",920,650,true],"blossom-mommy-blog-slider":["https:\/\/infotep.com.ar\/wp-content\/uploads\/2024\/06\/kicillof-2-460x310.webp",460,310,true],"blossom-mommy-blog-two":["https:\/\/infotep.com.ar\/wp-content\/uploads\/2024\/06\/kicillof-2-768x480.webp",768,480,true]},"author_info":{"info":["Angela Tobar"]},"category_info":"<a href=\"https:\/\/infotep.com.ar\/index.php\/category\/provinciales\/\" rel=\"category tag\">Provinciales<\/a>","tag_info":"Provinciales","comment_count":"0","_links":{"self":[{"href":"https:\/\/infotep.com.ar\/index.php\/wp-json\/wp\/v2\/posts\/18490"}],"collection":[{"href":"https:\/\/infotep.com.ar\/index.php\/wp-json\/wp\/v2\/posts"}],"about":[{"href":"https:\/\/infotep.com.ar\/index.php\/wp-json\/wp\/v2\/types\/post"}],"author":[{"embeddable":true,"href":"https:\/\/infotep.com.ar\/index.php\/wp-json\/wp\/v2\/users\/5"}],"replies":[{"embeddable":true,"href":"https:\/\/infotep.com.ar\/index.php\/wp-json\/wp\/v2\/comments?post=18490"}],"version-history":[{"count":1,"href":"https:\/\/infotep.com.ar\/index.php\/wp-json\/wp\/v2\/posts\/18490\/revisions"}],"predecessor-version":[{"id":18491,"href":"https:\/\/infotep.com.ar\/index.php\/wp-json\/wp\/v2\/posts\/18490\/revisions\/18491"}],"wp:featuredmedia":[{"embeddable":true,"href":"https:\/\/infotep.com.ar\/index.php\/wp-json\/wp\/v2\/media\/14007"}],"wp:attachment":[{"href":"https:\/\/infotep.com.ar\/index.php\/wp-json\/wp\/v2\/media?parent=18490"}],"wp:term":[{"taxonomy":"category","embeddable":true,"href":"https:\/\/infotep.com.ar\/index.php\/wp-json\/wp\/v2\/categories?post=18490"},{"taxonomy":"post_tag","embeddable":true,"href":"https:\/\/infotep.com.ar\/index.php\/wp-json\/wp\/v2\/tags?post=18490"}],"curies":[{"name":"wp","href":"https:\/\/api.w.org\/{rel}","templated":true}]}}