{"id":18563,"date":"2024-12-04T14:39:43","date_gmt":"2024-12-04T17:39:43","guid":{"rendered":"https:\/\/infotep.com.ar\/?p=18563"},"modified":"2024-12-04T14:39:44","modified_gmt":"2024-12-04T17:39:44","slug":"kicillof-inauguro-un-jardin-de-infantes-y-firmo-un-convenio-para-reactivar-obras-educativas-paralizadas-por-nacion","status":"publish","type":"post","link":"https:\/\/infotep.com.ar\/index.php\/2024\/12\/04\/kicillof-inauguro-un-jardin-de-infantes-y-firmo-un-convenio-para-reactivar-obras-educativas-paralizadas-por-nacion\/","title":{"rendered":"Kicillof inaugur\u00f3 un jard\u00edn de infantes y firm\u00f3 un convenio para reactivar obras educativas paralizadas por Naci\u00f3n"},"content":{"rendered":"\n<p>Adem\u00e1s, el Gobernador encabez\u00f3 la apertura de un Mercado Bonaerense Fijo y particip\u00f3 de la presentaci\u00f3n de nuevas inversiones en el Parque Industrial.<br><br>El gobernador de la provincia de Buenos Aires, Axel Kicillof, encabez\u00f3 este martes junto al intendente de Florencio Varela, Andr\u00e9s Watson, las inauguraciones del nuevo Jard\u00edn de Infantes N\u00b0950 y de un Centro de Desarrollo Infantil (CDI). Adem\u00e1s, firm\u00f3 convenios para reactivar la obra de construcci\u00f3n de una escuela t\u00e9cnica vinculada a la Universidad Nacional Arturo Jauretche (UNAJ) que fue paralizada por el Gobierno nacional; y para el dictado de nuevas carreras en distritos del interior, en el marco del programa Puentes.<\/p>\n\n\n\n<p>En ese marco, Kicillof afirm\u00f3: \u201cLa jornada que vivimos en Florencio Varela demuestra un gran contraste con lo que ocurre a nivel nacional.\u201d \u201cEste jard\u00edn de infantes en pocos d\u00edas complet\u00f3 todas sus vacantes, lo que demuestra que exist\u00eda una necesidad: no fue el mercado el que lo resolvi\u00f3, fue el Estado al barrio para ampliar derechos\u201d, explic\u00f3.<\/p>\n\n\n\n<p>Con la participaci\u00f3n del director general de Cultura y Educaci\u00f3n, Alberto Sileoni, se inaugur\u00f3 el nuevo jard\u00edn de infantes del barrio San Jorge. A partir de una inversi\u00f3n de $521 millones, posee seis aulas con ba\u00f1o, SUM, biblioteca, cocina y patio, ampliando la matr\u00edcula para 360 ni\u00f1os y ni\u00f1as de la zona.<\/p>\n\n\n\n<p>El Gobernador y el ministro de Desarrollo de la Comunidad, Andr\u00e9s Larroque, pusieron en funcionamiento el CDI \u201cNi\u00f1os del Futuro\u201d en Villa Argentina -cuya construcci\u00f3n hab\u00eda sido paralizada por el Gobierno nacional-, que brindar\u00e1 atenci\u00f3n integral en educaci\u00f3n, estimulaci\u00f3n temprana y cuestiones alimenticias a 120 ni\u00f1os y ni\u00f1as de entre dos y cuatro a\u00f1os de edad. Adem\u00e1s, se entregaron dos camionetas al \u00e1rea de Ni\u00f1ez, Adolescencia y Familia municipal.<\/p>\n\n\n\n<p>\u201cDe la misma forma que inauguramos el centro de desarrollo infantil N\u00ba18 de los 85 que Naci\u00f3n dej\u00f3 abandonados, firmamos un convenio para retomar las obras de la escuela t\u00e9cnica de la Universidad Nacional Arturo Jauretche\u201d, sostuvo el Gobernador y agreg\u00f3: \u201cCuando defendemos la universidad p\u00fablica no lo hacemos pensando solamente en el beneficio individual, sino pensando en el bien colectivo: necesitamos que los pibes y las pibas se esfuercen, estudien y hagan tambi\u00e9n un aporte para desarrollar la provincia y el pa\u00eds\u201d.<\/p>\n\n\n\n<p>Durante la jornada, se firm\u00f3 con el rector de la UNAJ, Arnaldo Medina, un convenio para reactivar obras paralizadas por Naci\u00f3n en una escuela t\u00e9cnica: la universidad ceder\u00e1 terrenos en el barrio San Francisco para su continuidad. Adem\u00e1s, en el marco del Programa Puentes, se suscribi\u00f3 un acuerdo para el dictado de nuevas carreras de grado en los municipios de Dolores, Las Flores, Alberti, Gral. La Madrid, Hip\u00f3lito Yrigoyen y Leandro N. Alem; y otro para equipar el nuevo auditorio de la universidad.<\/p>\n\n\n\n<p>Por su parte, Watson remarc\u00f3: \u201cEstas inauguraciones en materia educativa y social son el resultado de pol\u00edticas concretas que muestran resultados efectivos: se obtienen gracias al trabajo conjunto con el Gobierno bonaerense que act\u00faa como escudo protector de nuestros vecinos y vecinas\u201d.<\/p>\n\n\n\n<p>Inauguraci\u00f3n de nueva nave industrial y de un Mercado Bonaerense<\/p>\n\n\n\n<p>Kicillof y el ministro de Producci\u00f3n, Ciencia e Innovaci\u00f3n Tecnol\u00f3gica, Augusto Costa, participaron tambi\u00e9n de la inauguraci\u00f3n de la nueva nave industrial de la empresa de tecnolog\u00eda y sistemas qu\u00edmicos Mas-Tin en el Parque Industrial y Tecnol\u00f3gico de Florencio Varela (PITEC).<\/p>\n\n\n\n<p>Las instalaciones tienen una superficie de 6.000 m2 y fueron construidas tras una inversi\u00f3n de m\u00e1s de US$6 millones. La firma es referente en la producci\u00f3n de poliuretano y la principal proveedora de la industria de filtros en todo el pa\u00eds.<\/p>\n\n\n\n<p>Con la participaci\u00f3n del ministro de Desarrollo Agrario, Javier Rodr\u00edguez, se puso en funcionamiento un Mercado Bonaerense Fijo en el barrio La Carolina 5. De esta forma, se promueve el v\u00ednculo directo entre productores locales y consumidores para la comercializaci\u00f3n de bienes de primera necesidad a un precio justo.<\/p>\n\n\n\n<p>Por \u00faltimo, Kicillof sostuvo: \u201cAunque el Gobierno nacional crea lo contrario, los pa\u00edses m\u00e1s desarrollados del mundo se est\u00e1n encargando de cuidar a su industria y a su empresariado nacional: nosotros en la Provincia tambi\u00e9n protegemos a quienes invierten, generan empleo y mantienen en movimiento la econom\u00eda\u201d. \u201cVamos a seguir por este camino, comprometidos con la educaci\u00f3n, la salud, la producci\u00f3n y el trabajo, porque es lo que nos pide nuestro pueblo\u201d, concluy\u00f3.<\/p>\n\n\n\n<p>Estuvieron presentes tambi\u00e9n la jefa de Asesores del Gobernador, Cristina \u00c1lvarez Rodr\u00edguez; el ministro de Infraestructura y Servicios P\u00fablicos, Gabriel Katopodis; los subsecretarios de Educaci\u00f3n, Pablo Urquiza; de Desarrollo Comercial y Promoci\u00f3n de Inversiones, Ariel Aguilar; y de Industria, Pymes y Cooperativas, Mariela Bembi; el director provincial de Vinculaci\u00f3n con el Sistema Universitario y Cient\u00edfico, Juan Brardinelli; la directora Ejecutiva del Organismo Provincial de Integraci\u00f3n Social y Urbana, Romina Barrios; los intendentes de Leandro N. Alem, Carlos Ferraris; de Alberti, Germ\u00e1n Lago; y de Las Flores, Alberto Gelen\u00e9; la directora de Coordinaci\u00f3n de la Negociaci\u00f3n Colectiva Municipal, Macarena Kunkel; el dirigente Carlos Kunkel; y la presidenta de Mas-Tin, Susana Arguello.<\/p>\n","protected":false},"excerpt":{"rendered":"<p>Adem&aacute;s, el Gobernador encabez&oacute; la apertura de un Mercado Bonaerense Fijo y particip&oacute; de la presentaci&oacute;n de nuevas inversiones en el Parque Industrial. El gobernador de la provincia de Buenos Aires, Axel Kicillof, encabez&oacute; este martes junto al intendente de Florencio Varela, Andr&eacute;s Watson, las inauguraciones del nuevo Jard&iacute;n de Infantes N&deg;950 y de un &hellip; <\/p>\n","protected":false},"author":5,"featured_media":18564,"comment_status":"closed","ping_status":"closed","sticky":false,"template":"","format":"standard","meta":{"om_disable_all_campaigns":false,"_joinchat":[]},"categories":[4],"tags":[46,43,569],"featured_image_urls":{"full":["https:\/\/infotep.com.ar\/wp-content\/uploads\/2024\/12\/Axel-Kicillof_70.jpg",743,530,false],"thumbnail":["https:\/\/infotep.com.ar\/wp-content\/uploads\/2024\/12\/Axel-Kicillof_70-150x150.jpg",150,150,true],"medium":["https:\/\/infotep.com.ar\/wp-content\/uploads\/2024\/12\/Axel-Kicillof_70-300x214.jpg",300,214,true],"medium_large":["https:\/\/infotep.com.ar\/wp-content\/uploads\/2024\/12\/Axel-Kicillof_70.jpg",743,530,false],"large":["https:\/\/infotep.com.ar\/wp-content\/uploads\/2024\/12\/Axel-Kicillof_70.jpg",743,530,false],"1536x1536":["https:\/\/infotep.com.ar\/wp-content\/uploads\/2024\/12\/Axel-Kicillof_70.jpg",743,530,false],"2048x2048":["https:\/\/infotep.com.ar\/wp-content\/uploads\/2024\/12\/Axel-Kicillof_70.jpg",743,530,false],"blossom-feminine-slider":["https:\/\/infotep.com.ar\/wp-content\/uploads\/2024\/12\/Axel-Kicillof_70.jpg",743,530,false],"blossom-feminine-featured":["https:\/\/infotep.com.ar\/wp-content\/uploads\/2024\/12\/Axel-Kicillof_70.jpg",743,530,false],"blossom-feminine-with-sidebar":["https:\/\/infotep.com.ar\/wp-content\/uploads\/2024\/12\/Axel-Kicillof_70.jpg",743,530,false],"blossom-feminine-blog":["https:\/\/infotep.com.ar\/wp-content\/uploads\/2024\/12\/Axel-Kicillof_70-435x435.jpg",435,435,true],"blossom-feminine-cat":["https:\/\/infotep.com.ar\/wp-content\/uploads\/2024\/12\/Axel-Kicillof_70-450x300.jpg",450,300,true],"blossom-feminine-related":["https:\/\/infotep.com.ar\/wp-content\/uploads\/2024\/12\/Axel-Kicillof_70-320x200.jpg",320,200,true],"blossom-feminine-schema":["https:\/\/infotep.com.ar\/wp-content\/uploads\/2024\/12\/Axel-Kicillof_70-84x60.jpg",84,60,true],"blossom-mommy-blog-slider-big":["https:\/\/infotep.com.ar\/wp-content\/uploads\/2024\/12\/Axel-Kicillof_70.jpg",743,530,false],"blossom-mommy-blog-slider":["https:\/\/infotep.com.ar\/wp-content\/uploads\/2024\/12\/Axel-Kicillof_70-460x310.jpg",460,310,true],"blossom-mommy-blog-two":["https:\/\/infotep.com.ar\/wp-content\/uploads\/2024\/12\/Axel-Kicillof_70-743x480.jpg",743,480,true]},"author_info":{"info":["Angela Tobar"]},"category_info":"<a href=\"https:\/\/infotep.com.ar\/index.php\/category\/provinciales\/\" rel=\"category tag\">Provinciales<\/a>","tag_info":"Provinciales","comment_count":"0","_links":{"self":[{"href":"https:\/\/infotep.com.ar\/index.php\/wp-json\/wp\/v2\/posts\/18563"}],"collection":[{"href":"https:\/\/infotep.com.ar\/index.php\/wp-json\/wp\/v2\/posts"}],"about":[{"href":"https:\/\/infotep.com.ar\/index.php\/wp-json\/wp\/v2\/types\/post"}],"author":[{"embeddable":true,"href":"https:\/\/infotep.com.ar\/index.php\/wp-json\/wp\/v2\/users\/5"}],"replies":[{"embeddable":true,"href":"https:\/\/infotep.com.ar\/index.php\/wp-json\/wp\/v2\/comments?post=18563"}],"version-history":[{"count":1,"href":"https:\/\/infotep.com.ar\/index.php\/wp-json\/wp\/v2\/posts\/18563\/revisions"}],"predecessor-version":[{"id":18565,"href":"https:\/\/infotep.com.ar\/index.php\/wp-json\/wp\/v2\/posts\/18563\/revisions\/18565"}],"wp:featuredmedia":[{"embeddable":true,"href":"https:\/\/infotep.com.ar\/index.php\/wp-json\/wp\/v2\/media\/18564"}],"wp:attachment":[{"href":"https:\/\/infotep.com.ar\/index.php\/wp-json\/wp\/v2\/media?parent=18563"}],"wp:term":[{"taxonomy":"category","embeddable":true,"href":"https:\/\/infotep.com.ar\/index.php\/wp-json\/wp\/v2\/categories?post=18563"},{"taxonomy":"post_tag","embeddable":true,"href":"https:\/\/infotep.com.ar\/index.php\/wp-json\/wp\/v2\/tags?post=18563"}],"curies":[{"name":"wp","href":"https:\/\/api.w.org\/{rel}","templated":true}]}}