{"id":18602,"date":"2024-12-05T00:16:00","date_gmt":"2024-12-05T03:16:00","guid":{"rendered":"https:\/\/infotep.com.ar\/?p=18602"},"modified":"2024-12-04T23:20:46","modified_gmt":"2024-12-05T02:20:46","slug":"ituzaingo-se-prepara-para-el-tradicional-encendido-del-arbol-navideno","status":"publish","type":"post","link":"https:\/\/infotep.com.ar\/index.php\/2024\/12\/05\/ituzaingo-se-prepara-para-el-tradicional-encendido-del-arbol-navideno\/","title":{"rendered":"Ituzaing\u00f3 se prepara para el tradicional encendido del \u00e1rbol navide\u00f1o"},"content":{"rendered":"\n<p>Se preparan diversas actividades para compartir en familia, el domingo 8 de diciembre, en la Plaza 20 de Febrero (Soler y Zufriategui).<\/p>\n\n\n\n<p>En el marco del D\u00eda de la Inmaculada Concepci\u00f3n de la Virgen Mar\u00eda, la agenda en el distriro de Ituzaing\u00f3  comenzar\u00e1 a las 19hs, con la celebraci\u00f3n de una Misa, ofrecida por la Parroquia San Judas Tadeo.<br><br><strong>Luego, habr\u00e1 un show de la troupe de artistas circenses, adelantando la magia de una nueva temporada festiva en Ituzaing\u00f3. Como broche de oro de esta jornada, los vecinos y vecinas podr\u00e1n compartir el tradicional encendido del \u00e1rbol navide\u00f1o, y un espect\u00e1culo de acrobacias y efectos de luz.<\/strong><\/p>\n\n\n\n<p class=\"has-light-green-cyan-background-color has-background\">Como todos los a\u00f1os, los chicos y chicas podr\u00e1n escribir sus cartitas y sacarse una foto de recuerdo con Pap\u00e1 Noel que estar\u00e1 en la Plaza 20 de Febrero, el viernes 20, el s\u00e1bado 21 y el domingo 22 de diciembre, entre las 17 y las 20:30hs.<\/p>\n\n\n\n<p><\/p>\n","protected":false},"excerpt":{"rendered":"<p>Se preparan diversas actividades para compartir en familia, el domingo 8 de diciembre, en la Plaza 20 de Febrero (Soler y Zufriategui). En el marco del D&iacute;a de la Inmaculada Concepci&oacute;n de la Virgen Mar&iacute;a, la agenda en el distriro de Ituzaing&oacute; comenzar&aacute; a las 19hs, con la celebraci&oacute;n de una Misa, ofrecida por la &hellip; <\/p>\n","protected":false},"author":5,"featured_media":18603,"comment_status":"closed","ping_status":"closed","sticky":false,"template":"","format":"standard","meta":{"om_disable_all_campaigns":false,"_joinchat":[]},"categories":[8],"tags":[46,51,43,569],"featured_image_urls":{"full":["https:\/\/infotep.com.ar\/wp-content\/uploads\/2024\/12\/Encendido-del-arbol-scaled.jpg",2560,1707,false],"thumbnail":["https:\/\/infotep.com.ar\/wp-content\/uploads\/2024\/12\/Encendido-del-arbol-150x150.jpg",150,150,true],"medium":["https:\/\/infotep.com.ar\/wp-content\/uploads\/2024\/12\/Encendido-del-arbol-300x200.jpg",300,200,true],"medium_large":["https:\/\/infotep.com.ar\/wp-content\/uploads\/2024\/12\/Encendido-del-arbol-768x512.jpg",768,512,true],"large":["https:\/\/infotep.com.ar\/wp-content\/uploads\/2024\/12\/Encendido-del-arbol-1024x683.jpg",1020,680,true],"1536x1536":["https:\/\/infotep.com.ar\/wp-content\/uploads\/2024\/12\/Encendido-del-arbol-1536x1024.jpg",1536,1024,true],"2048x2048":["https:\/\/infotep.com.ar\/wp-content\/uploads\/2024\/12\/Encendido-del-arbol-2048x1365.jpg",2048,1365,true],"blossom-feminine-slider":["https:\/\/infotep.com.ar\/wp-content\/uploads\/2024\/12\/Encendido-del-arbol-1920x649.jpg",1920,649,true],"blossom-feminine-featured":["https:\/\/infotep.com.ar\/wp-content\/uploads\/2024\/12\/Encendido-del-arbol-1410x600.jpg",1410,600,true],"blossom-feminine-with-sidebar":["https:\/\/infotep.com.ar\/wp-content\/uploads\/2024\/12\/Encendido-del-arbol-1020x600.jpg",1020,600,true],"blossom-feminine-blog":["https:\/\/infotep.com.ar\/wp-content\/uploads\/2024\/12\/Encendido-del-arbol-435x435.jpg",435,435,true],"blossom-feminine-cat":["https:\/\/infotep.com.ar\/wp-content\/uploads\/2024\/12\/Encendido-del-arbol-450x300.jpg",450,300,true],"blossom-feminine-related":["https:\/\/infotep.com.ar\/wp-content\/uploads\/2024\/12\/Encendido-del-arbol-320x200.jpg",320,200,true],"blossom-feminine-schema":["https:\/\/infotep.com.ar\/wp-content\/uploads\/2024\/12\/Encendido-del-arbol-90x60.jpg",90,60,true],"blossom-mommy-blog-slider-big":["https:\/\/infotep.com.ar\/wp-content\/uploads\/2024\/12\/Encendido-del-arbol-920x650.jpg",920,650,true],"blossom-mommy-blog-slider":["https:\/\/infotep.com.ar\/wp-content\/uploads\/2024\/12\/Encendido-del-arbol-460x310.jpg",460,310,true],"blossom-mommy-blog-two":["https:\/\/infotep.com.ar\/wp-content\/uploads\/2024\/12\/Encendido-del-arbol-768x480.jpg",768,480,true]},"author_info":{"info":["Angela Tobar"]},"category_info":"<a href=\"https:\/\/infotep.com.ar\/index.php\/category\/municipales\/ituzaingo\/\" rel=\"category tag\">Ituzaing\u00f3<\/a>","tag_info":"Ituzaing\u00f3","comment_count":"0","_links":{"self":[{"href":"https:\/\/infotep.com.ar\/index.php\/wp-json\/wp\/v2\/posts\/18602"}],"collection":[{"href":"https:\/\/infotep.com.ar\/index.php\/wp-json\/wp\/v2\/posts"}],"about":[{"href":"https:\/\/infotep.com.ar\/index.php\/wp-json\/wp\/v2\/types\/post"}],"author":[{"embeddable":true,"href":"https:\/\/infotep.com.ar\/index.php\/wp-json\/wp\/v2\/users\/5"}],"replies":[{"embeddable":true,"href":"https:\/\/infotep.com.ar\/index.php\/wp-json\/wp\/v2\/comments?post=18602"}],"version-history":[{"count":1,"href":"https:\/\/infotep.com.ar\/index.php\/wp-json\/wp\/v2\/posts\/18602\/revisions"}],"predecessor-version":[{"id":18604,"href":"https:\/\/infotep.com.ar\/index.php\/wp-json\/wp\/v2\/posts\/18602\/revisions\/18604"}],"wp:featuredmedia":[{"embeddable":true,"href":"https:\/\/infotep.com.ar\/index.php\/wp-json\/wp\/v2\/media\/18603"}],"wp:attachment":[{"href":"https:\/\/infotep.com.ar\/index.php\/wp-json\/wp\/v2\/media?parent=18602"}],"wp:term":[{"taxonomy":"category","embeddable":true,"href":"https:\/\/infotep.com.ar\/index.php\/wp-json\/wp\/v2\/categories?post=18602"},{"taxonomy":"post_tag","embeddable":true,"href":"https:\/\/infotep.com.ar\/index.php\/wp-json\/wp\/v2\/tags?post=18602"}],"curies":[{"name":"wp","href":"https:\/\/api.w.org\/{rel}","templated":true}]}}