{"id":18605,"date":"2024-12-05T00:00:00","date_gmt":"2024-12-05T03:00:00","guid":{"rendered":"https:\/\/infotep.com.ar\/?p=18605"},"modified":"2024-12-05T00:01:35","modified_gmt":"2024-12-05T03:01:35","slug":"silvia-caprino-renovo-su-mandato-como-defensora-del-pueblo-de-la-matanza","status":"publish","type":"post","link":"https:\/\/infotep.com.ar\/index.php\/2024\/12\/05\/silvia-caprino-renovo-su-mandato-como-defensora-del-pueblo-de-la-matanza\/","title":{"rendered":"Silvia Caprino renov\u00f3 su mandato como Defensora del Pueblo de La Matanza"},"content":{"rendered":"\n<p>La Defensor\u00eda del Pueblo de La Matanza estar\u00e1 a cargo de Silvia Caprino que fue reelecta por sexta vez consecutiva, con una amplia mayor\u00eda de votos de las y los concejales matanceros en el Honorable Concejo Deliberante (HCD), luego de un proceso que involucr\u00f3 a otros dos candidatos.<\/p>\n\n\n\n<p>Con la presencia del Intendente Municipal y Presidente de la Federaci\u00f3n Argentina de Municipios (FAM), Fernando Espinoza, la presidenta del Honorable Concejo Deliberante, Liliana Yambrun, le tom\u00f3 juramento a la Defensora del Pueblo de La Matanza, Silvia Caprino, quien inici\u00f3 su sexta gesti\u00f3n al mando de la instituci\u00f3n que brega por el cumplimiento de los derechos vulnerados de los habitantes del distrito.<\/p>\n\n\n\n<p><strong>El evento se dio en el marco de los 20 a\u00f1os de la creaci\u00f3n de la Defensor\u00eda del Pueblo de La Matanza. Al ser consultado Fernando Espinoza sostuvo: \u201cVan dos d\u00e9cadas ininterrumpidas de este rol y esta labor tan importante en nuestro Municipio, por parte de la Defensor\u00eda del Pueblo; no es otra cosa que la consolidaci\u00f3n de la institucionalidad y de la vida democr\u00e1tica del distrito\u201d, y continu\u00f3: \u201cLa Defensor\u00eda del Pueblo implica, desde el Estado, estar cerca al pueblo desde la escucha, la humildad, el respeto y el compromiso con las vecinas y vecinos; siempre para poder construir una mejor comunidad, con identidad individual y colectiva\u201d.<\/strong><\/p>\n\n\n\n<figure class=\"wp-block-image size-large\"><img decoding=\"async\" loading=\"lazy\" width=\"1024\" height=\"668\" src=\"https:\/\/infotep.com.ar\/wp-content\/uploads\/2024\/12\/caprino-def-del-pueblo-0016-1024x668.jpg\" alt=\"\" class=\"wp-image-18607\" srcset=\"https:\/\/infotep.com.ar\/wp-content\/uploads\/2024\/12\/caprino-def-del-pueblo-0016-1024x668.jpg 1024w, https:\/\/infotep.com.ar\/wp-content\/uploads\/2024\/12\/caprino-def-del-pueblo-0016-300x196.jpg 300w, https:\/\/infotep.com.ar\/wp-content\/uploads\/2024\/12\/caprino-def-del-pueblo-0016-768x501.jpg 768w, https:\/\/infotep.com.ar\/wp-content\/uploads\/2024\/12\/caprino-def-del-pueblo-0016-92x60.jpg 92w, https:\/\/infotep.com.ar\/wp-content\/uploads\/2024\/12\/caprino-def-del-pueblo-0016.jpg 1032w\" sizes=\"(max-width: 1024px) 100vw, 1024px\" \/><\/figure>\n\n\n\n<p class=\"has-light-green-cyan-background-color has-background\">Al hacer uso de la palabra ante los presentes, Silvia Caprino, manifest\u00f3: \u201cEn estos \u00faltimos tiempos ha habido un deterioro muy grande respecto al ejercicio de los derechos y eso ha generado dos cosas que nosotros detectamos en la poblaci\u00f3n y en quienes se acercan a la Defensor\u00eda: por un lado una situaci\u00f3n de intolerancia e individualismo, que genera discusiones que se pueden resolver con una pol\u00edtica de pacificaci\u00f3n y armon\u00eda; por otro lado, por motivos que son econ\u00f3micos, en el Estado nacional se toman decisiones que recortan y complejizan, como por ejemplo el acceso a la medicaci\u00f3n de los jubilados. Estamos hablando con todos los defensores del pa\u00eds y fuerzas vivas de La Matanza para que las jubiladas y jubilados puedan acceder a los medicamentos\u201d, enfatiz\u00f3 la Defensora.<\/p>\n\n\n\n<p>Al cerrar su discurso en la sesi\u00f3n especial del HCD, Silvia Caprino asegur\u00f3: \u201cVamos a seguir trabajando, como lo hacemos hace mucho en La Matanza, con la comunidad y con las instituciones. A su vez, continuaremos con el programa Defensor Infantil destinado a los m\u00e1s chicos de barrios vulnerables, para que conozcan sus derechos, y c\u00f3mo funciona el Estado y que tengan las herramientas necesarias para asegurar su normal desarrollo y su protecci\u00f3n\u201d.<\/p>\n\n\n\n<p>Durante el acto, se destac\u00f3 la importancia de la Defensor\u00eda del Pueblo, en su 20 a\u00f1os de funcionamiento, como pilar fundamental de la democracia y de la vida institucional del distrito, y un espacio clave para la protecci\u00f3n de derechos de la comunidad en toda La Matanza; renovando su misi\u00f3n de trabajar junto a la gente y las instituciones locales por una sociedad m\u00e1s justa, inclusiva y solidaria.<\/p>\n","protected":false},"excerpt":{"rendered":"<p>La Defensor&iacute;a del Pueblo de La Matanza estar&aacute; a cargo de Silvia Caprino que fue reelecta por sexta vez consecutiva, con una amplia mayor&iacute;a de votos de las y los concejales matanceros en el Honorable Concejo Deliberante (HCD), luego de un proceso que involucr&oacute; a otros dos candidatos. Con la presencia del Intendente Municipal y &hellip; <\/p>\n","protected":false},"author":5,"featured_media":18606,"comment_status":"closed","ping_status":"closed","sticky":false,"template":"","format":"standard","meta":{"om_disable_all_campaigns":false,"_joinchat":[]},"categories":[31,26],"tags":[583,60,46,59,582,43],"featured_image_urls":{"full":["https:\/\/infotep.com.ar\/wp-content\/uploads\/2024\/12\/caprino-def-del-pueblo-0015.jpg",1210,807,false],"thumbnail":["https:\/\/infotep.com.ar\/wp-content\/uploads\/2024\/12\/caprino-def-del-pueblo-0015-150x150.jpg",150,150,true],"medium":["https:\/\/infotep.com.ar\/wp-content\/uploads\/2024\/12\/caprino-def-del-pueblo-0015-300x200.jpg",300,200,true],"medium_large":["https:\/\/infotep.com.ar\/wp-content\/uploads\/2024\/12\/caprino-def-del-pueblo-0015-768x512.jpg",768,512,true],"large":["https:\/\/infotep.com.ar\/wp-content\/uploads\/2024\/12\/caprino-def-del-pueblo-0015-1024x683.jpg",1020,680,true],"1536x1536":["https:\/\/infotep.com.ar\/wp-content\/uploads\/2024\/12\/caprino-def-del-pueblo-0015.jpg",1210,807,false],"2048x2048":["https:\/\/infotep.com.ar\/wp-content\/uploads\/2024\/12\/caprino-def-del-pueblo-0015.jpg",1210,807,false],"blossom-feminine-slider":["https:\/\/infotep.com.ar\/wp-content\/uploads\/2024\/12\/caprino-def-del-pueblo-0015-1210x649.jpg",1210,649,true],"blossom-feminine-featured":["https:\/\/infotep.com.ar\/wp-content\/uploads\/2024\/12\/caprino-def-del-pueblo-0015-1210x600.jpg",1210,600,true],"blossom-feminine-with-sidebar":["https:\/\/infotep.com.ar\/wp-content\/uploads\/2024\/12\/caprino-def-del-pueblo-0015-1020x600.jpg",1020,600,true],"blossom-feminine-blog":["https:\/\/infotep.com.ar\/wp-content\/uploads\/2024\/12\/caprino-def-del-pueblo-0015-435x435.jpg",435,435,true],"blossom-feminine-cat":["https:\/\/infotep.com.ar\/wp-content\/uploads\/2024\/12\/caprino-def-del-pueblo-0015-450x300.jpg",450,300,true],"blossom-feminine-related":["https:\/\/infotep.com.ar\/wp-content\/uploads\/2024\/12\/caprino-def-del-pueblo-0015-320x200.jpg",320,200,true],"blossom-feminine-schema":["https:\/\/infotep.com.ar\/wp-content\/uploads\/2024\/12\/caprino-def-del-pueblo-0015-90x60.jpg",90,60,true],"blossom-mommy-blog-slider-big":["https:\/\/infotep.com.ar\/wp-content\/uploads\/2024\/12\/caprino-def-del-pueblo-0015-920x650.jpg",920,650,true],"blossom-mommy-blog-slider":["https:\/\/infotep.com.ar\/wp-content\/uploads\/2024\/12\/caprino-def-del-pueblo-0015-460x310.jpg",460,310,true],"blossom-mommy-blog-two":["https:\/\/infotep.com.ar\/wp-content\/uploads\/2024\/12\/caprino-def-del-pueblo-0015-768x480.jpg",768,480,true]},"author_info":{"info":["Angela Tobar"]},"category_info":"<a href=\"https:\/\/infotep.com.ar\/index.php\/category\/destacadas\/\" rel=\"category tag\">Destacadas<\/a> <a href=\"https:\/\/infotep.com.ar\/index.php\/category\/municipales\/la-matanza\/\" rel=\"category tag\">La Matanza<\/a>","tag_info":"La Matanza","comment_count":"0","_links":{"self":[{"href":"https:\/\/infotep.com.ar\/index.php\/wp-json\/wp\/v2\/posts\/18605"}],"collection":[{"href":"https:\/\/infotep.com.ar\/index.php\/wp-json\/wp\/v2\/posts"}],"about":[{"href":"https:\/\/infotep.com.ar\/index.php\/wp-json\/wp\/v2\/types\/post"}],"author":[{"embeddable":true,"href":"https:\/\/infotep.com.ar\/index.php\/wp-json\/wp\/v2\/users\/5"}],"replies":[{"embeddable":true,"href":"https:\/\/infotep.com.ar\/index.php\/wp-json\/wp\/v2\/comments?post=18605"}],"version-history":[{"count":1,"href":"https:\/\/infotep.com.ar\/index.php\/wp-json\/wp\/v2\/posts\/18605\/revisions"}],"predecessor-version":[{"id":18608,"href":"https:\/\/infotep.com.ar\/index.php\/wp-json\/wp\/v2\/posts\/18605\/revisions\/18608"}],"wp:featuredmedia":[{"embeddable":true,"href":"https:\/\/infotep.com.ar\/index.php\/wp-json\/wp\/v2\/media\/18606"}],"wp:attachment":[{"href":"https:\/\/infotep.com.ar\/index.php\/wp-json\/wp\/v2\/media?parent=18605"}],"wp:term":[{"taxonomy":"category","embeddable":true,"href":"https:\/\/infotep.com.ar\/index.php\/wp-json\/wp\/v2\/categories?post=18605"},{"taxonomy":"post_tag","embeddable":true,"href":"https:\/\/infotep.com.ar\/index.php\/wp-json\/wp\/v2\/tags?post=18605"}],"curies":[{"name":"wp","href":"https:\/\/api.w.org\/{rel}","templated":true}]}}