{"id":18613,"date":"2024-12-05T00:32:00","date_gmt":"2024-12-05T03:32:00","guid":{"rendered":"https:\/\/infotep.com.ar\/?p=18613"},"modified":"2024-12-04T23:33:38","modified_gmt":"2024-12-05T02:33:38","slug":"organizaciones-presentaran-manana-un-pedido-de-reunion-a-pettovello-para-reclamar-el-reconocimiento-a-comedores","status":"publish","type":"post","link":"https:\/\/infotep.com.ar\/index.php\/2024\/12\/05\/organizaciones-presentaran-manana-un-pedido-de-reunion-a-pettovello-para-reclamar-el-reconocimiento-a-comedores\/","title":{"rendered":"Organizaciones presentar\u00e1n ma\u00f1ana un pedido de reuni\u00f3n a Pettovello para reclamar el reconocimiento a comedores"},"content":{"rendered":"\n<p><br>La agrupaci\u00f3n &#8220;Territorios en Lucha&#8221; presentar\u00e1 ma\u00f1ana un &#8220;pedido de reuni\u00f3n urgente&#8221; a la ministra de Capital Humano, Sandra Pettovello, y al secretario de Ni\u00f1ez, Adolescencia y Familia, Juan Bautista Ordo\u00f1ez, para reclamar el reconocimiento de comedores comunitarios, luego del fallo que oblig\u00f3 a esa cartera a reincorporar 66 comedores que hab\u00edan quedado excluidos.<\/p>\n\n\n\n<p><strong>La agrupaci\u00f3n presentar\u00e1 un pedido de &#8220;reuni\u00f3n urgente&#8221; a Pettovello y Ordo\u00f1ez para que reconozcan &#8220;los miles de comedores que han sido visitados por empleados de su cartera&#8221;.<\/strong><\/p>\n\n\n\n<p>La agrupaci\u00f3n afirm\u00f3 que a un a\u00f1o de la asunci\u00f3n de Javier Milei &#8220;los problemas que arrastr\u00e1bamos de gobiernos anteriores se agravaron dram\u00e1ticamente&#8221; y agregaron que el mandatario &#8220;ya es parte de esa casta&#8221;.<\/p>\n\n\n\n<p class=\"has-light-green-cyan-background-color has-background\">Manifest\u00f3 que &#8220;la motosierra pas\u00f3 por la educaci\u00f3n p\u00fablica, la salud, la ciencia, el salario m\u00ednimo vital y m\u00f3vil&#8221; pero por sobre todo &#8220;atac\u00f3 crudamente a los jubilados y jubiladas&#8221;.<\/p>\n\n\n\n<p>La agrupaci\u00f3n marchar\u00e1 ma\u00f1ana hacia Plaza de Mayo en conjunto con el resto de sectores convocantes a la Jornada Federal para ratificar la &#8220;voluntad de confluencia&#8221; en la m\u00e1s &#8220;amplia unidad de trabajadores ocupades y desocupades&#8221;, con el objetivo de &#8220;ponerle freno&#8221; al &#8220;proyecto de hambre y saqueo de nuestros territorios&#8221;.<\/p>\n\n\n\n<p>El Ministerio de Capital Humano anunci\u00f3 el lunes \u00faltimo que hab\u00eda resuelto cumplir con la orden de la Justicia Contencioso Administrativa que establec\u00eda que se deb\u00eda reincorporar en el Programa Alimentar Comunidad a 66 comedores comunitarios que hab\u00edan sido excluidos.<\/p>\n","protected":false},"excerpt":{"rendered":"<p>La agrupaci&oacute;n &ldquo;Territorios en Lucha&rdquo; presentar&aacute; ma&ntilde;ana un &ldquo;pedido de reuni&oacute;n urgente&rdquo; a la ministra de Capital Humano, Sandra Pettovello, y al secretario de Ni&ntilde;ez, Adolescencia y Familia, Juan Bautista Ordo&ntilde;ez, para reclamar el reconocimiento de comedores comunitarios, luego del fallo que oblig&oacute; a esa cartera a reincorporar 66 comedores que hab&iacute;an quedado excluidos. La &hellip; <\/p>\n","protected":false},"author":5,"featured_media":13923,"comment_status":"closed","ping_status":"closed","sticky":false,"template":"","format":"standard","meta":{"om_disable_all_campaigns":false,"_joinchat":[]},"categories":[3],"tags":[46,43,569],"featured_image_urls":{"full":["https:\/\/infotep.com.ar\/wp-content\/uploads\/2024\/06\/petovelo.webp",1280,648,false],"thumbnail":["https:\/\/infotep.com.ar\/wp-content\/uploads\/2024\/06\/petovelo-150x150.webp",150,150,true],"medium":["https:\/\/infotep.com.ar\/wp-content\/uploads\/2024\/06\/petovelo-300x152.webp",300,152,true],"medium_large":["https:\/\/infotep.com.ar\/wp-content\/uploads\/2024\/06\/petovelo-768x389.webp",768,389,true],"large":["https:\/\/infotep.com.ar\/wp-content\/uploads\/2024\/06\/petovelo-1024x518.webp",1020,516,true],"1536x1536":["https:\/\/infotep.com.ar\/wp-content\/uploads\/2024\/06\/petovelo.webp",1280,648,false],"2048x2048":["https:\/\/infotep.com.ar\/wp-content\/uploads\/2024\/06\/petovelo.webp",1280,648,false],"blossom-feminine-slider":["https:\/\/infotep.com.ar\/wp-content\/uploads\/2024\/06\/petovelo.webp",1280,648,false],"blossom-feminine-featured":["https:\/\/infotep.com.ar\/wp-content\/uploads\/2024\/06\/petovelo-1280x600.webp",1280,600,true],"blossom-feminine-with-sidebar":["https:\/\/infotep.com.ar\/wp-content\/uploads\/2024\/06\/petovelo-1020x600.webp",1020,600,true],"blossom-feminine-blog":["https:\/\/infotep.com.ar\/wp-content\/uploads\/2024\/06\/petovelo-435x435.webp",435,435,true],"blossom-feminine-cat":["https:\/\/infotep.com.ar\/wp-content\/uploads\/2024\/06\/petovelo-450x300.webp",450,300,true],"blossom-feminine-related":["https:\/\/infotep.com.ar\/wp-content\/uploads\/2024\/06\/petovelo-320x200.webp",320,200,true],"blossom-feminine-schema":["https:\/\/infotep.com.ar\/wp-content\/uploads\/2024\/06\/petovelo-119x60.webp",119,60,true],"blossom-mommy-blog-slider-big":["https:\/\/infotep.com.ar\/wp-content\/uploads\/2024\/06\/petovelo-920x648.webp",920,648,true],"blossom-mommy-blog-slider":["https:\/\/infotep.com.ar\/wp-content\/uploads\/2024\/06\/petovelo-460x310.webp",460,310,true],"blossom-mommy-blog-two":["https:\/\/infotep.com.ar\/wp-content\/uploads\/2024\/06\/petovelo-768x480.webp",768,480,true]},"author_info":{"info":["Angela Tobar"]},"category_info":"<a href=\"https:\/\/infotep.com.ar\/index.php\/category\/nacionales\/\" rel=\"category tag\">Nacionales<\/a>","tag_info":"Nacionales","comment_count":"0","_links":{"self":[{"href":"https:\/\/infotep.com.ar\/index.php\/wp-json\/wp\/v2\/posts\/18613"}],"collection":[{"href":"https:\/\/infotep.com.ar\/index.php\/wp-json\/wp\/v2\/posts"}],"about":[{"href":"https:\/\/infotep.com.ar\/index.php\/wp-json\/wp\/v2\/types\/post"}],"author":[{"embeddable":true,"href":"https:\/\/infotep.com.ar\/index.php\/wp-json\/wp\/v2\/users\/5"}],"replies":[{"embeddable":true,"href":"https:\/\/infotep.com.ar\/index.php\/wp-json\/wp\/v2\/comments?post=18613"}],"version-history":[{"count":1,"href":"https:\/\/infotep.com.ar\/index.php\/wp-json\/wp\/v2\/posts\/18613\/revisions"}],"predecessor-version":[{"id":18614,"href":"https:\/\/infotep.com.ar\/index.php\/wp-json\/wp\/v2\/posts\/18613\/revisions\/18614"}],"wp:featuredmedia":[{"embeddable":true,"href":"https:\/\/infotep.com.ar\/index.php\/wp-json\/wp\/v2\/media\/13923"}],"wp:attachment":[{"href":"https:\/\/infotep.com.ar\/index.php\/wp-json\/wp\/v2\/media?parent=18613"}],"wp:term":[{"taxonomy":"category","embeddable":true,"href":"https:\/\/infotep.com.ar\/index.php\/wp-json\/wp\/v2\/categories?post=18613"},{"taxonomy":"post_tag","embeddable":true,"href":"https:\/\/infotep.com.ar\/index.php\/wp-json\/wp\/v2\/tags?post=18613"}],"curies":[{"name":"wp","href":"https:\/\/api.w.org\/{rel}","templated":true}]}}