{"id":18637,"date":"2024-12-05T16:23:25","date_gmt":"2024-12-05T19:23:25","guid":{"rendered":"https:\/\/infotep.com.ar\/?p=18637"},"modified":"2024-12-05T16:24:28","modified_gmt":"2024-12-05T19:24:28","slug":"muerte-de-la-mujer-de-fernando-caceres-peritan-los-celulares","status":"publish","type":"post","link":"https:\/\/infotep.com.ar\/index.php\/2024\/12\/05\/muerte-de-la-mujer-de-fernando-caceres-peritan-los-celulares\/","title":{"rendered":"Muerte de la mujer de Fernando C\u00e1ceres: peritan los celulares"},"content":{"rendered":"\n<p>Se est\u00e1 llevando adelante la investigaci\u00f3n en el marco de la causa caratulada por &#8220;averiguaci\u00f3n de causales de muerte\u201d.<br><br>Tras la muerte de la mujer del \u201cNegro\u201d C\u00e1ceres, la cual a\u00fan no se determinaron las causas de su deceso, se peritan los celulares de Raquel Cand\u00eda, y de su pareja.<\/p>\n\n\n\n<p>Por el momento, el fiscal de la causa, Carlos Adri\u00e1n Arribas, espera el resultado de la medida que requiri\u00f3 de los m\u00f3viles mientras que contin\u00faa analizando las c\u00e1maras de seguridad para concretar qu\u00e9 fue lo que sucedi\u00f3 ya que Cand\u00eda, pareja del exfutbolista Fernando C\u00e1ceres, cay\u00f3 del balc\u00f3n de su departamento en un s\u00e9ptimo piso en Ramos Mej\u00eda.<\/p>\n\n\n\n<p>Adem\u00e1s, se est\u00e1 llevando adelante la investigaci\u00f3n en el marco de la causa caratulada por &#8220;averiguaci\u00f3n de causales de muerte\u201d por lo que no detuvo a C\u00e1ceres y hasta ahora dispuso la pericia de los tel\u00e9fonos celulares tanto de \u00e9l como de Cand\u00eda.<\/p>\n\n\n\n<p>Las pericias a los celulares ser\u00e1n llevadas a cabo por la Polic\u00eda Federal Argentina, pero se espera que los resultados se demoren, ya que los an\u00e1lisis est\u00e1n previstos para marzo del pr\u00f3ximo a\u00f1o.<\/p>\n\n\n\n<p>Por \u00faltimo, C\u00e1ceres contin\u00faa en libertad y no prest\u00f3 declaraciones pese a encontrarse en su departamento al momento de la muerte. Solo relat\u00f3 los hechos cuando la Polic\u00eda Bonaerense se present\u00f3 al lugar y revel\u00f3 que hab\u00eda discutido con Cand\u00eda, luego se qued\u00f3 dormido y al despertarse la hall\u00f3 muerta.<\/p>\n","protected":false},"excerpt":{"rendered":"<p>Se est&aacute; llevando adelante la investigaci&oacute;n en el marco de la causa caratulada por &ldquo;averiguaci&oacute;n de causales de muerte&rdquo;. Tras la muerte de la mujer del &ldquo;Negro&rdquo; C&aacute;ceres, la cual a&uacute;n no se determinaron las causas de su deceso, se peritan los celulares de Raquel Cand&iacute;a, y de su pareja. Por el momento, el fiscal &hellip; <\/p>\n","protected":false},"author":5,"featured_media":18638,"comment_status":"closed","ping_status":"closed","sticky":false,"template":"","format":"standard","meta":{"om_disable_all_campaigns":false,"_joinchat":[]},"categories":[26],"tags":[46,43],"featured_image_urls":{"full":["https:\/\/infotep.com.ar\/wp-content\/uploads\/2024\/12\/caceres.webp",630,360,false],"thumbnail":["https:\/\/infotep.com.ar\/wp-content\/uploads\/2024\/12\/caceres-150x150.webp",150,150,true],"medium":["https:\/\/infotep.com.ar\/wp-content\/uploads\/2024\/12\/caceres-300x171.webp",300,171,true],"medium_large":["https:\/\/infotep.com.ar\/wp-content\/uploads\/2024\/12\/caceres.webp",630,360,false],"large":["https:\/\/infotep.com.ar\/wp-content\/uploads\/2024\/12\/caceres.webp",630,360,false],"1536x1536":["https:\/\/infotep.com.ar\/wp-content\/uploads\/2024\/12\/caceres.webp",630,360,false],"2048x2048":["https:\/\/infotep.com.ar\/wp-content\/uploads\/2024\/12\/caceres.webp",630,360,false],"blossom-feminine-slider":["https:\/\/infotep.com.ar\/wp-content\/uploads\/2024\/12\/caceres.webp",630,360,false],"blossom-feminine-featured":["https:\/\/infotep.com.ar\/wp-content\/uploads\/2024\/12\/caceres.webp",630,360,false],"blossom-feminine-with-sidebar":["https:\/\/infotep.com.ar\/wp-content\/uploads\/2024\/12\/caceres.webp",630,360,false],"blossom-feminine-blog":["https:\/\/infotep.com.ar\/wp-content\/uploads\/2024\/12\/caceres-435x360.webp",435,360,true],"blossom-feminine-cat":["https:\/\/infotep.com.ar\/wp-content\/uploads\/2024\/12\/caceres-450x300.webp",450,300,true],"blossom-feminine-related":["https:\/\/infotep.com.ar\/wp-content\/uploads\/2024\/12\/caceres-320x200.webp",320,200,true],"blossom-feminine-schema":["https:\/\/infotep.com.ar\/wp-content\/uploads\/2024\/12\/caceres-105x60.webp",105,60,true],"blossom-mommy-blog-slider-big":["https:\/\/infotep.com.ar\/wp-content\/uploads\/2024\/12\/caceres.webp",630,360,false],"blossom-mommy-blog-slider":["https:\/\/infotep.com.ar\/wp-content\/uploads\/2024\/12\/caceres-460x310.webp",460,310,true],"blossom-mommy-blog-two":["https:\/\/infotep.com.ar\/wp-content\/uploads\/2024\/12\/caceres.webp",630,360,false]},"author_info":{"info":["Angela Tobar"]},"category_info":"<a href=\"https:\/\/infotep.com.ar\/index.php\/category\/municipales\/la-matanza\/\" rel=\"category tag\">La Matanza<\/a>","tag_info":"La Matanza","comment_count":"0","_links":{"self":[{"href":"https:\/\/infotep.com.ar\/index.php\/wp-json\/wp\/v2\/posts\/18637"}],"collection":[{"href":"https:\/\/infotep.com.ar\/index.php\/wp-json\/wp\/v2\/posts"}],"about":[{"href":"https:\/\/infotep.com.ar\/index.php\/wp-json\/wp\/v2\/types\/post"}],"author":[{"embeddable":true,"href":"https:\/\/infotep.com.ar\/index.php\/wp-json\/wp\/v2\/users\/5"}],"replies":[{"embeddable":true,"href":"https:\/\/infotep.com.ar\/index.php\/wp-json\/wp\/v2\/comments?post=18637"}],"version-history":[{"count":1,"href":"https:\/\/infotep.com.ar\/index.php\/wp-json\/wp\/v2\/posts\/18637\/revisions"}],"predecessor-version":[{"id":18639,"href":"https:\/\/infotep.com.ar\/index.php\/wp-json\/wp\/v2\/posts\/18637\/revisions\/18639"}],"wp:featuredmedia":[{"embeddable":true,"href":"https:\/\/infotep.com.ar\/index.php\/wp-json\/wp\/v2\/media\/18638"}],"wp:attachment":[{"href":"https:\/\/infotep.com.ar\/index.php\/wp-json\/wp\/v2\/media?parent=18637"}],"wp:term":[{"taxonomy":"category","embeddable":true,"href":"https:\/\/infotep.com.ar\/index.php\/wp-json\/wp\/v2\/categories?post=18637"},{"taxonomy":"post_tag","embeddable":true,"href":"https:\/\/infotep.com.ar\/index.php\/wp-json\/wp\/v2\/tags?post=18637"}],"curies":[{"name":"wp","href":"https:\/\/api.w.org\/{rel}","templated":true}]}}