{"id":18703,"date":"2024-12-09T01:53:18","date_gmt":"2024-12-09T04:53:18","guid":{"rendered":"https:\/\/infotep.com.ar\/?p=18703"},"modified":"2024-12-09T01:53:19","modified_gmt":"2024-12-09T04:53:19","slug":"cristina-kirchner-asumira-como-presidenta-del-pj-en-busca-de-reagrupar-al-peronismo-para-las-elecciones-2025-2","status":"publish","type":"post","link":"https:\/\/infotep.com.ar\/index.php\/2024\/12\/09\/cristina-kirchner-asumira-como-presidenta-del-pj-en-busca-de-reagrupar-al-peronismo-para-las-elecciones-2025-2\/","title":{"rendered":"Cristina Kirchner asumir\u00e1 como presidenta del PJ en busca de reagrupar al peronismo para las elecciones 2025"},"content":{"rendered":"\n<p><br>La ex mandataria Cristina Kirchner asumir\u00e1 el mi\u00e9rcoles como presidenta del PJ en la sede de la Universidad Metropolitana para la Educaci\u00f3n y el Trabajo (UMET) e intentar\u00e1 reagrupar al peronismo de cara a las elecciones legislativas de 2025.<\/p>\n\n\n\n<p>El acto se desarrollar\u00e1 desde las 18 y tendr\u00e1 a la ex jefa de Estado como \u00fanica oradora de una ceremonia que tambi\u00e9n pondr\u00e1 en funciones los vicepresidentes y consejeros de &#8220;Primero la Patria&#8221;, la lista que fue proclamada en la interna del PJ luego de que resultara impugnada la candidatura del gobernador riojano, Ricardo Quintela.<\/p>\n\n\n\n<p>Aunque a\u00fan no tom\u00f3 posesi\u00f3n formal del cargo, la ex mandataria se viene mostrando como l\u00edder del partido en distintos actos que protagoniz\u00f3 en Santiago del Estero, Rosario y recorridas por el conurbano bonaerense.<\/p>\n\n\n\n<p>Uno de los principales desaf\u00edos que tendr\u00e1 como presidenta del PJ ser\u00e1 reorganizar al peronismo y configurar una nueva unidad en medio de las divisiones internas que se evidenciaron en los \u00faltimos meses.<\/p>\n\n\n\n<p>En la previa de ese acto, Fern\u00e1ndez de Kirchner fue invitada a un acto del PJ bonaerense el pr\u00f3ximo lunes a las 12 en la localidad de Moreno.<\/p>\n\n\n\n<p>Esa convocatoria intentar\u00e1 reunir a la ex presidenta con el gobernador bonaerense, Axel Kicillof, y el referente del Frente Renovador, Sergio Massa, quienes tambi\u00e9n fueron invitados.<\/p>\n\n\n\n<p>El reencuentro p\u00fablico de las tres figuras del peronismo se llevar\u00eda a cabo durante la reuni\u00f3n del Consejo Provincial del PJ que se realizar\u00e1 en la reserva municipal &#8216;Los Robles&#8217;, seg\u00fan indica la carta del PJ que fue enviada a los invitados.<\/p>\n","protected":false},"excerpt":{"rendered":"<p>La ex mandataria Cristina Kirchner asumir&aacute; el mi&eacute;rcoles como presidenta del PJ en la sede de la Universidad Metropolitana para la Educaci&oacute;n y el Trabajo (UMET) e intentar&aacute; reagrupar al peronismo de cara a las elecciones legislativas de 2025. El acto se desarrollar&aacute; desde las 18 y tendr&aacute; a la ex jefa de Estado como &hellip; <\/p>\n","protected":false},"author":5,"featured_media":17314,"comment_status":"closed","ping_status":"closed","sticky":false,"template":"","format":"standard","meta":{"om_disable_all_campaigns":false,"_joinchat":[]},"categories":[31,3],"tags":[119,46,311,43,569],"featured_image_urls":{"full":["https:\/\/infotep.com.ar\/wp-content\/uploads\/2024\/10\/cristina.jpg",1024,579,false],"thumbnail":["https:\/\/infotep.com.ar\/wp-content\/uploads\/2024\/10\/cristina-150x150.jpg",150,150,true],"medium":["https:\/\/infotep.com.ar\/wp-content\/uploads\/2024\/10\/cristina-300x170.jpg",300,170,true],"medium_large":["https:\/\/infotep.com.ar\/wp-content\/uploads\/2024\/10\/cristina-768x434.jpg",768,434,true],"large":["https:\/\/infotep.com.ar\/wp-content\/uploads\/2024\/10\/cristina.jpg",1020,577,false],"1536x1536":["https:\/\/infotep.com.ar\/wp-content\/uploads\/2024\/10\/cristina.jpg",1024,579,false],"2048x2048":["https:\/\/infotep.com.ar\/wp-content\/uploads\/2024\/10\/cristina.jpg",1024,579,false],"blossom-feminine-slider":["https:\/\/infotep.com.ar\/wp-content\/uploads\/2024\/10\/cristina.jpg",1024,579,false],"blossom-feminine-featured":["https:\/\/infotep.com.ar\/wp-content\/uploads\/2024\/10\/cristina.jpg",1024,579,false],"blossom-feminine-with-sidebar":["https:\/\/infotep.com.ar\/wp-content\/uploads\/2024\/10\/cristina-1020x579.jpg",1020,579,true],"blossom-feminine-blog":["https:\/\/infotep.com.ar\/wp-content\/uploads\/2024\/10\/cristina-435x435.jpg",435,435,true],"blossom-feminine-cat":["https:\/\/infotep.com.ar\/wp-content\/uploads\/2024\/10\/cristina-450x300.jpg",450,300,true],"blossom-feminine-related":["https:\/\/infotep.com.ar\/wp-content\/uploads\/2024\/10\/cristina-320x200.jpg",320,200,true],"blossom-feminine-schema":["https:\/\/infotep.com.ar\/wp-content\/uploads\/2024\/10\/cristina-106x60.jpg",106,60,true],"blossom-mommy-blog-slider-big":["https:\/\/infotep.com.ar\/wp-content\/uploads\/2024\/10\/cristina-920x579.jpg",920,579,true],"blossom-mommy-blog-slider":["https:\/\/infotep.com.ar\/wp-content\/uploads\/2024\/10\/cristina-460x310.jpg",460,310,true],"blossom-mommy-blog-two":["https:\/\/infotep.com.ar\/wp-content\/uploads\/2024\/10\/cristina-768x480.jpg",768,480,true]},"author_info":{"info":["Angela Tobar"]},"category_info":"<a href=\"https:\/\/infotep.com.ar\/index.php\/category\/destacadas\/\" rel=\"category tag\">Destacadas<\/a> <a href=\"https:\/\/infotep.com.ar\/index.php\/category\/nacionales\/\" rel=\"category tag\">Nacionales<\/a>","tag_info":"Nacionales","comment_count":"0","_links":{"self":[{"href":"https:\/\/infotep.com.ar\/index.php\/wp-json\/wp\/v2\/posts\/18703"}],"collection":[{"href":"https:\/\/infotep.com.ar\/index.php\/wp-json\/wp\/v2\/posts"}],"about":[{"href":"https:\/\/infotep.com.ar\/index.php\/wp-json\/wp\/v2\/types\/post"}],"author":[{"embeddable":true,"href":"https:\/\/infotep.com.ar\/index.php\/wp-json\/wp\/v2\/users\/5"}],"replies":[{"embeddable":true,"href":"https:\/\/infotep.com.ar\/index.php\/wp-json\/wp\/v2\/comments?post=18703"}],"version-history":[{"count":1,"href":"https:\/\/infotep.com.ar\/index.php\/wp-json\/wp\/v2\/posts\/18703\/revisions"}],"predecessor-version":[{"id":18704,"href":"https:\/\/infotep.com.ar\/index.php\/wp-json\/wp\/v2\/posts\/18703\/revisions\/18704"}],"wp:featuredmedia":[{"embeddable":true,"href":"https:\/\/infotep.com.ar\/index.php\/wp-json\/wp\/v2\/media\/17314"}],"wp:attachment":[{"href":"https:\/\/infotep.com.ar\/index.php\/wp-json\/wp\/v2\/media?parent=18703"}],"wp:term":[{"taxonomy":"category","embeddable":true,"href":"https:\/\/infotep.com.ar\/index.php\/wp-json\/wp\/v2\/categories?post=18703"},{"taxonomy":"post_tag","embeddable":true,"href":"https:\/\/infotep.com.ar\/index.php\/wp-json\/wp\/v2\/tags?post=18703"}],"curies":[{"name":"wp","href":"https:\/\/api.w.org\/{rel}","templated":true}]}}