{"id":18731,"date":"2024-12-09T02:31:16","date_gmt":"2024-12-09T05:31:16","guid":{"rendered":"https:\/\/infotep.com.ar\/?p=18731"},"modified":"2024-12-09T02:31:17","modified_gmt":"2024-12-09T05:31:17","slug":"kicillof-encabeza-un-acto-multisectorial-para-exponer-la-crisis-del-primer-ano-del-presidente","status":"publish","type":"post","link":"https:\/\/infotep.com.ar\/index.php\/2024\/12\/09\/kicillof-encabeza-un-acto-multisectorial-para-exponer-la-crisis-del-primer-ano-del-presidente\/","title":{"rendered":"Kicillof encabeza un acto multisectorial para exponer la crisis del primer a\u00f1o del Presidente"},"content":{"rendered":"\n<p>La convocatoria alcanza a sectores pol\u00edticos, gremiales y universitarios, entre otros. El contraste con la administraci\u00f3n de Javier Milei, a la orden del d\u00eda.<br><br>Al tiempo que Javier Milei est\u00e9 cumpliendo su primer a\u00f1o como Presidente de la Naci\u00f3n, Axel Kicillof celebrar\u00e1 sus cinco a\u00f1os como gobernador de la provincia de Buenos Aires, hecho que coronar\u00e1 con la realizaci\u00f3n de un acto junto a la militancia y diversos sectores de la econom\u00eda.<\/p>\n\n\n\n<p>La actividad la confirm\u00f3 el ministro de Gobierno, Carlos Bianco, en el marco de la habitual conferencia de prensa de todas las semanas en la Casa de Gobierno bonaerense, el escenario elegido ser\u00e1 el distrito de San Mart\u00edn, ubicado en la Primera secci\u00f3n electoral bajo la intendencia de Fernando Moreira y tierra bien conocida por el exintendente y actual ministro de Infraestructura y Servicios P\u00fablicos de Kicillof, Gabriel Katopodis.<\/p>\n\n\n\n<p><strong>La cita ser\u00e1 este lunes en el Centro de Exposiciones Migueletes, donde se congregar\u00e1n dirigentes de peque\u00f1as y medianas empresas, univerdidades, jubilados, clubes de barrio, sectores afectados por la par\u00e1lisis de la obra p\u00fablica, organizaciones de mujeres y trabajadores de diversas ramas.<\/strong><\/p>\n\n\n\n<p>Del mismo modo, fueron convocados cient\u00edficos y personal del Conicet, y tambi\u00e9n del Instituto Nacional de Tecnolog\u00eda Industrial (INTI) y del Instituto Nacional de Tecnolog\u00eda Agropecuaria (INTA), organismos que entraron en tensi\u00f3n desde el inicio de la gesti\u00f3n libertaria, por los despidos y diversas intervenciones contra las becas o el presupuesto para investigaciones.<\/p>\n\n\n\n<p>En palabras de Bianco, la convocatoria se extiende a \u201csectores que se vieron perjudicados en este tiempo\u201d, en referencia a las pol\u00edticas econ\u00f3micas de Milei. El lema que guiar\u00e1 el acto es &#8220;El da\u00f1o de Milei&#8221;.<\/p>\n\n\n\n<p>En el \u00faltimo acto multitudinario que encabez\u00f3 en la localidad de San Pedro por el D\u00eda de la Soberan\u00eda, el gobernador nucle\u00f3 a los integrantes del gabinete bonaerense, intendentes del conurbano y del interior, legisladores y dirigentes sindicales de la Confederaci\u00f3n General del Trabajo (CGT) y de las dos centrales de los trabajadores argentinos, la CTA y la CTA Aut\u00f3mona.<\/p>\n\n\n\n<p>En aquella presentaci\u00f3n, Kicillof fue sumamente cr\u00edtico con el Presidente y, entre otras cosas, se despach\u00f3 contra su forma de pararse ante el mundo y discutir la realidad: \u201cNo estamos discutiendo doctrinas econ\u00f3micas, fallas de mercado; estamos discutiendo si la gente come, si se viste, si los pibes van a la escuela, si alcanza para los remedios&#8221;.<\/p>\n\n\n\n<p>Despu\u00e9s, desde el municipio m\u00e1s austral de la Provincia, Carmen de Patagones, el mandatario pidi\u00f3 \u201chacer el esfuerzo de recorrer los barrios, comprender las problem\u00e1ticas y tener bien claras cu\u00e1les son las prioridades: ante el ajuste de este modelo de especulaci\u00f3n financiera, nosotros reafirmamos que podemos conversar con todos los sectores, pero que primero est\u00e1 el pueblo de la provincia de Buenos Aires\u201d.<\/p>\n\n\n\n<p>La previa<br><strong>La convocatoria en San Mart\u00edn comenzar\u00e1 a las 16:30 horas, pero antes habr\u00e1 jornada de negociaciones. Es que a 40 kil\u00f3metros de all\u00ed, en el distrito de Moreno, se llevar\u00e1 a cabo la reuni\u00f3n del Consejo Provincial del PJ bonaerense, convocado por su titular, M\u00e1ximo Kirchner.<\/strong><\/p>\n\n\n\n<p>Uno de los puntos de la convocatoria es realizar un &#8220;an\u00e1lisis de la situaci\u00f3n pol\u00edtica&#8221;. Por eso y tal como se plante\u00f3 en febrero en Ca\u00f1uelas durante la \u00faltima reuni\u00f3n del Consejo, fueron convocados a la cita la expresidenta de la Naci\u00f3n y actual titular del PJ Nacional, Cristina Kirchner; el propio gobernador Axel Kicillof y el titular del Frente Renovador, Sergio Massa.<\/p>\n\n\n\n<p>Desde el entorno del exministro de Econom\u00eda se\u00f1alaron a Buenos Aires\/12 que el dirigente ten\u00eda programado un vuelo a San Pablo, Brasil, pero lo reprogramar\u00e1 para poder hacerse presente. &#8220;Es una buena se\u00f1al que inviten al Frente Renovador&#8221;, plantearon desde el partido, al marcar que muestra &#8220;la continuidad de la alianza&#8221;, al tiempo que &#8220;es bueno que haya un mensaje de unidad de la oposici\u00f3n&#8221; a Milei.<\/p>\n\n\n\n<p>A una semana de cumplir el quinto a\u00f1o en la gesti\u00f3n, el ministro de Gobierno hizo una evaluaci\u00f3n sobre c\u00f3mo fue llevar adelante el trabajo con dos administraciones nacionales totalmente diferentes en la primera etapa y en la actual; considerando, adem\u00e1s, que la de Alberto Fern\u00e1ndez y Cristina Kirchner formaron parte del mismo espacio pol\u00edtico que el gobernador.<\/p>\n\n\n\n<p>\u201cM\u00e1s all\u00e1 de que hubo cr\u00edticas para con el Gobierno anterior, que las hemos hecho p\u00fablicas, y que tuvieron que ver con la evoluci\u00f3n de los salarios, repasaba un informe de la CTA que muestra que el salario m\u00ednimo vital y m\u00f3vil en el macrismo baj\u00f3, en el gobierno de Alberto se mantuvo planchado y ahora vuelve a caer\u201d, plante\u00f3 Bianco.<\/p>\n\n\n\n<p>En concreto, seg\u00fan los datos de la administraci\u00f3n Kicillof, las deudas directas del Gobierno nacional con la Provincia son de 2,09 billones; mientras que el monto de los saldos de obras p\u00fablicas comprometidas por la administraci\u00f3n nacional es de 5,3 billones de pesos; y la deuda estimada por la discontinuidad o retrasos de programas nacionales lleg\u00f3 a los 371.163 millones de pesos, a octubre de este a\u00f1o.<\/p>\n\n\n\n<p>\u201cRealmente, fue muy distinto gobernar con el gobierno peronista anterior que con este que nos vino a recortar masivamente los recursos\u201d, sentenci\u00f3 Bianco. Aunque dej\u00f3 abierta la puerta de la l\u00ednea que seguir\u00e1 el acto y que ser\u00e1 en la misma l\u00f3gica que los otros que encabez\u00f3 el gobernador en los \u00faltimos meses: \u201cM\u00e1s all\u00e1 de llorar sobre la leche derramada, lo que queremos plantear es una construcci\u00f3n pol\u00edtica que le devuelva la esperanza a los bonaerenses y los argentinos\u201d.<\/p>\n","protected":false},"excerpt":{"rendered":"<p>La convocatoria alcanza a sectores pol&iacute;ticos, gremiales y universitarios, entre otros. El contraste con la administraci&oacute;n de Javier Milei, a la orden del d&iacute;a. Al tiempo que Javier Milei est&eacute; cumpliendo su primer a&ntilde;o como Presidente de la Naci&oacute;n, Axel Kicillof celebrar&aacute; sus cinco a&ntilde;os como gobernador de la provincia de Buenos Aires, hecho que &hellip; <\/p>\n","protected":false},"author":5,"featured_media":9564,"comment_status":"closed","ping_status":"closed","sticky":false,"template":"","format":"standard","meta":{"om_disable_all_campaigns":false,"_joinchat":[]},"categories":[4],"tags":[46,43,569],"featured_image_urls":{"full":["https:\/\/infotep.com.ar\/wp-content\/uploads\/2023\/12\/kicillof.jpg",1200,675,false],"thumbnail":["https:\/\/infotep.com.ar\/wp-content\/uploads\/2023\/12\/kicillof-150x150.jpg",150,150,true],"medium":["https:\/\/infotep.com.ar\/wp-content\/uploads\/2023\/12\/kicillof-300x169.jpg",300,169,true],"medium_large":["https:\/\/infotep.com.ar\/wp-content\/uploads\/2023\/12\/kicillof-768x432.jpg",768,432,true],"large":["https:\/\/infotep.com.ar\/wp-content\/uploads\/2023\/12\/kicillof-1024x576.jpg",1020,574,true],"1536x1536":["https:\/\/infotep.com.ar\/wp-content\/uploads\/2023\/12\/kicillof.jpg",1200,675,false],"2048x2048":["https:\/\/infotep.com.ar\/wp-content\/uploads\/2023\/12\/kicillof.jpg",1200,675,false],"blossom-feminine-slider":["https:\/\/infotep.com.ar\/wp-content\/uploads\/2023\/12\/kicillof-1200x649.jpg",1200,649,true],"blossom-feminine-featured":["https:\/\/infotep.com.ar\/wp-content\/uploads\/2023\/12\/kicillof-1200x600.jpg",1200,600,true],"blossom-feminine-with-sidebar":["https:\/\/infotep.com.ar\/wp-content\/uploads\/2023\/12\/kicillof-1020x600.jpg",1020,600,true],"blossom-feminine-blog":["https:\/\/infotep.com.ar\/wp-content\/uploads\/2023\/12\/kicillof-435x435.jpg",435,435,true],"blossom-feminine-cat":["https:\/\/infotep.com.ar\/wp-content\/uploads\/2023\/12\/kicillof-450x300.jpg",450,300,true],"blossom-feminine-related":["https:\/\/infotep.com.ar\/wp-content\/uploads\/2023\/12\/kicillof-320x200.jpg",320,200,true],"blossom-feminine-schema":["https:\/\/infotep.com.ar\/wp-content\/uploads\/2023\/12\/kicillof-107x60.jpg",107,60,true],"blossom-mommy-blog-slider-big":["https:\/\/infotep.com.ar\/wp-content\/uploads\/2023\/12\/kicillof-920x650.jpg",920,650,true],"blossom-mommy-blog-slider":["https:\/\/infotep.com.ar\/wp-content\/uploads\/2023\/12\/kicillof-460x310.jpg",460,310,true],"blossom-mommy-blog-two":["https:\/\/infotep.com.ar\/wp-content\/uploads\/2023\/12\/kicillof-768x480.jpg",768,480,true]},"author_info":{"info":["Angela Tobar"]},"category_info":"<a href=\"https:\/\/infotep.com.ar\/index.php\/category\/provinciales\/\" rel=\"category tag\">Provinciales<\/a>","tag_info":"Provinciales","comment_count":"0","_links":{"self":[{"href":"https:\/\/infotep.com.ar\/index.php\/wp-json\/wp\/v2\/posts\/18731"}],"collection":[{"href":"https:\/\/infotep.com.ar\/index.php\/wp-json\/wp\/v2\/posts"}],"about":[{"href":"https:\/\/infotep.com.ar\/index.php\/wp-json\/wp\/v2\/types\/post"}],"author":[{"embeddable":true,"href":"https:\/\/infotep.com.ar\/index.php\/wp-json\/wp\/v2\/users\/5"}],"replies":[{"embeddable":true,"href":"https:\/\/infotep.com.ar\/index.php\/wp-json\/wp\/v2\/comments?post=18731"}],"version-history":[{"count":1,"href":"https:\/\/infotep.com.ar\/index.php\/wp-json\/wp\/v2\/posts\/18731\/revisions"}],"predecessor-version":[{"id":18732,"href":"https:\/\/infotep.com.ar\/index.php\/wp-json\/wp\/v2\/posts\/18731\/revisions\/18732"}],"wp:featuredmedia":[{"embeddable":true,"href":"https:\/\/infotep.com.ar\/index.php\/wp-json\/wp\/v2\/media\/9564"}],"wp:attachment":[{"href":"https:\/\/infotep.com.ar\/index.php\/wp-json\/wp\/v2\/media?parent=18731"}],"wp:term":[{"taxonomy":"category","embeddable":true,"href":"https:\/\/infotep.com.ar\/index.php\/wp-json\/wp\/v2\/categories?post=18731"},{"taxonomy":"post_tag","embeddable":true,"href":"https:\/\/infotep.com.ar\/index.php\/wp-json\/wp\/v2\/tags?post=18731"}],"curies":[{"name":"wp","href":"https:\/\/api.w.org\/{rel}","templated":true}]}}