{"id":18735,"date":"2024-12-09T21:19:34","date_gmt":"2024-12-10T00:19:34","guid":{"rendered":"https:\/\/infotep.com.ar\/?p=18735"},"modified":"2024-12-09T21:19:37","modified_gmt":"2024-12-10T00:19:37","slug":"avon-cerro-su-planta-de-san-fernando-y-despidio-a-casi-300-trabajadores","status":"publish","type":"post","link":"https:\/\/infotep.com.ar\/index.php\/2024\/12\/09\/avon-cerro-su-planta-de-san-fernando-y-despidio-a-casi-300-trabajadores\/","title":{"rendered":"Avon cerr\u00f3 su planta de San Fernando y despidi\u00f3 a casi 300 trabajadores"},"content":{"rendered":"\n<p>La empresa comunic\u00f3 la decisi\u00f3n a los operarios a trav\u00e9s de llamadas telef\u00f3nicas<br><br>La empresa de cosm\u00e9ticos Natura, propietaria de Avon, cerr\u00f3 la planta de distribuci\u00f3n de San Fernando, provincia de Buenos Aires, y despidi\u00f3 a 278 trabajadores a trav\u00e9s de llamadas telef\u00f3nicas.<\/p>\n\n\n\n<p>El fabricante brasile\u00f1o lleva adelante un plan de reestructuraci\u00f3n del negocio de Avon en el pa\u00eds, y que hab\u00eda abierto, en una primera etapa, retiros voluntarios.<\/p>\n\n\n\n<p>La empresa comunic\u00f3 la decisi\u00f3n a los operarios a trav\u00e9s de llamadas telef\u00f3nicas en las \u00faltimas horas, aunque a\u00fan no recibieron los telegramas de despido formales.<\/p>\n\n\n\n<p>Los casi 300 trabajadores recibieron llamados telef\u00f3nicos el fin de semana con la comunicaci\u00f3n de que iba a cerrar la planta y que se concretar\u00eda el despido.<\/p>\n\n\n\n<p>Este lunes, cuando llegaron a su lugar de trabajo, se les prohibi\u00f3 el ingreso, pese a que a\u00fan no ten\u00edan telegramas de despido.<\/p>\n\n\n\n<p>La empresa de cosm\u00e9ticos Avon tuvo sus inicios en Estados Unidos a fines del siglo XIX y lleg\u00f3 a la Argentina a en los a\u00f1os 70, con una primera planta industrial ubicada en Moreno, a la que se sum\u00f3 pocos a\u00f1os despu\u00e9s el centro de San Fernando y una planta en Gar\u00edn.<\/p>\n\n\n\n<p>En 2020, la empresa brasilera Natura compr\u00f3 Avon y se convirti\u00f3 en el cuarto grupo empresarial de empresas de belleza y cosm\u00e9ticos, al tiempo que creci\u00f3 durante la pandemia gracias a la inversi\u00f3n y el crecimiento digital a trav\u00e9s de la venta on-line.<\/p>\n\n\n\n<p>Herramientas como el cat\u00e1logo virtual Avon ayudaron a aumentar las ventas digitales, que aumentaron un 132 % a nivel global.<\/p>\n","protected":false},"excerpt":{"rendered":"<p>La empresa comunic&oacute; la decisi&oacute;n a los operarios a trav&eacute;s de llamadas telef&oacute;nicas La empresa de cosm&eacute;ticos Natura, propietaria de Avon, cerr&oacute; la planta de distribuci&oacute;n de San Fernando, provincia de Buenos Aires, y despidi&oacute; a 278 trabajadores a trav&eacute;s de llamadas telef&oacute;nicas. El fabricante brasile&ntilde;o lleva adelante un plan de reestructuraci&oacute;n del negocio de &hellip; <\/p>\n","protected":false},"author":5,"featured_media":18736,"comment_status":"closed","ping_status":"closed","sticky":false,"template":"","format":"standard","meta":{"om_disable_all_campaigns":false,"_joinchat":[]},"categories":[7],"tags":[46,43],"featured_image_urls":{"full":["https:\/\/infotep.com.ar\/wp-content\/uploads\/2024\/12\/avon.webp",640,360,false],"thumbnail":["https:\/\/infotep.com.ar\/wp-content\/uploads\/2024\/12\/avon-150x150.webp",150,150,true],"medium":["https:\/\/infotep.com.ar\/wp-content\/uploads\/2024\/12\/avon-300x169.webp",300,169,true],"medium_large":["https:\/\/infotep.com.ar\/wp-content\/uploads\/2024\/12\/avon.webp",640,360,false],"large":["https:\/\/infotep.com.ar\/wp-content\/uploads\/2024\/12\/avon.webp",640,360,false],"1536x1536":["https:\/\/infotep.com.ar\/wp-content\/uploads\/2024\/12\/avon.webp",640,360,false],"2048x2048":["https:\/\/infotep.com.ar\/wp-content\/uploads\/2024\/12\/avon.webp",640,360,false],"blossom-feminine-slider":["https:\/\/infotep.com.ar\/wp-content\/uploads\/2024\/12\/avon.webp",640,360,false],"blossom-feminine-featured":["https:\/\/infotep.com.ar\/wp-content\/uploads\/2024\/12\/avon.webp",640,360,false],"blossom-feminine-with-sidebar":["https:\/\/infotep.com.ar\/wp-content\/uploads\/2024\/12\/avon.webp",640,360,false],"blossom-feminine-blog":["https:\/\/infotep.com.ar\/wp-content\/uploads\/2024\/12\/avon-435x360.webp",435,360,true],"blossom-feminine-cat":["https:\/\/infotep.com.ar\/wp-content\/uploads\/2024\/12\/avon-450x300.webp",450,300,true],"blossom-feminine-related":["https:\/\/infotep.com.ar\/wp-content\/uploads\/2024\/12\/avon-320x200.webp",320,200,true],"blossom-feminine-schema":["https:\/\/infotep.com.ar\/wp-content\/uploads\/2024\/12\/avon-107x60.webp",107,60,true],"blossom-mommy-blog-slider-big":["https:\/\/infotep.com.ar\/wp-content\/uploads\/2024\/12\/avon.webp",640,360,false],"blossom-mommy-blog-slider":["https:\/\/infotep.com.ar\/wp-content\/uploads\/2024\/12\/avon-460x310.webp",460,310,true],"blossom-mommy-blog-two":["https:\/\/infotep.com.ar\/wp-content\/uploads\/2024\/12\/avon.webp",640,360,false]},"author_info":{"info":["Angela Tobar"]},"category_info":"<a href=\"https:\/\/infotep.com.ar\/index.php\/category\/gremios\/\" rel=\"category tag\">Gremios<\/a>","tag_info":"Gremios","comment_count":"0","_links":{"self":[{"href":"https:\/\/infotep.com.ar\/index.php\/wp-json\/wp\/v2\/posts\/18735"}],"collection":[{"href":"https:\/\/infotep.com.ar\/index.php\/wp-json\/wp\/v2\/posts"}],"about":[{"href":"https:\/\/infotep.com.ar\/index.php\/wp-json\/wp\/v2\/types\/post"}],"author":[{"embeddable":true,"href":"https:\/\/infotep.com.ar\/index.php\/wp-json\/wp\/v2\/users\/5"}],"replies":[{"embeddable":true,"href":"https:\/\/infotep.com.ar\/index.php\/wp-json\/wp\/v2\/comments?post=18735"}],"version-history":[{"count":1,"href":"https:\/\/infotep.com.ar\/index.php\/wp-json\/wp\/v2\/posts\/18735\/revisions"}],"predecessor-version":[{"id":18737,"href":"https:\/\/infotep.com.ar\/index.php\/wp-json\/wp\/v2\/posts\/18735\/revisions\/18737"}],"wp:featuredmedia":[{"embeddable":true,"href":"https:\/\/infotep.com.ar\/index.php\/wp-json\/wp\/v2\/media\/18736"}],"wp:attachment":[{"href":"https:\/\/infotep.com.ar\/index.php\/wp-json\/wp\/v2\/media?parent=18735"}],"wp:term":[{"taxonomy":"category","embeddable":true,"href":"https:\/\/infotep.com.ar\/index.php\/wp-json\/wp\/v2\/categories?post=18735"},{"taxonomy":"post_tag","embeddable":true,"href":"https:\/\/infotep.com.ar\/index.php\/wp-json\/wp\/v2\/tags?post=18735"}],"curies":[{"name":"wp","href":"https:\/\/api.w.org\/{rel}","templated":true}]}}