{"id":18738,"date":"2024-12-09T21:21:51","date_gmt":"2024-12-10T00:21:51","guid":{"rendered":"https:\/\/infotep.com.ar\/?p=18738"},"modified":"2024-12-09T21:21:52","modified_gmt":"2024-12-10T00:21:52","slug":"crimen-de-la-enfermera-de-la-matanza-el-sobrino-del-detenido-dijo-que-agarraron-a-un-perejil","status":"publish","type":"post","link":"https:\/\/infotep.com.ar\/index.php\/2024\/12\/09\/crimen-de-la-enfermera-de-la-matanza-el-sobrino-del-detenido-dijo-que-agarraron-a-un-perejil\/","title":{"rendered":"Crimen de la enfermera de La Matanza: el sobrino del detenido dijo que agarraron a un \u201cperejil\u201d"},"content":{"rendered":"\n<p>Mariano Jonatan Macena fue detenido acusado de haber participado en el asesinato de Eliana Vanesa G\u00f3mez.<br><br>Un sobrino del \u00fanico sospechoso detenido por el crimen de la enfermera del Hospital Churruca durante un intento de robo en Rafael Castillo dijo que su t\u00edo es \u201cinocente\u201d y que la Polic\u00eda agarro a un \u201cperejil\u201d.v<\/p>\n\n\n\n<p>En medio de un clima de dolor por el asesinato de Eliana Vanesa G\u00f3mez en la puerta de su domicilio, Javier, un sobrino del detenido Mariano Jonatan Macena expres\u00f3: \u201cEs inocente, agarraron un perejil\u201d.<\/p>\n\n\n\n<p>El hombre cont\u00f3 que su t\u00edo tiene antecedentes y estuvo preso siete veces por robo, pero que en esta ocasi\u00f3n no \u201ctiene nada que ver\u201d y destac\u00f3 que Macena \u201cest\u00e1 perdido en la droga\u201d.<br><br>\u201cDespu\u00e9s de que me allanaran vino y le pregunt\u00e9 si hab\u00eda sido \u00e9l, hasta el dije que llamaba a la Polic\u00eda y lo entregaba, pero se puso a llorar y me confirm\u00f3 \u2018yo no fui pela\u2019\u201d, expres\u00f3.<\/p>\n\n\n\n<p>Respecto a los videos que se difundieron en las \u00faltimas horas, Javier ratific\u00f3 con l\u00e1grimas en los ojos que no es Macena el de las im\u00e1genes: \u201cTe das cuenta, no es \u00e9l. No s\u00e9 qui\u00e9n lo delat\u00f3\u201d.<\/p>\n\n\n\n<p>Por \u00faltimo, pidi\u00f3 que se haga justicia para la familia de la enfermera y tambi\u00e9n para la suya ante la detenci\u00f3n del hombre de 37 a\u00f1os.<\/p>\n\n\n\n<p>El crimen ocurri\u00f3 en la intersecci\u00f3n de las calles Luis Vernet y Olivieri, Rafael Castillo, cuando dos hombres interceptaron a pie a G\u00f3mez para robarle su veh\u00edculo, un Fiat Argo. En medio del hecho recibi\u00f3 un disparo en la sien por lo que fue trasladada en estado cr\u00edtico al Hospital Favaloro, donde falleci\u00f3 minutos despu\u00e9s de ingresar al quir\u00f3fano.<\/p>\n\n\n\n<p>Horas despu\u00e9s la Polic\u00eda Federal concret\u00f3 la detenci\u00f3n de uno de los delincuentes sospechado de haber actuado. Se trata de Mariano Jonatan Macena, mientras que su c\u00f3mplice no fue identificado.<\/p>\n","protected":false},"excerpt":{"rendered":"<p>Mariano Jonatan Macena fue detenido acusado de haber participado en el asesinato de Eliana Vanesa G&oacute;mez. Un sobrino del &uacute;nico sospechoso detenido por el crimen de la enfermera del Hospital Churruca durante un intento de robo en Rafael Castillo dijo que su t&iacute;o es &ldquo;inocente&rdquo; y que la Polic&iacute;a agarro a un &ldquo;perejil&rdquo;.v En medio &hellip; <\/p>\n","protected":false},"author":5,"featured_media":9427,"comment_status":"closed","ping_status":"closed","sticky":false,"template":"","format":"standard","meta":{"om_disable_all_campaigns":false,"_joinchat":[]},"categories":[26],"tags":[46,59,43],"featured_image_urls":{"full":["https:\/\/infotep.com.ar\/wp-content\/uploads\/2023\/11\/policia.webp",1200,675,false],"thumbnail":["https:\/\/infotep.com.ar\/wp-content\/uploads\/2023\/11\/policia-150x150.webp",150,150,true],"medium":["https:\/\/infotep.com.ar\/wp-content\/uploads\/2023\/11\/policia-300x169.webp",300,169,true],"medium_large":["https:\/\/infotep.com.ar\/wp-content\/uploads\/2023\/11\/policia-768x432.webp",768,432,true],"large":["https:\/\/infotep.com.ar\/wp-content\/uploads\/2023\/11\/policia-1024x576.webp",1020,574,true],"1536x1536":["https:\/\/infotep.com.ar\/wp-content\/uploads\/2023\/11\/policia.webp",1200,675,false],"2048x2048":["https:\/\/infotep.com.ar\/wp-content\/uploads\/2023\/11\/policia.webp",1200,675,false],"blossom-feminine-slider":["https:\/\/infotep.com.ar\/wp-content\/uploads\/2023\/11\/policia-1200x649.webp",1200,649,true],"blossom-feminine-featured":["https:\/\/infotep.com.ar\/wp-content\/uploads\/2023\/11\/policia-1200x600.webp",1200,600,true],"blossom-feminine-with-sidebar":["https:\/\/infotep.com.ar\/wp-content\/uploads\/2023\/11\/policia-1020x600.webp",1020,600,true],"blossom-feminine-blog":["https:\/\/infotep.com.ar\/wp-content\/uploads\/2023\/11\/policia-435x435.webp",435,435,true],"blossom-feminine-cat":["https:\/\/infotep.com.ar\/wp-content\/uploads\/2023\/11\/policia-450x300.webp",450,300,true],"blossom-feminine-related":["https:\/\/infotep.com.ar\/wp-content\/uploads\/2023\/11\/policia-320x200.webp",320,200,true],"blossom-feminine-schema":["https:\/\/infotep.com.ar\/wp-content\/uploads\/2023\/11\/policia-107x60.webp",107,60,true],"blossom-mommy-blog-slider-big":["https:\/\/infotep.com.ar\/wp-content\/uploads\/2023\/11\/policia-920x650.webp",920,650,true],"blossom-mommy-blog-slider":["https:\/\/infotep.com.ar\/wp-content\/uploads\/2023\/11\/policia-460x310.webp",460,310,true],"blossom-mommy-blog-two":["https:\/\/infotep.com.ar\/wp-content\/uploads\/2023\/11\/policia-768x480.webp",768,480,true]},"author_info":{"info":["Angela Tobar"]},"category_info":"<a href=\"https:\/\/infotep.com.ar\/index.php\/category\/municipales\/la-matanza\/\" rel=\"category tag\">La Matanza<\/a>","tag_info":"La Matanza","comment_count":"0","_links":{"self":[{"href":"https:\/\/infotep.com.ar\/index.php\/wp-json\/wp\/v2\/posts\/18738"}],"collection":[{"href":"https:\/\/infotep.com.ar\/index.php\/wp-json\/wp\/v2\/posts"}],"about":[{"href":"https:\/\/infotep.com.ar\/index.php\/wp-json\/wp\/v2\/types\/post"}],"author":[{"embeddable":true,"href":"https:\/\/infotep.com.ar\/index.php\/wp-json\/wp\/v2\/users\/5"}],"replies":[{"embeddable":true,"href":"https:\/\/infotep.com.ar\/index.php\/wp-json\/wp\/v2\/comments?post=18738"}],"version-history":[{"count":1,"href":"https:\/\/infotep.com.ar\/index.php\/wp-json\/wp\/v2\/posts\/18738\/revisions"}],"predecessor-version":[{"id":18739,"href":"https:\/\/infotep.com.ar\/index.php\/wp-json\/wp\/v2\/posts\/18738\/revisions\/18739"}],"wp:featuredmedia":[{"embeddable":true,"href":"https:\/\/infotep.com.ar\/index.php\/wp-json\/wp\/v2\/media\/9427"}],"wp:attachment":[{"href":"https:\/\/infotep.com.ar\/index.php\/wp-json\/wp\/v2\/media?parent=18738"}],"wp:term":[{"taxonomy":"category","embeddable":true,"href":"https:\/\/infotep.com.ar\/index.php\/wp-json\/wp\/v2\/categories?post=18738"},{"taxonomy":"post_tag","embeddable":true,"href":"https:\/\/infotep.com.ar\/index.php\/wp-json\/wp\/v2\/tags?post=18738"}],"curies":[{"name":"wp","href":"https:\/\/api.w.org\/{rel}","templated":true}]}}