{"id":18822,"date":"2024-12-11T00:00:00","date_gmt":"2024-12-11T03:00:00","guid":{"rendered":"https:\/\/infotep.com.ar\/?p=18822"},"modified":"2024-12-10T23:24:08","modified_gmt":"2024-12-11T02:24:08","slug":"kicillof-encabezo-el-acto-por-el-dia-internacional-de-los-derechos-humanos","status":"publish","type":"post","link":"https:\/\/infotep.com.ar\/index.php\/2024\/12\/11\/kicillof-encabezo-el-acto-por-el-dia-internacional-de-los-derechos-humanos\/","title":{"rendered":"Kicillof encabez\u00f3 el acto por el D\u00eda Internacional de los Derechos Humanos"},"content":{"rendered":"\n<p>Fue junto al ministro de Justicia y Derechos Humanos, Juan Mart\u00edn Mena; el subsecretario de Derechos Humanos, Mat\u00edas Moreno; y la presidenta de Abuelas de Plaza de Mayo, Estela de Carlotto.<br><br>El gobernador de la provincia de Buenos Aires, Axel Kicillof, encabez\u00f3 este martes un acto en conmemoraci\u00f3n del D\u00eda Internacional de los Derechos Humanos. Fue en el Sal\u00f3n Dorado de la Casa de Gobierno, junto al ministro de Justicia y Derechos Humanos, Juan Mart\u00edn Mena; el subsecretario de Derechos Humanos, Mat\u00edas Moreno; y la presidenta de Abuelas de Plaza de Mayo, Estela de Carlotto.<\/p>\n\n\n\n<p>En ese marco, Kicillof remarc\u00f3: \u201cAs\u00ed como defendemos el trabajo, la educaci\u00f3n y la salud, tambi\u00e9n seguimos promoviendo la defensa de los derechos humanos en toda la provincia\u201d. \u201cCreamos el Archivo de la Memoria, impulsamos el programa Futuro Memoria y se\u00f1alizamos espacios relacionados a la \u00faltima dictadura, entre muchas otras pol\u00edticas, no por capricho sino porque estamos cumpliendo con el mandato de nuestro pueblo\u201d, agreg\u00f3.<\/p>\n\n\n\n<p>En ese sentido, el Gobernador destac\u00f3 que \u201cfrente al desmantelamiento de la CONADI que llev\u00f3 adelante el Gobierno nacional, firmamos el decreto para dar continuidad a la b\u00fasqueda de los desaparecidos y poner en funciones la unidad especial provincial\u201d. \u201cAunque lo que hacemos es continuar y profundizar una l\u00ednea del trabajo que iniciamos hace cinco a\u00f1os, estas pol\u00edticas p\u00fablicas cobran hoy mucho m\u00e1s valor por el contexto en el que debemos llevarlas adelante\u201d, explic\u00f3.<\/p>\n\n\n\n<p>Por su parte, Mena tambi\u00e9n se refiri\u00f3 a la desarticulaci\u00f3n de las tareas de la Comisi\u00f3n Nacional por el Derecho a la Identidad (CONADI) que llev\u00f3 adelante el gobierno Nacional: \u201cEn la Provincia no vamos a permitir que cese la b\u00fasqueda de los nietos y nietas que nos faltan, por eso es que a partir del d\u00eda de hoy comienza a funcionar la Unidad provincial Especializada de b\u00fasqueda de personas apropiadas durante la dictadura\u201d. \u201cHacemos las cosas con compromiso y no por marketing: trabajamos d\u00eda a d\u00eda por una provincia m\u00e1s segura y donde los derechos humanos sean el punto de partida\u201d, expres\u00f3.<\/p>\n\n\n\n<p>Durante la jornada se entregaron siete distinciones a docentes y formadores vinculados a distintas propuestas pedag\u00f3gicas en la materia, y cinco reconocimientos honor\u00edficos \u201cAdelina Dematti de Alaye\u201d a militantes referentes de proyectos culturales, sociales y deportivos con eje en los Derechos Humanos de la provincia de Buenos Aires.<\/p>\n\n\n\n<p>\u201cNo podemos acostumbrarnos a los maltratos que estamos recibiendo de parte de un Gobierno nacional que se cree poderoso: el verdadero poder es del pueblo y ese est\u00e1 m\u00e1s fuerte que nunca\u201d, sostuvo Carlotto y a\u00f1adi\u00f3: \u201cJam\u00e1s vamos a dejar de trabajar por la memoria, la verdad y la justicia: no pensamos parar hasta encontrar a todas las personas que nos faltan\u201d.<\/p>\n\n\n\n<p>\u201cA pesar del momento complejo que estamos viviendo, desde la provincia de Buenos Aires profundizamos las pol\u00edticas que ven\u00edamos llevando adelante en materia de derechos humanos: aunque algunos lo quieran imponer, estamos convencidos de que el pueblo argentino no va a permitir el negacionismo\u201d, sostuvo Moreno.<\/p>\n\n\n\n<p>Por \u00faltimo, Kicillof subray\u00f3 que \u201cen una Argentina que es referencia a nivel internacional por su lucha por los derechos humanos, el Gobierno nacional no est\u00e1 dando una batalla cultural, sino una batalla contra la historia y la cultura de nuestro pueblo\u201d. \u201cAnte las provocaciones y las mentiras, en la provincia de Buenos Aires vamos a seguir fortaleciendo las pol\u00edticas de memoria, verdad y justicia\u201d, concluy\u00f3.<\/p>\n\n\n\n<p>Estuvieron presentes el ministro de Seguridad, Javier Alonso; la secretaria general de la Gobernaci\u00f3n, Agustina Vila; la presidenta del Instituto Cultural, Florencia Saintout; la jefa de Gabinete del ministerio de Trabajo, Cecilia Cecchini; el secretario general de la CTA Provincia de Buenos Aires, Roberto Baradel; la senadora provincial Mar\u00eda Rosa Mart\u00ednez; el presidente del Patronato de Liberados, An\u00edbal Hnatiuk; el secretario de Gobierno de La Plata, Guillermo Cara; la dirigenta y ex titular de la CONADI, Claudia Carlotto; y los familiares de detenidos-desaparecidos Marta Ungaro, Nora Ungaro, Claudia Favero y Mar\u00eda Alaye<\/p>\n","protected":false},"excerpt":{"rendered":"<p>Fue junto al ministro de Justicia y Derechos Humanos, Juan Mart&iacute;n Mena; el subsecretario de Derechos Humanos, Mat&iacute;as Moreno; y la presidenta de Abuelas de Plaza de Mayo, Estela de Carlotto. El gobernador de la provincia de Buenos Aires, Axel Kicillof, encabez&oacute; este martes un acto en conmemoraci&oacute;n del D&iacute;a Internacional de los Derechos Humanos. &hellip; <\/p>\n","protected":false},"author":5,"featured_media":18823,"comment_status":"closed","ping_status":"closed","sticky":false,"template":"","format":"standard","meta":{"om_disable_all_campaigns":false,"_joinchat":[]},"categories":[4],"tags":[46,43,569],"featured_image_urls":{"full":["https:\/\/infotep.com.ar\/wp-content\/uploads\/2024\/12\/Axel-Kicillof_76.jpg",743,530,false],"thumbnail":["https:\/\/infotep.com.ar\/wp-content\/uploads\/2024\/12\/Axel-Kicillof_76-150x150.jpg",150,150,true],"medium":["https:\/\/infotep.com.ar\/wp-content\/uploads\/2024\/12\/Axel-Kicillof_76-300x214.jpg",300,214,true],"medium_large":["https:\/\/infotep.com.ar\/wp-content\/uploads\/2024\/12\/Axel-Kicillof_76.jpg",743,530,false],"large":["https:\/\/infotep.com.ar\/wp-content\/uploads\/2024\/12\/Axel-Kicillof_76.jpg",743,530,false],"1536x1536":["https:\/\/infotep.com.ar\/wp-content\/uploads\/2024\/12\/Axel-Kicillof_76.jpg",743,530,false],"2048x2048":["https:\/\/infotep.com.ar\/wp-content\/uploads\/2024\/12\/Axel-Kicillof_76.jpg",743,530,false],"blossom-feminine-slider":["https:\/\/infotep.com.ar\/wp-content\/uploads\/2024\/12\/Axel-Kicillof_76.jpg",743,530,false],"blossom-feminine-featured":["https:\/\/infotep.com.ar\/wp-content\/uploads\/2024\/12\/Axel-Kicillof_76.jpg",743,530,false],"blossom-feminine-with-sidebar":["https:\/\/infotep.com.ar\/wp-content\/uploads\/2024\/12\/Axel-Kicillof_76.jpg",743,530,false],"blossom-feminine-blog":["https:\/\/infotep.com.ar\/wp-content\/uploads\/2024\/12\/Axel-Kicillof_76-435x435.jpg",435,435,true],"blossom-feminine-cat":["https:\/\/infotep.com.ar\/wp-content\/uploads\/2024\/12\/Axel-Kicillof_76-450x300.jpg",450,300,true],"blossom-feminine-related":["https:\/\/infotep.com.ar\/wp-content\/uploads\/2024\/12\/Axel-Kicillof_76-320x200.jpg",320,200,true],"blossom-feminine-schema":["https:\/\/infotep.com.ar\/wp-content\/uploads\/2024\/12\/Axel-Kicillof_76-84x60.jpg",84,60,true],"blossom-mommy-blog-slider-big":["https:\/\/infotep.com.ar\/wp-content\/uploads\/2024\/12\/Axel-Kicillof_76.jpg",743,530,false],"blossom-mommy-blog-slider":["https:\/\/infotep.com.ar\/wp-content\/uploads\/2024\/12\/Axel-Kicillof_76-460x310.jpg",460,310,true],"blossom-mommy-blog-two":["https:\/\/infotep.com.ar\/wp-content\/uploads\/2024\/12\/Axel-Kicillof_76-743x480.jpg",743,480,true]},"author_info":{"info":["Angela Tobar"]},"category_info":"<a href=\"https:\/\/infotep.com.ar\/index.php\/category\/provinciales\/\" rel=\"category tag\">Provinciales<\/a>","tag_info":"Provinciales","comment_count":"0","_links":{"self":[{"href":"https:\/\/infotep.com.ar\/index.php\/wp-json\/wp\/v2\/posts\/18822"}],"collection":[{"href":"https:\/\/infotep.com.ar\/index.php\/wp-json\/wp\/v2\/posts"}],"about":[{"href":"https:\/\/infotep.com.ar\/index.php\/wp-json\/wp\/v2\/types\/post"}],"author":[{"embeddable":true,"href":"https:\/\/infotep.com.ar\/index.php\/wp-json\/wp\/v2\/users\/5"}],"replies":[{"embeddable":true,"href":"https:\/\/infotep.com.ar\/index.php\/wp-json\/wp\/v2\/comments?post=18822"}],"version-history":[{"count":1,"href":"https:\/\/infotep.com.ar\/index.php\/wp-json\/wp\/v2\/posts\/18822\/revisions"}],"predecessor-version":[{"id":18824,"href":"https:\/\/infotep.com.ar\/index.php\/wp-json\/wp\/v2\/posts\/18822\/revisions\/18824"}],"wp:featuredmedia":[{"embeddable":true,"href":"https:\/\/infotep.com.ar\/index.php\/wp-json\/wp\/v2\/media\/18823"}],"wp:attachment":[{"href":"https:\/\/infotep.com.ar\/index.php\/wp-json\/wp\/v2\/media?parent=18822"}],"wp:term":[{"taxonomy":"category","embeddable":true,"href":"https:\/\/infotep.com.ar\/index.php\/wp-json\/wp\/v2\/categories?post=18822"},{"taxonomy":"post_tag","embeddable":true,"href":"https:\/\/infotep.com.ar\/index.php\/wp-json\/wp\/v2\/tags?post=18822"}],"curies":[{"name":"wp","href":"https:\/\/api.w.org\/{rel}","templated":true}]}}