{"id":18870,"date":"2024-12-12T00:08:34","date_gmt":"2024-12-12T03:08:34","guid":{"rendered":"https:\/\/infotep.com.ar\/?p=18870"},"modified":"2024-12-12T00:08:35","modified_gmt":"2024-12-12T03:08:35","slug":"merlo-quedo-inaugurada-la-nueva-sede-de-derechos-humanos","status":"publish","type":"post","link":"https:\/\/infotep.com.ar\/index.php\/2024\/12\/12\/merlo-quedo-inaugurada-la-nueva-sede-de-derechos-humanos\/","title":{"rendered":"Merlo: qued\u00f3 inaugurada la nueva sede de Derechos Humanos"},"content":{"rendered":"\n<p><strong>En el marco del D\u00eda Internacional de los Derechos Humanos, se inaugur\u00f3 la nueva sede de la Direcci\u00f3n de Derechos Humanos de Merlo. El acto tuvo lugar en el Parque Cultural de Libertad.<\/strong><\/p>\n\n\n\n<p class=\"has-light-green-cyan-background-color has-background\">En un nuevo aniversario del D\u00eda Internacional de los Derechos Humanos, y a 41 a\u00f1os de la recuperaci\u00f3n de la democracia en la Argentina, la Direcci\u00f3n de Derechos Humanos inaugur\u00f3 su nueva sede en el Parque Cultural de Libertad, ubicada en la intersecci\u00f3n de la calle Colombia y Avenida Eva Per\u00f3n.<\/p>\n\n\n\n<p>El acto cont\u00f3 con la presencia del intendente Gustavo Men\u00e9ndez, junto al exintendente de Mor\u00f3n, Mart\u00edn Sabbatella, autoridades, integrantes de organismos de derechos humanos y vecinos. Adem\u00e1s, artistas locales y regionales presentaron sus muestras y shows en vivo.<\/p>\n\n\n\n<p>Sabbatella afirm\u00f3: \u201cEs un gusto estar en esta inauguraci\u00f3n, donde acompa\u00f1o a Gustavo en su compromiso con la democracia, con el Nunca M\u00e1s, con el objetivo de construir un futuro en el que habita la memoria, la verdad y la justicia\u201d.<\/p>\n\n\n\n<p>A su vez, la secretaria de Cultura, Educaci\u00f3n, Deportes y Recreaci\u00f3n, Silvana Zahana, sostuvo: \u201cReivindicamos todo aquello por lo que hemos peleado. Los derechos se construyen d\u00eda a d\u00eda, y se deben defender en todo momento. Es importante seguir luchando por estos derechos, en busca de Memoria, Verdad y Justicia\u201d.<\/p>\n\n\n\n<p>Por otro lado, la directora de Derechos Humanos Anabella Osorio, resalt\u00f3: \u201cInauguramos la nueva sede de la Direcci\u00f3n de Derechos Humanos, en el coraz\u00f3n de Libertad, donde se defienden los derechos de todo el pueblo de Merlo\u201d.<\/p>\n\n\n\n<p><\/p>\n","protected":false},"excerpt":{"rendered":"<p>En el marco del D&iacute;a Internacional de los Derechos Humanos, se inaugur&oacute; la nueva sede de la Direcci&oacute;n de Derechos Humanos de Merlo. El acto tuvo lugar en el Parque Cultural de Libertad. En un nuevo aniversario del D&iacute;a Internacional de los Derechos Humanos, y a 41 a&ntilde;os de la recuperaci&oacute;n de la democracia en &hellip; <\/p>\n","protected":false},"author":5,"featured_media":18871,"comment_status":"closed","ping_status":"closed","sticky":false,"template":"","format":"standard","meta":{"om_disable_all_campaigns":false,"_joinchat":[]},"categories":[10],"tags":[46,287,43,569],"featured_image_urls":{"full":["https:\/\/infotep.com.ar\/wp-content\/uploads\/2024\/12\/ddhh.jpg",1600,1199,false],"thumbnail":["https:\/\/infotep.com.ar\/wp-content\/uploads\/2024\/12\/ddhh-150x150.jpg",150,150,true],"medium":["https:\/\/infotep.com.ar\/wp-content\/uploads\/2024\/12\/ddhh-300x225.jpg",300,225,true],"medium_large":["https:\/\/infotep.com.ar\/wp-content\/uploads\/2024\/12\/ddhh-768x576.jpg",768,576,true],"large":["https:\/\/infotep.com.ar\/wp-content\/uploads\/2024\/12\/ddhh-1024x767.jpg",1020,764,true],"1536x1536":["https:\/\/infotep.com.ar\/wp-content\/uploads\/2024\/12\/ddhh-1536x1151.jpg",1536,1151,true],"2048x2048":["https:\/\/infotep.com.ar\/wp-content\/uploads\/2024\/12\/ddhh.jpg",1600,1199,false],"blossom-feminine-slider":["https:\/\/infotep.com.ar\/wp-content\/uploads\/2024\/12\/ddhh-1600x649.jpg",1600,649,true],"blossom-feminine-featured":["https:\/\/infotep.com.ar\/wp-content\/uploads\/2024\/12\/ddhh-1410x600.jpg",1410,600,true],"blossom-feminine-with-sidebar":["https:\/\/infotep.com.ar\/wp-content\/uploads\/2024\/12\/ddhh-1020x600.jpg",1020,600,true],"blossom-feminine-blog":["https:\/\/infotep.com.ar\/wp-content\/uploads\/2024\/12\/ddhh-435x435.jpg",435,435,true],"blossom-feminine-cat":["https:\/\/infotep.com.ar\/wp-content\/uploads\/2024\/12\/ddhh-450x300.jpg",450,300,true],"blossom-feminine-related":["https:\/\/infotep.com.ar\/wp-content\/uploads\/2024\/12\/ddhh-320x200.jpg",320,200,true],"blossom-feminine-schema":["https:\/\/infotep.com.ar\/wp-content\/uploads\/2024\/12\/ddhh-80x60.jpg",80,60,true],"blossom-mommy-blog-slider-big":["https:\/\/infotep.com.ar\/wp-content\/uploads\/2024\/12\/ddhh-920x650.jpg",920,650,true],"blossom-mommy-blog-slider":["https:\/\/infotep.com.ar\/wp-content\/uploads\/2024\/12\/ddhh-460x310.jpg",460,310,true],"blossom-mommy-blog-two":["https:\/\/infotep.com.ar\/wp-content\/uploads\/2024\/12\/ddhh-768x480.jpg",768,480,true]},"author_info":{"info":["Angela Tobar"]},"category_info":"<a href=\"https:\/\/infotep.com.ar\/index.php\/category\/municipales\/merlo\/\" rel=\"category tag\">Merlo<\/a>","tag_info":"Merlo","comment_count":"0","_links":{"self":[{"href":"https:\/\/infotep.com.ar\/index.php\/wp-json\/wp\/v2\/posts\/18870"}],"collection":[{"href":"https:\/\/infotep.com.ar\/index.php\/wp-json\/wp\/v2\/posts"}],"about":[{"href":"https:\/\/infotep.com.ar\/index.php\/wp-json\/wp\/v2\/types\/post"}],"author":[{"embeddable":true,"href":"https:\/\/infotep.com.ar\/index.php\/wp-json\/wp\/v2\/users\/5"}],"replies":[{"embeddable":true,"href":"https:\/\/infotep.com.ar\/index.php\/wp-json\/wp\/v2\/comments?post=18870"}],"version-history":[{"count":1,"href":"https:\/\/infotep.com.ar\/index.php\/wp-json\/wp\/v2\/posts\/18870\/revisions"}],"predecessor-version":[{"id":18872,"href":"https:\/\/infotep.com.ar\/index.php\/wp-json\/wp\/v2\/posts\/18870\/revisions\/18872"}],"wp:featuredmedia":[{"embeddable":true,"href":"https:\/\/infotep.com.ar\/index.php\/wp-json\/wp\/v2\/media\/18871"}],"wp:attachment":[{"href":"https:\/\/infotep.com.ar\/index.php\/wp-json\/wp\/v2\/media?parent=18870"}],"wp:term":[{"taxonomy":"category","embeddable":true,"href":"https:\/\/infotep.com.ar\/index.php\/wp-json\/wp\/v2\/categories?post=18870"},{"taxonomy":"post_tag","embeddable":true,"href":"https:\/\/infotep.com.ar\/index.php\/wp-json\/wp\/v2\/tags?post=18870"}],"curies":[{"name":"wp","href":"https:\/\/api.w.org\/{rel}","templated":true}]}}