{"id":18957,"date":"2024-12-16T09:17:59","date_gmt":"2024-12-16T12:17:59","guid":{"rendered":"https:\/\/infotep.com.ar\/?p=18957"},"modified":"2024-12-16T09:31:12","modified_gmt":"2024-12-16T12:31:12","slug":"renuncio-el-segundo-de-petri-en-el-ministerio-de-defensa","status":"publish","type":"post","link":"https:\/\/infotep.com.ar\/index.php\/2024\/12\/16\/renuncio-el-segundo-de-petri-en-el-ministerio-de-defensa\/","title":{"rendered":"Renunci\u00f3 el segundo de Petri en el Ministerio de Defensa"},"content":{"rendered":"\n<p>El viceministro de Defensa,&nbsp;<strong>Claudio Pasqualini, renunci\u00f3&nbsp;<\/strong>este domingo a su cargo y aleg\u00f3 motivos personales.<\/p>\n\n\n\n<p>El n\u00famero dos de&nbsp;<strong>Luis Petri<\/strong>&nbsp;dej\u00f3 el puesto en medio de la tensi\u00f3n entre la cartera y las Fuerzas Armadas.<\/p>\n\n\n\n<p>Pasqualini era teniente general y se desempe\u00f1aba en el cargo de secretario de Estrategia y Asuntos Militares, un virtual viceministro de Defensa.<\/p>\n\n\n\n<p>Su renuncia fue de forma &#8220;indeclinable&#8221; y por&nbsp;<strong>cuestiones familiares,&nbsp;<\/strong>explicaron las fuentes consultadas.<\/p>\n\n\n\n<p>Pasqualini hab\u00eda sido<strong>&nbsp;jefe del Ej\u00e9rcito<\/strong>&nbsp;durante el gobierno del presidente Mauricio Macri y ahora se desempe\u00f1aba como segundo de Petri.<\/p>\n\n\n\n<p>Hab\u00eda llegado al cargo en las Fuerzas Armadas en 2018, con la gesti\u00f3n del ex ministro Oscar Aguad.<\/p>\n\n\n\n<p>En 2020, con la administraci\u00f3n del ex mandatario Alberto Fern\u00e1ndez fue pasado a retiro. Desde ese momento ocup\u00f3 la presidencia del Observatorio de Seguridad y Defensa de la Universidad del Centro de Estudios Macroecon\u00f3micos de la Argentina (UCEMA).&nbsp;<\/p>\n","protected":false},"excerpt":{"rendered":"<p>El viceministro de Defensa,&nbsp;Claudio Pasqualini, renunci&oacute;&nbsp;este domingo a su cargo y aleg&oacute; motivos personales. El n&uacute;mero dos de&nbsp;Luis Petri&nbsp;dej&oacute; el puesto en medio de la tensi&oacute;n entre la cartera y las Fuerzas Armadas. Pasqualini era teniente general y se desempe&ntilde;aba en el cargo de secretario de Estrategia y Asuntos Militares, un virtual viceministro de Defensa. &hellip; <\/p>\n","protected":false},"author":5,"featured_media":18961,"comment_status":"closed","ping_status":"closed","sticky":false,"template":"","format":"standard","meta":{"om_disable_all_campaigns":false,"_joinchat":[]},"categories":[31,3],"tags":[46,43,569],"featured_image_urls":{"full":["https:\/\/infotep.com.ar\/wp-content\/uploads\/2024\/12\/7202.jpg",507,392,false],"thumbnail":["https:\/\/infotep.com.ar\/wp-content\/uploads\/2024\/12\/7202-150x150.jpg",150,150,true],"medium":["https:\/\/infotep.com.ar\/wp-content\/uploads\/2024\/12\/7202-300x232.jpg",300,232,true],"medium_large":["https:\/\/infotep.com.ar\/wp-content\/uploads\/2024\/12\/7202.jpg",507,392,false],"large":["https:\/\/infotep.com.ar\/wp-content\/uploads\/2024\/12\/7202.jpg",507,392,false],"1536x1536":["https:\/\/infotep.com.ar\/wp-content\/uploads\/2024\/12\/7202.jpg",507,392,false],"2048x2048":["https:\/\/infotep.com.ar\/wp-content\/uploads\/2024\/12\/7202.jpg",507,392,false],"blossom-feminine-slider":["https:\/\/infotep.com.ar\/wp-content\/uploads\/2024\/12\/7202.jpg",507,392,false],"blossom-feminine-featured":["https:\/\/infotep.com.ar\/wp-content\/uploads\/2024\/12\/7202.jpg",507,392,false],"blossom-feminine-with-sidebar":["https:\/\/infotep.com.ar\/wp-content\/uploads\/2024\/12\/7202.jpg",507,392,false],"blossom-feminine-blog":["https:\/\/infotep.com.ar\/wp-content\/uploads\/2024\/12\/7202-435x392.jpg",435,392,true],"blossom-feminine-cat":["https:\/\/infotep.com.ar\/wp-content\/uploads\/2024\/12\/7202-450x300.jpg",450,300,true],"blossom-feminine-related":["https:\/\/infotep.com.ar\/wp-content\/uploads\/2024\/12\/7202-320x200.jpg",320,200,true],"blossom-feminine-schema":["https:\/\/infotep.com.ar\/wp-content\/uploads\/2024\/12\/7202-78x60.jpg",78,60,true],"blossom-mommy-blog-slider-big":["https:\/\/infotep.com.ar\/wp-content\/uploads\/2024\/12\/7202.jpg",507,392,false],"blossom-mommy-blog-slider":["https:\/\/infotep.com.ar\/wp-content\/uploads\/2024\/12\/7202-460x310.jpg",460,310,true],"blossom-mommy-blog-two":["https:\/\/infotep.com.ar\/wp-content\/uploads\/2024\/12\/7202.jpg",507,392,false]},"author_info":{"info":["Angela Tobar"]},"category_info":"<a href=\"https:\/\/infotep.com.ar\/index.php\/category\/destacadas\/\" rel=\"category tag\">Destacadas<\/a> <a href=\"https:\/\/infotep.com.ar\/index.php\/category\/nacionales\/\" rel=\"category tag\">Nacionales<\/a>","tag_info":"Nacionales","comment_count":"0","_links":{"self":[{"href":"https:\/\/infotep.com.ar\/index.php\/wp-json\/wp\/v2\/posts\/18957"}],"collection":[{"href":"https:\/\/infotep.com.ar\/index.php\/wp-json\/wp\/v2\/posts"}],"about":[{"href":"https:\/\/infotep.com.ar\/index.php\/wp-json\/wp\/v2\/types\/post"}],"author":[{"embeddable":true,"href":"https:\/\/infotep.com.ar\/index.php\/wp-json\/wp\/v2\/users\/5"}],"replies":[{"embeddable":true,"href":"https:\/\/infotep.com.ar\/index.php\/wp-json\/wp\/v2\/comments?post=18957"}],"version-history":[{"count":2,"href":"https:\/\/infotep.com.ar\/index.php\/wp-json\/wp\/v2\/posts\/18957\/revisions"}],"predecessor-version":[{"id":18962,"href":"https:\/\/infotep.com.ar\/index.php\/wp-json\/wp\/v2\/posts\/18957\/revisions\/18962"}],"wp:featuredmedia":[{"embeddable":true,"href":"https:\/\/infotep.com.ar\/index.php\/wp-json\/wp\/v2\/media\/18961"}],"wp:attachment":[{"href":"https:\/\/infotep.com.ar\/index.php\/wp-json\/wp\/v2\/media?parent=18957"}],"wp:term":[{"taxonomy":"category","embeddable":true,"href":"https:\/\/infotep.com.ar\/index.php\/wp-json\/wp\/v2\/categories?post=18957"},{"taxonomy":"post_tag","embeddable":true,"href":"https:\/\/infotep.com.ar\/index.php\/wp-json\/wp\/v2\/tags?post=18957"}],"curies":[{"name":"wp","href":"https:\/\/api.w.org\/{rel}","templated":true}]}}