{"id":19100,"date":"2024-12-19T00:40:32","date_gmt":"2024-12-19T03:40:32","guid":{"rendered":"https:\/\/infotep.com.ar\/?p=19100"},"modified":"2024-12-19T00:40:33","modified_gmt":"2024-12-19T03:40:33","slug":"el-desempleo-subio-12-respecto-a-un-ano-atras-y-llego-al-69-en-el-tercer-trimestre-del-ano","status":"publish","type":"post","link":"https:\/\/infotep.com.ar\/index.php\/2024\/12\/19\/el-desempleo-subio-12-respecto-a-un-ano-atras-y-llego-al-69-en-el-tercer-trimestre-del-ano\/","title":{"rendered":"El desempleo subi\u00f3 1,2% respecto a un a\u00f1o atr\u00e1s y lleg\u00f3 al 6,9% en el tercer trimestre del a\u00f1o"},"content":{"rendered":"\n<p>El desempleo se ubic\u00f3 en el 6,9%, en el tercer trimestre, cifra que implic\u00f3 un descenso en comparaci\u00f3n con el trimestre anterior pero que se ubic\u00f3 por encima del dato de 2023, inform\u00f3  el Instituto Nacional de Estad\u00edstica y Censos de la Rep\u00fablica Argentina (INDEC).<br><br><strong>As\u00ed, en la comparativa anual, la tasa de desempleo ascendi\u00f3 1,2 p.p., de 5,7% a 6,9%, mientras que en la intertrimestral present\u00f3 un descenso de 0,7 p.p. (de 7,6% a 6,9%).<\/strong><\/p>\n\n\n\n<p>Tambi\u00e9n al comparar con la medici\u00f3n trimestral anterior, en la poblaci\u00f3n desocupada se observ\u00f3 un aumento relativo de quienes tienen un nivel educativo superior y universitario completo, de 8,4% a 12,3% (3,9 p.p.).<\/p>\n\n\n\n<p>En cuanto al cotejo con 2023, se destaca el aumento en la desocupaci\u00f3n del grupo de mujeres de hasta 29 a\u00f1os de 1,1 p.p. (23,7% a 24,8%). Por su parte, esta tasa en la poblaci\u00f3n de varones de esa misma edad registr\u00f3 un descenso de 2,5 p.p. (28,8% a 26,3%).<\/p>\n\n\n\n<p>En tanto, la tasa de subocupaci\u00f3n result\u00f3 del 11,4%, mientras que los otros ocupados demandantes y los otros ocupados no demandantes disponibles alcanzaron, en conjunto, el 11,9%.<\/p>\n","protected":false},"excerpt":{"rendered":"<p>El desempleo se ubic&oacute; en el 6,9%, en el tercer trimestre, cifra que implic&oacute; un descenso en comparaci&oacute;n con el trimestre anterior pero que se ubic&oacute; por encima del dato de 2023, inform&oacute; el Instituto Nacional de Estad&iacute;stica y Censos de la Rep&uacute;blica Argentina (INDEC). As&iacute;, en la comparativa anual, la tasa de desempleo ascendi&oacute; &hellip; <\/p>\n","protected":false},"author":5,"featured_media":12703,"comment_status":"closed","ping_status":"closed","sticky":false,"template":"","format":"standard","meta":{"om_disable_all_campaigns":false,"_joinchat":[]},"categories":[7,3],"tags":[46,43,569],"featured_image_urls":{"full":["https:\/\/infotep.com.ar\/wp-content\/uploads\/2024\/04\/pobreza.webp",990,720,false],"thumbnail":["https:\/\/infotep.com.ar\/wp-content\/uploads\/2024\/04\/pobreza-150x150.webp",150,150,true],"medium":["https:\/\/infotep.com.ar\/wp-content\/uploads\/2024\/04\/pobreza-300x218.webp",300,218,true],"medium_large":["https:\/\/infotep.com.ar\/wp-content\/uploads\/2024\/04\/pobreza-768x559.webp",768,559,true],"large":["https:\/\/infotep.com.ar\/wp-content\/uploads\/2024\/04\/pobreza.webp",990,720,false],"1536x1536":["https:\/\/infotep.com.ar\/wp-content\/uploads\/2024\/04\/pobreza.webp",990,720,false],"2048x2048":["https:\/\/infotep.com.ar\/wp-content\/uploads\/2024\/04\/pobreza.webp",990,720,false],"blossom-feminine-slider":["https:\/\/infotep.com.ar\/wp-content\/uploads\/2024\/04\/pobreza-990x649.webp",990,649,true],"blossom-feminine-featured":["https:\/\/infotep.com.ar\/wp-content\/uploads\/2024\/04\/pobreza-990x600.webp",990,600,true],"blossom-feminine-with-sidebar":["https:\/\/infotep.com.ar\/wp-content\/uploads\/2024\/04\/pobreza-990x600.webp",990,600,true],"blossom-feminine-blog":["https:\/\/infotep.com.ar\/wp-content\/uploads\/2024\/04\/pobreza-435x435.webp",435,435,true],"blossom-feminine-cat":["https:\/\/infotep.com.ar\/wp-content\/uploads\/2024\/04\/pobreza-450x300.webp",450,300,true],"blossom-feminine-related":["https:\/\/infotep.com.ar\/wp-content\/uploads\/2024\/04\/pobreza-320x200.webp",320,200,true],"blossom-feminine-schema":["https:\/\/infotep.com.ar\/wp-content\/uploads\/2024\/04\/pobreza-83x60.webp",83,60,true],"blossom-mommy-blog-slider-big":["https:\/\/infotep.com.ar\/wp-content\/uploads\/2024\/04\/pobreza-920x650.webp",920,650,true],"blossom-mommy-blog-slider":["https:\/\/infotep.com.ar\/wp-content\/uploads\/2024\/04\/pobreza-460x310.webp",460,310,true],"blossom-mommy-blog-two":["https:\/\/infotep.com.ar\/wp-content\/uploads\/2024\/04\/pobreza-768x480.webp",768,480,true]},"author_info":{"info":["Angela Tobar"]},"category_info":"<a href=\"https:\/\/infotep.com.ar\/index.php\/category\/gremios\/\" rel=\"category tag\">Gremios<\/a> <a href=\"https:\/\/infotep.com.ar\/index.php\/category\/nacionales\/\" rel=\"category tag\">Nacionales<\/a>","tag_info":"Nacionales","comment_count":"0","_links":{"self":[{"href":"https:\/\/infotep.com.ar\/index.php\/wp-json\/wp\/v2\/posts\/19100"}],"collection":[{"href":"https:\/\/infotep.com.ar\/index.php\/wp-json\/wp\/v2\/posts"}],"about":[{"href":"https:\/\/infotep.com.ar\/index.php\/wp-json\/wp\/v2\/types\/post"}],"author":[{"embeddable":true,"href":"https:\/\/infotep.com.ar\/index.php\/wp-json\/wp\/v2\/users\/5"}],"replies":[{"embeddable":true,"href":"https:\/\/infotep.com.ar\/index.php\/wp-json\/wp\/v2\/comments?post=19100"}],"version-history":[{"count":1,"href":"https:\/\/infotep.com.ar\/index.php\/wp-json\/wp\/v2\/posts\/19100\/revisions"}],"predecessor-version":[{"id":19101,"href":"https:\/\/infotep.com.ar\/index.php\/wp-json\/wp\/v2\/posts\/19100\/revisions\/19101"}],"wp:featuredmedia":[{"embeddable":true,"href":"https:\/\/infotep.com.ar\/index.php\/wp-json\/wp\/v2\/media\/12703"}],"wp:attachment":[{"href":"https:\/\/infotep.com.ar\/index.php\/wp-json\/wp\/v2\/media?parent=19100"}],"wp:term":[{"taxonomy":"category","embeddable":true,"href":"https:\/\/infotep.com.ar\/index.php\/wp-json\/wp\/v2\/categories?post=19100"},{"taxonomy":"post_tag","embeddable":true,"href":"https:\/\/infotep.com.ar\/index.php\/wp-json\/wp\/v2\/tags?post=19100"}],"curies":[{"name":"wp","href":"https:\/\/api.w.org\/{rel}","templated":true}]}}