{"id":19123,"date":"2024-12-20T11:29:56","date_gmt":"2024-12-20T14:29:56","guid":{"rendered":"https:\/\/infotep.com.ar\/?p=19123"},"modified":"2024-12-26T16:24:46","modified_gmt":"2024-12-26T19:24:46","slug":"ituzaingo-celebra-la-vispera-de-navidad-con-distintas-actividades","status":"publish","type":"post","link":"https:\/\/infotep.com.ar\/index.php\/2024\/12\/20\/ituzaingo-celebra-la-vispera-de-navidad-con-distintas-actividades\/","title":{"rendered":"Ituzaing\u00f3 celebra la v\u00edspera de navidad con distintas actividades"},"content":{"rendered":"\n<p>Como todos los a\u00f1os, la Municipalidad de Ituzaing\u00f3 organiz\u00f3 diversas actividades gratuitas, el viernes 20, el s\u00e1bado 21 y el domingo 22 de diciembre, entre las 17 y las 20:30 horas, en la Plaza 20 de Febrero (Soler y Zufriategui).<\/p>\n\n\n\n<p class=\"has-light-green-cyan-background-color has-background\"><strong>Los ni\u00f1os y ni\u00f1as de Ituzaing\u00f3 podr\u00e1n llevar su carta con deseos de Navidad y sacarse una foto con Pap\u00e1 Noel, para tener de recuerdo. Adem\u00e1s, como ya es tradici\u00f3n, en la v\u00edspera de la Nochebuena, las familias podr\u00e1n disfrutar de m\u00fasica, diversi\u00f3n y distintas propuestas, acompa\u00f1adas por una troupe de duendes y artistas circenses que llenar\u00e1n de magia la propuesta.<\/strong><\/p>\n\n\n\n<p>Por su parte, el viernes 20, desde las 18:30 horas, la Plaza 20 de Febrero ser\u00e1 escenario de una Misa por la Paz, oficiada por la Parroquia San Judas Tadeo. Tras su finalizaci\u00f3n, los vecinos y vecinas podr\u00e1n participar del tradicional Pesebre viviente.<\/p>\n\n\n\n<p>Importante: Aquellas personas que se saquen fotograf\u00edas, podr\u00e1n retirarlas en el momento, en forma gratuita.<\/p>\n","protected":false},"excerpt":{"rendered":"<p>Como todos los a&ntilde;os, la Municipalidad de Ituzaing&oacute; organiz&oacute; diversas actividades gratuitas, el viernes 20, el s&aacute;bado 21 y el domingo 22 de diciembre, entre las 17 y las 20:30 horas, en la Plaza 20 de Febrero (Soler y Zufriategui). Los ni&ntilde;os y ni&ntilde;as de Ituzaing&oacute; podr&aacute;n llevar su carta con deseos de Navidad y &hellip; <\/p>\n","protected":false},"author":5,"featured_media":19124,"comment_status":"closed","ping_status":"closed","sticky":false,"template":"","format":"standard","meta":{"om_disable_all_campaigns":false,"_joinchat":[]},"categories":[8],"tags":[46,51,43,569],"featured_image_urls":{"full":["https:\/\/infotep.com.ar\/wp-content\/uploads\/2024\/12\/Vivi-la-Navidad-en-Ituzaingo.jpg",935,623,false],"thumbnail":["https:\/\/infotep.com.ar\/wp-content\/uploads\/2024\/12\/Vivi-la-Navidad-en-Ituzaingo-150x150.jpg",150,150,true],"medium":["https:\/\/infotep.com.ar\/wp-content\/uploads\/2024\/12\/Vivi-la-Navidad-en-Ituzaingo-300x200.jpg",300,200,true],"medium_large":["https:\/\/infotep.com.ar\/wp-content\/uploads\/2024\/12\/Vivi-la-Navidad-en-Ituzaingo-768x512.jpg",768,512,true],"large":["https:\/\/infotep.com.ar\/wp-content\/uploads\/2024\/12\/Vivi-la-Navidad-en-Ituzaingo.jpg",935,623,false],"1536x1536":["https:\/\/infotep.com.ar\/wp-content\/uploads\/2024\/12\/Vivi-la-Navidad-en-Ituzaingo.jpg",935,623,false],"2048x2048":["https:\/\/infotep.com.ar\/wp-content\/uploads\/2024\/12\/Vivi-la-Navidad-en-Ituzaingo.jpg",935,623,false],"blossom-feminine-slider":["https:\/\/infotep.com.ar\/wp-content\/uploads\/2024\/12\/Vivi-la-Navidad-en-Ituzaingo.jpg",935,623,false],"blossom-feminine-featured":["https:\/\/infotep.com.ar\/wp-content\/uploads\/2024\/12\/Vivi-la-Navidad-en-Ituzaingo-935x600.jpg",935,600,true],"blossom-feminine-with-sidebar":["https:\/\/infotep.com.ar\/wp-content\/uploads\/2024\/12\/Vivi-la-Navidad-en-Ituzaingo-935x600.jpg",935,600,true],"blossom-feminine-blog":["https:\/\/infotep.com.ar\/wp-content\/uploads\/2024\/12\/Vivi-la-Navidad-en-Ituzaingo-435x435.jpg",435,435,true],"blossom-feminine-cat":["https:\/\/infotep.com.ar\/wp-content\/uploads\/2024\/12\/Vivi-la-Navidad-en-Ituzaingo-450x300.jpg",450,300,true],"blossom-feminine-related":["https:\/\/infotep.com.ar\/wp-content\/uploads\/2024\/12\/Vivi-la-Navidad-en-Ituzaingo-320x200.jpg",320,200,true],"blossom-feminine-schema":["https:\/\/infotep.com.ar\/wp-content\/uploads\/2024\/12\/Vivi-la-Navidad-en-Ituzaingo-90x60.jpg",90,60,true],"blossom-mommy-blog-slider-big":["https:\/\/infotep.com.ar\/wp-content\/uploads\/2024\/12\/Vivi-la-Navidad-en-Ituzaingo-920x623.jpg",920,623,true],"blossom-mommy-blog-slider":["https:\/\/infotep.com.ar\/wp-content\/uploads\/2024\/12\/Vivi-la-Navidad-en-Ituzaingo-460x310.jpg",460,310,true],"blossom-mommy-blog-two":["https:\/\/infotep.com.ar\/wp-content\/uploads\/2024\/12\/Vivi-la-Navidad-en-Ituzaingo-768x480.jpg",768,480,true]},"author_info":{"info":["Angela Tobar"]},"category_info":"<a href=\"https:\/\/infotep.com.ar\/index.php\/category\/municipales\/ituzaingo\/\" rel=\"category tag\">Ituzaing\u00f3<\/a>","tag_info":"Ituzaing\u00f3","comment_count":"0","_links":{"self":[{"href":"https:\/\/infotep.com.ar\/index.php\/wp-json\/wp\/v2\/posts\/19123"}],"collection":[{"href":"https:\/\/infotep.com.ar\/index.php\/wp-json\/wp\/v2\/posts"}],"about":[{"href":"https:\/\/infotep.com.ar\/index.php\/wp-json\/wp\/v2\/types\/post"}],"author":[{"embeddable":true,"href":"https:\/\/infotep.com.ar\/index.php\/wp-json\/wp\/v2\/users\/5"}],"replies":[{"embeddable":true,"href":"https:\/\/infotep.com.ar\/index.php\/wp-json\/wp\/v2\/comments?post=19123"}],"version-history":[{"count":2,"href":"https:\/\/infotep.com.ar\/index.php\/wp-json\/wp\/v2\/posts\/19123\/revisions"}],"predecessor-version":[{"id":19131,"href":"https:\/\/infotep.com.ar\/index.php\/wp-json\/wp\/v2\/posts\/19123\/revisions\/19131"}],"wp:featuredmedia":[{"embeddable":true,"href":"https:\/\/infotep.com.ar\/index.php\/wp-json\/wp\/v2\/media\/19124"}],"wp:attachment":[{"href":"https:\/\/infotep.com.ar\/index.php\/wp-json\/wp\/v2\/media?parent=19123"}],"wp:term":[{"taxonomy":"category","embeddable":true,"href":"https:\/\/infotep.com.ar\/index.php\/wp-json\/wp\/v2\/categories?post=19123"},{"taxonomy":"post_tag","embeddable":true,"href":"https:\/\/infotep.com.ar\/index.php\/wp-json\/wp\/v2\/tags?post=19123"}],"curies":[{"name":"wp","href":"https:\/\/api.w.org\/{rel}","templated":true}]}}