{"id":19126,"date":"2024-12-20T08:36:00","date_gmt":"2024-12-20T11:36:00","guid":{"rendered":"https:\/\/infotep.com.ar\/?p=19126"},"modified":"2024-12-20T11:41:33","modified_gmt":"2024-12-20T14:41:33","slug":"la-casa-de-auxilio-de-ramos-mejia-realizo-el-tradicional-balance-de-ano","status":"publish","type":"post","link":"https:\/\/infotep.com.ar\/index.php\/2024\/12\/20\/la-casa-de-auxilio-de-ramos-mejia-realizo-el-tradicional-balance-de-ano\/","title":{"rendered":"La Casa de Auxilio de Ramos Mej\u00eda realiz\u00f3 el tradicional balance de a\u00f1o"},"content":{"rendered":"\n<p>El pasado domingo 15 de diciembre se celebr\u00f3 en las instalaciones del colegio Ward el Asado<br>de Fin de A\u00f1o de Casa de Auxilio de Ramos Mej\u00eda.  Al evento asistieron 300 personas. Entre los participantes del evento estaba la Comisi\u00f3n Directiva de la instituci\u00f3n, el cuerpo m\u00e9dico de la sala, el personal (que adem\u00e1s de asistir voluntariamente, se sumaron a las tareas de log\u00edstica para el evento). Proveedores de servicios, socios, referentes comunitarios y vecinos de Ramos Mej\u00eda.<br><\/p>\n\n\n\n<p>Se celebraron los hitos del a\u00f1o que termina, y anunciaron la pronta creaci\u00f3n de un \u00e1rea de rehabilitaci\u00f3n y kinesiolog\u00eda, que incluir\u00e1 un gimnasio especializado para tratamientos activos de recuperaci\u00f3n.  La incorporaci\u00f3n de m\u00e1s m\u00e9dicos de cabecera, para suplir las necesidades que se est\u00e1n originando en el sistema de salud y en l\u00ednea con el objetivo de brindar una atenci\u00f3n m\u00e9dica de calidad y excelencia.<br><br>En este contexto, el responsable de la instituci\u00f3n,  Arturo Ter Akopian que cumpli\u00f3  30 a\u00f1os de gesti\u00f3n  expres\u00f3: \u201csomos una instituci\u00f3n, convencida de que otro modelo de sociedad es posible y seguimos dando la batalla d\u00eda a d\u00eda para construir comunidad, brindar la mejor atenci\u00f3n para todos y crecer como una gran familia donde todos son bienvenidos\u201d.<br><br>Y agreg\u00f3: &#8220;La Casa de Auxilio est\u00e1 mejor que nunca. Crecimos con Gobiernos de un lado y del otro. \u201cYo hace 30 a\u00f1os vine a la sala cuando estaba por quebrar y por rifarse. Gobernaba Menem, despu\u00e9s vino De La R\u00faa, 5 presidentes en una semana, Duhalde, N\u00e9stor, Cristina, Macri, Alberto y Milei. En medio de tanto cambalache no solo no quebramos, crecimos con gobiernos de un lado o del otro. Nunca estuvimos mejor que ahora, y es por nuestro m\u00e9todo. Porque los vecinos tomamos el toro por las astas, nos involucramos, hicimos pol\u00edtica entre vecinos. Porque aplicamos claros criterios de solidaridad, hicimos a los m\u00e9dicos y al personal parte y elegimos construir con el que piensa diferente, y no anularlo&#8221;.<br><\/p>\n","protected":false},"excerpt":{"rendered":"<p>El pasado domingo 15 de diciembre se celebr&oacute; en las instalaciones del colegio Ward el Asadode Fin de A&ntilde;o de Casa de Auxilio de Ramos Mej&iacute;a. Al evento asistieron 300 personas. Entre los participantes del evento estaba la Comisi&oacute;n Directiva de la instituci&oacute;n, el cuerpo m&eacute;dico de la sala, el personal (que adem&aacute;s de asistir &hellip; <\/p>\n","protected":false},"author":5,"featured_media":19129,"comment_status":"closed","ping_status":"closed","sticky":false,"template":"","format":"standard","meta":{"om_disable_all_campaigns":false,"_joinchat":[]},"categories":[26],"tags":[599,46,59,600,43],"featured_image_urls":{"full":["https:\/\/infotep.com.ar\/wp-content\/uploads\/2024\/12\/Placa-en-reconocimiento-a-sus-30-anos-de-gestion-scaled.jpg",2560,1707,false],"thumbnail":["https:\/\/infotep.com.ar\/wp-content\/uploads\/2024\/12\/Placa-en-reconocimiento-a-sus-30-anos-de-gestion-150x150.jpg",150,150,true],"medium":["https:\/\/infotep.com.ar\/wp-content\/uploads\/2024\/12\/Placa-en-reconocimiento-a-sus-30-anos-de-gestion-300x200.jpg",300,200,true],"medium_large":["https:\/\/infotep.com.ar\/wp-content\/uploads\/2024\/12\/Placa-en-reconocimiento-a-sus-30-anos-de-gestion-768x512.jpg",768,512,true],"large":["https:\/\/infotep.com.ar\/wp-content\/uploads\/2024\/12\/Placa-en-reconocimiento-a-sus-30-anos-de-gestion-1024x683.jpg",1020,680,true],"1536x1536":["https:\/\/infotep.com.ar\/wp-content\/uploads\/2024\/12\/Placa-en-reconocimiento-a-sus-30-anos-de-gestion-1536x1024.jpg",1536,1024,true],"2048x2048":["https:\/\/infotep.com.ar\/wp-content\/uploads\/2024\/12\/Placa-en-reconocimiento-a-sus-30-anos-de-gestion-2048x1365.jpg",2048,1365,true],"blossom-feminine-slider":["https:\/\/infotep.com.ar\/wp-content\/uploads\/2024\/12\/Placa-en-reconocimiento-a-sus-30-anos-de-gestion-1920x649.jpg",1920,649,true],"blossom-feminine-featured":["https:\/\/infotep.com.ar\/wp-content\/uploads\/2024\/12\/Placa-en-reconocimiento-a-sus-30-anos-de-gestion-1410x600.jpg",1410,600,true],"blossom-feminine-with-sidebar":["https:\/\/infotep.com.ar\/wp-content\/uploads\/2024\/12\/Placa-en-reconocimiento-a-sus-30-anos-de-gestion-1020x600.jpg",1020,600,true],"blossom-feminine-blog":["https:\/\/infotep.com.ar\/wp-content\/uploads\/2024\/12\/Placa-en-reconocimiento-a-sus-30-anos-de-gestion-435x435.jpg",435,435,true],"blossom-feminine-cat":["https:\/\/infotep.com.ar\/wp-content\/uploads\/2024\/12\/Placa-en-reconocimiento-a-sus-30-anos-de-gestion-450x300.jpg",450,300,true],"blossom-feminine-related":["https:\/\/infotep.com.ar\/wp-content\/uploads\/2024\/12\/Placa-en-reconocimiento-a-sus-30-anos-de-gestion-320x200.jpg",320,200,true],"blossom-feminine-schema":["https:\/\/infotep.com.ar\/wp-content\/uploads\/2024\/12\/Placa-en-reconocimiento-a-sus-30-anos-de-gestion-90x60.jpg",90,60,true],"blossom-mommy-blog-slider-big":["https:\/\/infotep.com.ar\/wp-content\/uploads\/2024\/12\/Placa-en-reconocimiento-a-sus-30-anos-de-gestion-920x650.jpg",920,650,true],"blossom-mommy-blog-slider":["https:\/\/infotep.com.ar\/wp-content\/uploads\/2024\/12\/Placa-en-reconocimiento-a-sus-30-anos-de-gestion-460x310.jpg",460,310,true],"blossom-mommy-blog-two":["https:\/\/infotep.com.ar\/wp-content\/uploads\/2024\/12\/Placa-en-reconocimiento-a-sus-30-anos-de-gestion-768x480.jpg",768,480,true]},"author_info":{"info":["Angela Tobar"]},"category_info":"<a href=\"https:\/\/infotep.com.ar\/index.php\/category\/municipales\/la-matanza\/\" rel=\"category tag\">La Matanza<\/a>","tag_info":"La Matanza","comment_count":"0","_links":{"self":[{"href":"https:\/\/infotep.com.ar\/index.php\/wp-json\/wp\/v2\/posts\/19126"}],"collection":[{"href":"https:\/\/infotep.com.ar\/index.php\/wp-json\/wp\/v2\/posts"}],"about":[{"href":"https:\/\/infotep.com.ar\/index.php\/wp-json\/wp\/v2\/types\/post"}],"author":[{"embeddable":true,"href":"https:\/\/infotep.com.ar\/index.php\/wp-json\/wp\/v2\/users\/5"}],"replies":[{"embeddable":true,"href":"https:\/\/infotep.com.ar\/index.php\/wp-json\/wp\/v2\/comments?post=19126"}],"version-history":[{"count":1,"href":"https:\/\/infotep.com.ar\/index.php\/wp-json\/wp\/v2\/posts\/19126\/revisions"}],"predecessor-version":[{"id":19128,"href":"https:\/\/infotep.com.ar\/index.php\/wp-json\/wp\/v2\/posts\/19126\/revisions\/19128"}],"wp:featuredmedia":[{"embeddable":true,"href":"https:\/\/infotep.com.ar\/index.php\/wp-json\/wp\/v2\/media\/19129"}],"wp:attachment":[{"href":"https:\/\/infotep.com.ar\/index.php\/wp-json\/wp\/v2\/media?parent=19126"}],"wp:term":[{"taxonomy":"category","embeddable":true,"href":"https:\/\/infotep.com.ar\/index.php\/wp-json\/wp\/v2\/categories?post=19126"},{"taxonomy":"post_tag","embeddable":true,"href":"https:\/\/infotep.com.ar\/index.php\/wp-json\/wp\/v2\/tags?post=19126"}],"curies":[{"name":"wp","href":"https:\/\/api.w.org\/{rel}","templated":true}]}}