{"id":19219,"date":"2024-12-25T14:08:51","date_gmt":"2024-12-25T17:08:51","guid":{"rendered":"https:\/\/infotep.com.ar\/?p=19219"},"modified":"2024-12-25T14:08:52","modified_gmt":"2024-12-25T17:08:52","slug":"viruela-simica-confirmaron-dos-nuevos-casos-en-cordoba","status":"publish","type":"post","link":"https:\/\/infotep.com.ar\/index.php\/2024\/12\/25\/viruela-simica-confirmaron-dos-nuevos-casos-en-cordoba\/","title":{"rendered":"Viruela s\u00edmica: confirmaron dos nuevos casos en C\u00f3rdoba"},"content":{"rendered":"\n<p>El gobierno provincial inform\u00f3 que ambos casos no presentan cuadros de gravedad.<br><br>Dos nuevos casos de viruela s\u00edmica en C\u00f3rdoba fueron confirmados y el gobierno provincial inform\u00f3 que ambos pacientes no presentan cuadros de gravedad.<\/p>\n\n\n\n<p>La Direcci\u00f3n de Epidemiolog\u00eda del Ministerio de Salud de C\u00f3rdoba anunci\u00f3 la confirmaci\u00f3n de dos nuevos casos de viruela s\u00edmica en la provincia. Los estudios fueron realizados por el Laboratorio Central.<\/p>\n\n\n\n<p>Los casos corresponden a personas de 46 y 28 a\u00f1os, con antecedentes de viaje al exterior y que comenzaron con s\u00edntomas compatibles los primeros d\u00edas de diciembre.<\/p>\n\n\n\n<p>El comunicado destaca que \u201cestas personas realizaron una consulta m\u00e9dica aproximadamente a los 10 d\u00edas del inicio de s\u00edntomas\u201d.<\/p>\n\n\n\n<p>Asimismo, se\u00f1alaron que los pacientes no presentan cuadros cl\u00ednicos que constituyen gravedad, aunque s\u00ed se encuentran cursando el aislamiento en su domicilio.<\/p>\n\n\n\n<p>Adem\u00e1s, los equipos de salud realizaron las investigaciones epidemiol\u00f3gicas necesarias, sus contactos ya fueron identificados y se tomaron las medidas preventivas correspondientes.<\/p>\n\n\n\n<p>Las autoridades explicaron que hasta la semana epidemiol\u00f3gica 49 se notificaron 21 casos sospechosos de viruela s\u00edmica en la provincia, de los cuales cuatro casos fueron confirmados, los dos primeros informados en septiembre, mientras que 17 se descartaron por no tener antecedentes epidemiol\u00f3gicos relevantes y resultar negativos en la prueba de PCR.<\/p>\n\n\n\n<p>A nivel pa\u00eds, y en el mismo periodo, se notificaron 586 casos sospechosos de los cuales se confirmaron 102.<\/p>\n","protected":false},"excerpt":{"rendered":"<p>El gobierno provincial inform&oacute; que ambos casos no presentan cuadros de gravedad. Dos nuevos casos de viruela s&iacute;mica en C&oacute;rdoba fueron confirmados y el gobierno provincial inform&oacute; que ambos pacientes no presentan cuadros de gravedad. La Direcci&oacute;n de Epidemiolog&iacute;a del Ministerio de Salud de C&oacute;rdoba anunci&oacute; la confirmaci&oacute;n de dos nuevos casos de viruela s&iacute;mica &hellip; <\/p>\n","protected":false},"author":5,"featured_media":15484,"comment_status":"closed","ping_status":"closed","sticky":false,"template":"","format":"standard","meta":{"om_disable_all_campaigns":false,"_joinchat":[]},"categories":[4],"tags":[46,43,569],"featured_image_urls":{"full":["https:\/\/infotep.com.ar\/wp-content\/uploads\/2024\/08\/viruela.webp",1087,720,false],"thumbnail":["https:\/\/infotep.com.ar\/wp-content\/uploads\/2024\/08\/viruela-150x150.webp",150,150,true],"medium":["https:\/\/infotep.com.ar\/wp-content\/uploads\/2024\/08\/viruela-300x199.webp",300,199,true],"medium_large":["https:\/\/infotep.com.ar\/wp-content\/uploads\/2024\/08\/viruela-768x509.webp",768,509,true],"large":["https:\/\/infotep.com.ar\/wp-content\/uploads\/2024\/08\/viruela-1024x678.webp",1020,675,true],"1536x1536":["https:\/\/infotep.com.ar\/wp-content\/uploads\/2024\/08\/viruela.webp",1087,720,false],"2048x2048":["https:\/\/infotep.com.ar\/wp-content\/uploads\/2024\/08\/viruela.webp",1087,720,false],"blossom-feminine-slider":["https:\/\/infotep.com.ar\/wp-content\/uploads\/2024\/08\/viruela-1087x649.webp",1087,649,true],"blossom-feminine-featured":["https:\/\/infotep.com.ar\/wp-content\/uploads\/2024\/08\/viruela-1087x600.webp",1087,600,true],"blossom-feminine-with-sidebar":["https:\/\/infotep.com.ar\/wp-content\/uploads\/2024\/08\/viruela-1020x600.webp",1020,600,true],"blossom-feminine-blog":["https:\/\/infotep.com.ar\/wp-content\/uploads\/2024\/08\/viruela-435x435.webp",435,435,true],"blossom-feminine-cat":["https:\/\/infotep.com.ar\/wp-content\/uploads\/2024\/08\/viruela-450x300.webp",450,300,true],"blossom-feminine-related":["https:\/\/infotep.com.ar\/wp-content\/uploads\/2024\/08\/viruela-320x200.webp",320,200,true],"blossom-feminine-schema":["https:\/\/infotep.com.ar\/wp-content\/uploads\/2024\/08\/viruela-91x60.webp",91,60,true],"blossom-mommy-blog-slider-big":["https:\/\/infotep.com.ar\/wp-content\/uploads\/2024\/08\/viruela-920x650.webp",920,650,true],"blossom-mommy-blog-slider":["https:\/\/infotep.com.ar\/wp-content\/uploads\/2024\/08\/viruela-460x310.webp",460,310,true],"blossom-mommy-blog-two":["https:\/\/infotep.com.ar\/wp-content\/uploads\/2024\/08\/viruela-768x480.webp",768,480,true]},"author_info":{"info":["Angela Tobar"]},"category_info":"<a href=\"https:\/\/infotep.com.ar\/index.php\/category\/provinciales\/\" rel=\"category tag\">Provinciales<\/a>","tag_info":"Provinciales","comment_count":"0","_links":{"self":[{"href":"https:\/\/infotep.com.ar\/index.php\/wp-json\/wp\/v2\/posts\/19219"}],"collection":[{"href":"https:\/\/infotep.com.ar\/index.php\/wp-json\/wp\/v2\/posts"}],"about":[{"href":"https:\/\/infotep.com.ar\/index.php\/wp-json\/wp\/v2\/types\/post"}],"author":[{"embeddable":true,"href":"https:\/\/infotep.com.ar\/index.php\/wp-json\/wp\/v2\/users\/5"}],"replies":[{"embeddable":true,"href":"https:\/\/infotep.com.ar\/index.php\/wp-json\/wp\/v2\/comments?post=19219"}],"version-history":[{"count":1,"href":"https:\/\/infotep.com.ar\/index.php\/wp-json\/wp\/v2\/posts\/19219\/revisions"}],"predecessor-version":[{"id":19220,"href":"https:\/\/infotep.com.ar\/index.php\/wp-json\/wp\/v2\/posts\/19219\/revisions\/19220"}],"wp:featuredmedia":[{"embeddable":true,"href":"https:\/\/infotep.com.ar\/index.php\/wp-json\/wp\/v2\/media\/15484"}],"wp:attachment":[{"href":"https:\/\/infotep.com.ar\/index.php\/wp-json\/wp\/v2\/media?parent=19219"}],"wp:term":[{"taxonomy":"category","embeddable":true,"href":"https:\/\/infotep.com.ar\/index.php\/wp-json\/wp\/v2\/categories?post=19219"},{"taxonomy":"post_tag","embeddable":true,"href":"https:\/\/infotep.com.ar\/index.php\/wp-json\/wp\/v2\/tags?post=19219"}],"curies":[{"name":"wp","href":"https:\/\/api.w.org\/{rel}","templated":true}]}}