{"id":19257,"date":"2024-12-26T15:49:37","date_gmt":"2024-12-26T18:49:37","guid":{"rendered":"https:\/\/infotep.com.ar\/?p=19257"},"modified":"2024-12-26T15:49:38","modified_gmt":"2024-12-26T18:49:38","slug":"fuga-de-presos-en-liniers-cinco-policias-fueron-imputados","status":"publish","type":"post","link":"https:\/\/infotep.com.ar\/index.php\/2024\/12\/26\/fuga-de-presos-en-liniers-cinco-policias-fueron-imputados\/","title":{"rendered":"Fuga de presos en Liniers: cinco polic\u00edas fueron imputados"},"content":{"rendered":"\n<p>Cuatro de los 17 detenidos fueron recapturados.<br><br>Cinco polic\u00edas de la Alcaid\u00eda N\u00b09 en Liniers, donde se concret\u00f3 la fuga de 17 presos, fueron imputados, seg\u00fan pudo saber la Agencia Noticias Argentinas.<\/p>\n\n\n\n<p>Conforme a lo establecido, los agentes est\u00e1n acusados de &#8220;favorecer la evasi\u00f3n de detenido o condenado&#8221;, por lo que, si son hallados culpables, podr\u00edan recibir una pena de entre un mes y cuatro a\u00f1os de prisi\u00f3n.<\/p>\n\n\n\n<p>Adem\u00e1s, si el autor es un funcionario p\u00fablico, se le impondr\u00e1 una inhabilitaci\u00f3n absoluta por un triple tiempo.<\/p>\n\n\n\n<p>El martes 24 de diciembre, luego de que se diera a conocer la masiva evasi\u00f3n, el Fiscal General de la Ciudad, Juan Bautista Mahiques, encomend\u00f3 a la fiscal Lorena San Marco investigar a la Polic\u00eda de la Ciudad.<\/p>\n\n\n\n<p>Luego de que se hayan confirmado que cuatro de los 17 detenidos ya fueron recapturados, las autoridades anunciaron que cinco efectivos est\u00e1n imputados.<\/p>\n\n\n\n<p><strong>Presos recapturados<br><\/strong>Mat\u00edas Petrarca, el pr\u00f3fugo m\u00e1s peligroso que se escap\u00f3 de la Alcaid\u00eda N\u00b09 en Liniers, fue capturado en las \u00faltimas horas luego de que se descubra que sali\u00f3 a bailar y subi\u00f3 contenido a sus redes sociales.<\/p>\n\n\n\n<p>La detenci\u00f3n de Petrarca, quien estaba acusado de homicidio agravado, sucedi\u00f3 en Villa Lynch, partido de San Mart\u00edn, tras una ardua investigaci\u00f3n.<\/p>\n\n\n\n<p>De este modo, todav\u00eda restan hallar a otros 13 presos, mientras que Agust\u00edn Esteban Franco, Jorge Alet, Nahuel Romero y ahora Mat\u00edas Petrarca ya est\u00e1n de vuelta tras las rejas.<\/p>\n","protected":false},"excerpt":{"rendered":"<p>Cuatro de los 17 detenidos fueron recapturados. Cinco polic&iacute;as de la Alcaid&iacute;a N&deg;9 en Liniers, donde se concret&oacute; la fuga de 17 presos, fueron imputados, seg&uacute;n pudo saber la Agencia Noticias Argentinas. Conforme a lo establecido, los agentes est&aacute;n acusados de &ldquo;favorecer la evasi&oacute;n de detenido o condenado&rdquo;, por lo que, si son hallados culpables, &hellip; <\/p>\n","protected":false},"author":5,"featured_media":19258,"comment_status":"closed","ping_status":"closed","sticky":false,"template":"","format":"standard","meta":{"om_disable_all_campaigns":false,"_joinchat":[]},"categories":[4],"tags":[46,43,569],"featured_image_urls":{"full":["https:\/\/infotep.com.ar\/wp-content\/uploads\/2024\/12\/360-2-1.webp",544,360,false],"thumbnail":["https:\/\/infotep.com.ar\/wp-content\/uploads\/2024\/12\/360-2-1-150x150.webp",150,150,true],"medium":["https:\/\/infotep.com.ar\/wp-content\/uploads\/2024\/12\/360-2-1-300x199.webp",300,199,true],"medium_large":["https:\/\/infotep.com.ar\/wp-content\/uploads\/2024\/12\/360-2-1.webp",544,360,false],"large":["https:\/\/infotep.com.ar\/wp-content\/uploads\/2024\/12\/360-2-1.webp",544,360,false],"1536x1536":["https:\/\/infotep.com.ar\/wp-content\/uploads\/2024\/12\/360-2-1.webp",544,360,false],"2048x2048":["https:\/\/infotep.com.ar\/wp-content\/uploads\/2024\/12\/360-2-1.webp",544,360,false],"blossom-feminine-slider":["https:\/\/infotep.com.ar\/wp-content\/uploads\/2024\/12\/360-2-1.webp",544,360,false],"blossom-feminine-featured":["https:\/\/infotep.com.ar\/wp-content\/uploads\/2024\/12\/360-2-1.webp",544,360,false],"blossom-feminine-with-sidebar":["https:\/\/infotep.com.ar\/wp-content\/uploads\/2024\/12\/360-2-1.webp",544,360,false],"blossom-feminine-blog":["https:\/\/infotep.com.ar\/wp-content\/uploads\/2024\/12\/360-2-1-435x360.webp",435,360,true],"blossom-feminine-cat":["https:\/\/infotep.com.ar\/wp-content\/uploads\/2024\/12\/360-2-1-450x300.webp",450,300,true],"blossom-feminine-related":["https:\/\/infotep.com.ar\/wp-content\/uploads\/2024\/12\/360-2-1-320x200.webp",320,200,true],"blossom-feminine-schema":["https:\/\/infotep.com.ar\/wp-content\/uploads\/2024\/12\/360-2-1-91x60.webp",91,60,true],"blossom-mommy-blog-slider-big":["https:\/\/infotep.com.ar\/wp-content\/uploads\/2024\/12\/360-2-1.webp",544,360,false],"blossom-mommy-blog-slider":["https:\/\/infotep.com.ar\/wp-content\/uploads\/2024\/12\/360-2-1-460x310.webp",460,310,true],"blossom-mommy-blog-two":["https:\/\/infotep.com.ar\/wp-content\/uploads\/2024\/12\/360-2-1.webp",544,360,false]},"author_info":{"info":["Angela Tobar"]},"category_info":"<a href=\"https:\/\/infotep.com.ar\/index.php\/category\/provinciales\/\" rel=\"category tag\">Provinciales<\/a>","tag_info":"Provinciales","comment_count":"0","_links":{"self":[{"href":"https:\/\/infotep.com.ar\/index.php\/wp-json\/wp\/v2\/posts\/19257"}],"collection":[{"href":"https:\/\/infotep.com.ar\/index.php\/wp-json\/wp\/v2\/posts"}],"about":[{"href":"https:\/\/infotep.com.ar\/index.php\/wp-json\/wp\/v2\/types\/post"}],"author":[{"embeddable":true,"href":"https:\/\/infotep.com.ar\/index.php\/wp-json\/wp\/v2\/users\/5"}],"replies":[{"embeddable":true,"href":"https:\/\/infotep.com.ar\/index.php\/wp-json\/wp\/v2\/comments?post=19257"}],"version-history":[{"count":1,"href":"https:\/\/infotep.com.ar\/index.php\/wp-json\/wp\/v2\/posts\/19257\/revisions"}],"predecessor-version":[{"id":19259,"href":"https:\/\/infotep.com.ar\/index.php\/wp-json\/wp\/v2\/posts\/19257\/revisions\/19259"}],"wp:featuredmedia":[{"embeddable":true,"href":"https:\/\/infotep.com.ar\/index.php\/wp-json\/wp\/v2\/media\/19258"}],"wp:attachment":[{"href":"https:\/\/infotep.com.ar\/index.php\/wp-json\/wp\/v2\/media?parent=19257"}],"wp:term":[{"taxonomy":"category","embeddable":true,"href":"https:\/\/infotep.com.ar\/index.php\/wp-json\/wp\/v2\/categories?post=19257"},{"taxonomy":"post_tag","embeddable":true,"href":"https:\/\/infotep.com.ar\/index.php\/wp-json\/wp\/v2\/tags?post=19257"}],"curies":[{"name":"wp","href":"https:\/\/api.w.org\/{rel}","templated":true}]}}