{"id":19262,"date":"2024-12-26T15:54:56","date_gmt":"2024-12-26T18:54:56","guid":{"rendered":"https:\/\/infotep.com.ar\/?p=19262"},"modified":"2024-12-26T15:54:59","modified_gmt":"2024-12-26T18:54:59","slug":"por-supuesto-que-dijo-manuel-adorni-sobre-la-posibilidad-de-ser-candidato-en-las-elecciones-2025","status":"publish","type":"post","link":"https:\/\/infotep.com.ar\/index.php\/2024\/12\/26\/por-supuesto-que-dijo-manuel-adorni-sobre-la-posibilidad-de-ser-candidato-en-las-elecciones-2025\/","title":{"rendered":"&#8220;Por supuesto&#8221;: qu\u00e9 dijo Manuel Adorni sobre la posibilidad de ser candidato en las elecciones 2025"},"content":{"rendered":"\n<p>Manuel Adorni, vocero de Javier Milei, acepta ser candidato a legislador si el presidente se lo solicita. La carrera electoral por Buenos Aires se intensifica.<br><br>El vocero presidencial, Manuel Adorni, afirm\u00f3 que si el presidente Javier Milei le pide que sea candidato a legislador por la ciudad de Buenos Aires lo aceptar\u00eda.<\/p>\n\n\n\n<p>As\u00ed lo expres\u00f3 Adorni tras ser consultado en su habitual conferencia de prensa matutina: &#8220;S\u00ed, claro. Si el Presidente me lo pide, por supuesto. Incluso, si me pide irme a mi casa o lo que sea&#8221;.<\/p>\n\n\n\n<p>De esta manera, el portavoz de Milei admiti\u00f3 los rumores que lo ubican como una de las figuras posibles que maneja La Libertad Avanza para la Ciudad.<\/p>\n\n\n\n<p>&#8220;Nosotros estamos ac\u00e1, y el que no, no lo est\u00e1, para empujar la agenda del Presidente. Si la agenda me pone en un lugar sea como candidato o estando en mi casa, o sea donde estoy, as\u00ed ser\u00e1&#8221;, a\u00f1adi\u00f3 Adorni.<\/p>\n\n\n\n<p>La discusi\u00f3n de cara a las elecciones legislativas del 2025 empieza a tomar carrera con otros nombres en danza por el lado de los libertarios como, por ejemplo, la ministra de Seguridad, Patricia Bullrich.<\/p>\n","protected":false},"excerpt":{"rendered":"<p>Manuel Adorni, vocero de Javier Milei, acepta ser candidato a legislador si el presidente se lo solicita. La carrera electoral por Buenos Aires se intensifica. El vocero presidencial, Manuel Adorni, afirm&oacute; que si el presidente Javier Milei le pide que sea candidato a legislador por la ciudad de Buenos Aires lo aceptar&iacute;a. As&iacute; lo expres&oacute; &hellip; <\/p>\n","protected":false},"author":5,"featured_media":19263,"comment_status":"closed","ping_status":"closed","sticky":false,"template":"","format":"standard","meta":{"om_disable_all_campaigns":false,"_joinchat":[]},"categories":[3],"tags":[46,43,569],"featured_image_urls":{"full":["https:\/\/infotep.com.ar\/wp-content\/uploads\/2024\/12\/adorni.webp",968,720,false],"thumbnail":["https:\/\/infotep.com.ar\/wp-content\/uploads\/2024\/12\/adorni-150x150.webp",150,150,true],"medium":["https:\/\/infotep.com.ar\/wp-content\/uploads\/2024\/12\/adorni-300x223.webp",300,223,true],"medium_large":["https:\/\/infotep.com.ar\/wp-content\/uploads\/2024\/12\/adorni-768x571.webp",768,571,true],"large":["https:\/\/infotep.com.ar\/wp-content\/uploads\/2024\/12\/adorni.webp",968,720,false],"1536x1536":["https:\/\/infotep.com.ar\/wp-content\/uploads\/2024\/12\/adorni.webp",968,720,false],"2048x2048":["https:\/\/infotep.com.ar\/wp-content\/uploads\/2024\/12\/adorni.webp",968,720,false],"blossom-feminine-slider":["https:\/\/infotep.com.ar\/wp-content\/uploads\/2024\/12\/adorni-968x649.webp",968,649,true],"blossom-feminine-featured":["https:\/\/infotep.com.ar\/wp-content\/uploads\/2024\/12\/adorni-968x600.webp",968,600,true],"blossom-feminine-with-sidebar":["https:\/\/infotep.com.ar\/wp-content\/uploads\/2024\/12\/adorni-968x600.webp",968,600,true],"blossom-feminine-blog":["https:\/\/infotep.com.ar\/wp-content\/uploads\/2024\/12\/adorni-435x435.webp",435,435,true],"blossom-feminine-cat":["https:\/\/infotep.com.ar\/wp-content\/uploads\/2024\/12\/adorni-450x300.webp",450,300,true],"blossom-feminine-related":["https:\/\/infotep.com.ar\/wp-content\/uploads\/2024\/12\/adorni-320x200.webp",320,200,true],"blossom-feminine-schema":["https:\/\/infotep.com.ar\/wp-content\/uploads\/2024\/12\/adorni-81x60.webp",81,60,true],"blossom-mommy-blog-slider-big":["https:\/\/infotep.com.ar\/wp-content\/uploads\/2024\/12\/adorni-920x650.webp",920,650,true],"blossom-mommy-blog-slider":["https:\/\/infotep.com.ar\/wp-content\/uploads\/2024\/12\/adorni-460x310.webp",460,310,true],"blossom-mommy-blog-two":["https:\/\/infotep.com.ar\/wp-content\/uploads\/2024\/12\/adorni-768x480.webp",768,480,true]},"author_info":{"info":["Angela Tobar"]},"category_info":"<a href=\"https:\/\/infotep.com.ar\/index.php\/category\/nacionales\/\" rel=\"category tag\">Nacionales<\/a>","tag_info":"Nacionales","comment_count":"0","_links":{"self":[{"href":"https:\/\/infotep.com.ar\/index.php\/wp-json\/wp\/v2\/posts\/19262"}],"collection":[{"href":"https:\/\/infotep.com.ar\/index.php\/wp-json\/wp\/v2\/posts"}],"about":[{"href":"https:\/\/infotep.com.ar\/index.php\/wp-json\/wp\/v2\/types\/post"}],"author":[{"embeddable":true,"href":"https:\/\/infotep.com.ar\/index.php\/wp-json\/wp\/v2\/users\/5"}],"replies":[{"embeddable":true,"href":"https:\/\/infotep.com.ar\/index.php\/wp-json\/wp\/v2\/comments?post=19262"}],"version-history":[{"count":1,"href":"https:\/\/infotep.com.ar\/index.php\/wp-json\/wp\/v2\/posts\/19262\/revisions"}],"predecessor-version":[{"id":19264,"href":"https:\/\/infotep.com.ar\/index.php\/wp-json\/wp\/v2\/posts\/19262\/revisions\/19264"}],"wp:featuredmedia":[{"embeddable":true,"href":"https:\/\/infotep.com.ar\/index.php\/wp-json\/wp\/v2\/media\/19263"}],"wp:attachment":[{"href":"https:\/\/infotep.com.ar\/index.php\/wp-json\/wp\/v2\/media?parent=19262"}],"wp:term":[{"taxonomy":"category","embeddable":true,"href":"https:\/\/infotep.com.ar\/index.php\/wp-json\/wp\/v2\/categories?post=19262"},{"taxonomy":"post_tag","embeddable":true,"href":"https:\/\/infotep.com.ar\/index.php\/wp-json\/wp\/v2\/tags?post=19262"}],"curies":[{"name":"wp","href":"https:\/\/api.w.org\/{rel}","templated":true}]}}