{"id":1933,"date":"2022-10-31T17:58:54","date_gmt":"2022-10-31T20:58:54","guid":{"rendered":"https:\/\/infotep.com.ar\/?p=1933"},"modified":"2022-11-02T00:27:59","modified_gmt":"2022-11-02T03:27:59","slug":"se-realizo-una-nueva-ronda-de-negocios-multisectorial-de-la-matanza","status":"publish","type":"post","link":"https:\/\/infotep.com.ar\/index.php\/2022\/10\/31\/se-realizo-una-nueva-ronda-de-negocios-multisectorial-de-la-matanza\/","title":{"rendered":"Se realiz\u00f3 una nueva ronda de Negocios Multisectorial de La Matanza"},"content":{"rendered":"\n<p>En el marco de las actividades que la Secretar\u00eda de la Producci\u00f3n de La Matanza viene desarrollando, este 26 de Octubre, el Municipio realiz\u00f3 una nueva ronda de negocios donde confluyen empresas de diferentes sectores; en esta ocasi\u00f3n tuvo la particularidad de contar con la presencia de empresarios de otros distritos, como Lomas de Zamora y Mor\u00f3n.<\/p>\n\n\n\n<p>El encuentro de negocios se realiz\u00f3 en el Centro de Industriales Panaderos de La Matanza, y posibilit\u00f3 la concreci\u00f3n de m\u00e1s de 1000 reuniones entre los 200 empresarios y empresarias inscriptos que, adem\u00e1s, incluy\u00f3 a empresas y organizaciones \u201canclas\u201d de nuestro distrito tales como: 5 Hispanos, Acindar, Air Liquide, Banco Provincia de Buenos Aires, Carrefour, Chango Mas, Clorox, Compre Municipal Matanza (Secretar\u00eda de Hacienda), Correo Argentino, Dreamco (ex Alicorp), INTI, Manaos, Marolio Maxiconsumo, Mercedes Benz Sprinter y Sedanes, Mercedes Benz Camiones y Buses, y Oficina de Empleo (Secretar\u00eda de la Producci\u00f3n).<\/p>\n\n\n\n<p>En la apertura, la secretaria de Producci\u00f3n de La Matanza, D\u00e9bora Giorgi, transmiti\u00f3 los saludos y acompa\u00f1amiento a los participantes por parte del Intendente Fernando Espinoza, asimismo, alent\u00f3 a los grupos empresarios a concretar nuevos negocios aprovechando la oferta del distrito, como tambi\u00e9n la oportunidad -en esta ocasi\u00f3n- de vincularse con industriales provenientes de distritos vecinos, como Lomas de Zamora y Mor\u00f3n.<\/p>\n\n\n\n<p>Durante el evento, las empresas participantes pudieron acceder a la presentaci\u00f3n de servicios del BAPRO, el INTI, y el Correo Argentino. Adem\u00e1s, la Secretar\u00eda de Hacienda del Municipio se hizo presente difundiendo el \u201cCompre Municipal Matancero\u201d, al tiempo que la Subsecretar\u00eda de Trabajo municipal y la Oficina de Empleo difundieron los planes de \u201cfacilitaci\u00f3n\u201d para contratar y capacitar a trabajadores y trabajadoras.<\/p>\n\n\n\n<p>En esta oportunidad, los empresarios y las empresarias manifestaron tambi\u00e9n una opini\u00f3n muy positiva sobre los resultados del encuentro que se extendi\u00f3 por casi 5 horas. En el caso de Marolio, declararon: \u201cEs nuestra segunda participaci\u00f3n, muy contentos por los contactos nuevos realizados, tanto para venta como para compra, se mejoraron precios de proveedores y calidad en insumos\u201d.<\/p>\n\n\n\n<p>Por su parte, desde Correo Argentino expresaron: \u201c\u2026muy agradecidos por la invitaci\u00f3n, y a disposici\u00f3n para el municipio con todos nuestros servicios. Tuvimos m\u00e1s de 10 encuentros muy fruct\u00edferos, m\u00e1s aquellos que generamos de forma espont\u00e1nea y fuera de la agenda. Nos vamos con una enorme expectativa para seguir trabajando.\u201d.<\/p>\n\n\n\n<p>A su turno, desde Dreamco se\u00f1alaron: \u201cUna experiencia muy linda, con muchos contactos y con ganas de seguir ampliando nuestra red, muchas gracias al Municipio y a la Secretar\u00eda de Producci\u00f3n por seguir realizando iniciativas como estas\u201d.<\/p>\n\n\n\n<p>Desde Exyor manifestaron: \u201cGracias a esta ronda de negocios conocimos a muchas empresas locales y se gener\u00f3 una sinergia muy favorable, esta ronda como la de Brasil son muy importantes para las pymes matanceras ya que nos abren grandes puertas de negocios\u201d.<\/p>\n\n\n\n<p>Por \u00faltimo, desde Cuchillas Duper expresaron: \u201cSomos de Lomas de Zamora y es nuestra primera participaci\u00f3n en la ronda de negocios, nos vamos muy satisfechos despu\u00e9s de muchos encuentros con empresas del distrito, y esperamos poder seguir participando en las pr\u00f3ximas rondas\u201d.<\/p>\n\n\n\n<p>Del evento tambi\u00e9n participaron las autoridades de las gremiales empresarias de La Matanza, Emilio Majori, (Centro de Industriales Panaderos de La Matanza), Constanza Sena (Uni\u00f3n Industrial), Claudio Pugliese (Federaci\u00f3n Empresaria), Francisco Lamanna (C\u00e1mara de Industria y Comercio).<\/p>\n\n\n\n<p>Las rondas empresariales, que lleva adelante el Municipio, forman parte de la decisi\u00f3n del Gobierno local de acompa\u00f1ar a las empresas de La Matanza para generar nuevas oportunidades de negocio y potenciar su crecimiento; a su vez, con las misiones a Brasil, se establecen nuevos lazos comerciales con el pa\u00eds vecino para fortalecer el intercambio y aumentar las exportaciones.<\/p>\n","protected":false},"excerpt":{"rendered":"<p>En el marco de las actividades que la Secretar&iacute;a de la Producci&oacute;n de La Matanza viene desarrollando, este 26 de Octubre, el Municipio realiz&oacute; una nueva ronda de negocios donde confluyen empresas de diferentes sectores; en esta ocasi&oacute;n tuvo la particularidad de contar con la presencia de empresarios de otros distritos, como Lomas de Zamora &hellip; <\/p>\n","protected":false},"author":5,"featured_media":1934,"comment_status":"closed","ping_status":"closed","sticky":false,"template":"","format":"standard","meta":{"om_disable_all_campaigns":false,"_joinchat":[]},"categories":[26],"tags":[46,59,43],"featured_image_urls":{"full":["https:\/\/infotep.com.ar\/wp-content\/uploads\/2022\/10\/9NA-RONDA-DE-NEGOCIOS-SEC-DG-scaled.jpg",2560,1920,false],"thumbnail":["https:\/\/infotep.com.ar\/wp-content\/uploads\/2022\/10\/9NA-RONDA-DE-NEGOCIOS-SEC-DG-150x150.jpg",150,150,true],"medium":["https:\/\/infotep.com.ar\/wp-content\/uploads\/2022\/10\/9NA-RONDA-DE-NEGOCIOS-SEC-DG-300x225.jpg",300,225,true],"medium_large":["https:\/\/infotep.com.ar\/wp-content\/uploads\/2022\/10\/9NA-RONDA-DE-NEGOCIOS-SEC-DG-768x576.jpg",768,576,true],"large":["https:\/\/infotep.com.ar\/wp-content\/uploads\/2022\/10\/9NA-RONDA-DE-NEGOCIOS-SEC-DG-1024x768.jpg",1020,765,true],"1536x1536":["https:\/\/infotep.com.ar\/wp-content\/uploads\/2022\/10\/9NA-RONDA-DE-NEGOCIOS-SEC-DG-1536x1152.jpg",1536,1152,true],"2048x2048":["https:\/\/infotep.com.ar\/wp-content\/uploads\/2022\/10\/9NA-RONDA-DE-NEGOCIOS-SEC-DG-2048x1536.jpg",2048,1536,true],"blossom-feminine-slider":["https:\/\/infotep.com.ar\/wp-content\/uploads\/2022\/10\/9NA-RONDA-DE-NEGOCIOS-SEC-DG-1920x649.jpg",1920,649,true],"blossom-feminine-featured":["https:\/\/infotep.com.ar\/wp-content\/uploads\/2022\/10\/9NA-RONDA-DE-NEGOCIOS-SEC-DG-1410x600.jpg",1410,600,true],"blossom-feminine-with-sidebar":["https:\/\/infotep.com.ar\/wp-content\/uploads\/2022\/10\/9NA-RONDA-DE-NEGOCIOS-SEC-DG-1020x600.jpg",1020,600,true],"blossom-feminine-blog":["https:\/\/infotep.com.ar\/wp-content\/uploads\/2022\/10\/9NA-RONDA-DE-NEGOCIOS-SEC-DG-435x435.jpg",435,435,true],"blossom-feminine-cat":["https:\/\/infotep.com.ar\/wp-content\/uploads\/2022\/10\/9NA-RONDA-DE-NEGOCIOS-SEC-DG-450x300.jpg",450,300,true],"blossom-feminine-related":["https:\/\/infotep.com.ar\/wp-content\/uploads\/2022\/10\/9NA-RONDA-DE-NEGOCIOS-SEC-DG-320x200.jpg",320,200,true],"blossom-feminine-schema":["https:\/\/infotep.com.ar\/wp-content\/uploads\/2022\/10\/9NA-RONDA-DE-NEGOCIOS-SEC-DG-80x60.jpg",80,60,true],"blossom-mommy-blog-slider-big":["https:\/\/infotep.com.ar\/wp-content\/uploads\/2022\/10\/9NA-RONDA-DE-NEGOCIOS-SEC-DG-920x650.jpg",920,650,true],"blossom-mommy-blog-slider":["https:\/\/infotep.com.ar\/wp-content\/uploads\/2022\/10\/9NA-RONDA-DE-NEGOCIOS-SEC-DG-460x310.jpg",460,310,true],"blossom-mommy-blog-two":["https:\/\/infotep.com.ar\/wp-content\/uploads\/2022\/10\/9NA-RONDA-DE-NEGOCIOS-SEC-DG-768x480.jpg",768,480,true]},"author_info":{"info":["Angela Tobar"]},"category_info":"<a href=\"https:\/\/infotep.com.ar\/index.php\/category\/municipales\/la-matanza\/\" rel=\"category tag\">La Matanza<\/a>","tag_info":"La Matanza","comment_count":"0","_links":{"self":[{"href":"https:\/\/infotep.com.ar\/index.php\/wp-json\/wp\/v2\/posts\/1933"}],"collection":[{"href":"https:\/\/infotep.com.ar\/index.php\/wp-json\/wp\/v2\/posts"}],"about":[{"href":"https:\/\/infotep.com.ar\/index.php\/wp-json\/wp\/v2\/types\/post"}],"author":[{"embeddable":true,"href":"https:\/\/infotep.com.ar\/index.php\/wp-json\/wp\/v2\/users\/5"}],"replies":[{"embeddable":true,"href":"https:\/\/infotep.com.ar\/index.php\/wp-json\/wp\/v2\/comments?post=1933"}],"version-history":[{"count":1,"href":"https:\/\/infotep.com.ar\/index.php\/wp-json\/wp\/v2\/posts\/1933\/revisions"}],"predecessor-version":[{"id":1935,"href":"https:\/\/infotep.com.ar\/index.php\/wp-json\/wp\/v2\/posts\/1933\/revisions\/1935"}],"wp:featuredmedia":[{"embeddable":true,"href":"https:\/\/infotep.com.ar\/index.php\/wp-json\/wp\/v2\/media\/1934"}],"wp:attachment":[{"href":"https:\/\/infotep.com.ar\/index.php\/wp-json\/wp\/v2\/media?parent=1933"}],"wp:term":[{"taxonomy":"category","embeddable":true,"href":"https:\/\/infotep.com.ar\/index.php\/wp-json\/wp\/v2\/categories?post=1933"},{"taxonomy":"post_tag","embeddable":true,"href":"https:\/\/infotep.com.ar\/index.php\/wp-json\/wp\/v2\/tags?post=1933"}],"curies":[{"name":"wp","href":"https:\/\/api.w.org\/{rel}","templated":true}]}}