{"id":19601,"date":"2025-01-07T05:17:00","date_gmt":"2025-01-07T08:17:00","guid":{"rendered":"https:\/\/infotep.com.ar\/?p=19601"},"modified":"2025-01-07T17:26:42","modified_gmt":"2025-01-07T20:26:42","slug":"escuelas-abiertas-de-verano-la-matricula-supera-los-5000-inscriptos","status":"publish","type":"post","link":"https:\/\/infotep.com.ar\/index.php\/2025\/01\/07\/escuelas-abiertas-de-verano-la-matricula-supera-los-5000-inscriptos\/","title":{"rendered":"Escuelas Abiertas de Verano: la matr\u00edcula supera los 5000 inscriptos"},"content":{"rendered":"\n<p>Esta iniciativa busca promover la educaci\u00f3n y la formaci\u00f3n integral de los internos, con el objetivo de facilitar su reinserci\u00f3n social<\/p>\n\n\n\n<p><br><strong>Cerca de 5.500 personas privadas de libertad de c\u00e1rceles bonaerenses transitan en enero las Escuelas Abiertas de Verano 2025, con propuestas educativas, talleres art\u00edsticos multidisciplinarios y cine debate.<\/strong><\/p>\n\n\n\n<p>La propuesta es una iniciativa acordada entre el Ministerio de Justicia y de Derechos Humanos de la provincia de Buenos Aires y la Direcci\u00f3n General de Cultura y Educaci\u00f3n, con el apoyo permanente del gobernador Axel Kicillof.<\/p>\n\n\n\n<p>Esta iniciativa busca promover la educaci\u00f3n y la formaci\u00f3n integral de los internos, con el objetivo de facilitar su reinserci\u00f3n social, explicaron desde el Ministerio de Justicia y Derechos Humanos, a cargo de Juan Mart\u00edn Mena.<\/p>\n\n\n\n<p><strong>Las Escuelas Abiertas de Verano comenzaron a funcionar el 2 de enero y finalizar\u00e1n su actividad el 31 de este mes, en dos turnos de cuatro horas de lunes a viernes.<\/strong><\/p>\n\n\n\n<p>El turno ma\u00f1ana se desarrolla entre las 8.30 y 12.30 y el de tarde de 13.30 a 17.30, donde los docentes trabajan con grupos de 20 personas privadas de libertad.<\/p>\n\n\n\n<p>La propuesta ofrece una variedad de actividades y talleres, dise\u00f1ados para la formaci\u00f3n integral de los matriculados. Los participantes podr\u00e1n elegir entre cursos de alfabetizaci\u00f3n, matem\u00e1ticas, ciencias, arte, derecho, psicolog\u00eda, m\u00fasica y deportes, entre otros.<\/p>\n\n\n\n<p>El lanzamiento del programa se efectu\u00f3 en cada una de las c\u00e1rceles del Servicio Penitenciario Bonaerense (SPB).<\/p>\n\n\n\n<p>Se destaca que las personas privadas de libertad que optaron por inscribirse y participar de la Escuela Abierta de Verano recibir\u00e1n certificados de participaci\u00f3n.<\/p>\n\n\n\n<p>La coordinaci\u00f3n de las Escuelas Abiertas de Verano en el \u00e1mbito del SPB se lleva a cabo a trav\u00e9s de la Direcci\u00f3n General de Asistencia y Tratamiento, la Subdirecci\u00f3n General de Educaci\u00f3n y la Direcci\u00f3n de Educaci\u00f3n, junto a las autoridades del \u00e1rea educativo del Ministerio de Justicia y Derechos Humanos.<\/p>\n","protected":false},"excerpt":{"rendered":"<p>Esta iniciativa busca promover la educaci&oacute;n y la formaci&oacute;n integral de los internos, con el objetivo de facilitar su reinserci&oacute;n social Cerca de 5.500 personas privadas de libertad de c&aacute;rceles bonaerenses transitan en enero las Escuelas Abiertas de Verano 2025, con propuestas educativas, talleres art&iacute;sticos multidisciplinarios y cine debate. La propuesta es una iniciativa acordada &hellip; <\/p>\n","protected":false},"author":5,"featured_media":19613,"comment_status":"closed","ping_status":"closed","sticky":false,"template":"","format":"standard","meta":{"om_disable_all_campaigns":false,"_joinchat":[]},"categories":[4],"tags":[46,43,569],"featured_image_urls":{"full":["https:\/\/infotep.com.ar\/wp-content\/uploads\/2025\/01\/WhatsApp-Image-2025-01-07-at-10.59.34-2.jpeg",667,500,false],"thumbnail":["https:\/\/infotep.com.ar\/wp-content\/uploads\/2025\/01\/WhatsApp-Image-2025-01-07-at-10.59.34-2-150x150.jpeg",150,150,true],"medium":["https:\/\/infotep.com.ar\/wp-content\/uploads\/2025\/01\/WhatsApp-Image-2025-01-07-at-10.59.34-2-300x225.jpeg",300,225,true],"medium_large":["https:\/\/infotep.com.ar\/wp-content\/uploads\/2025\/01\/WhatsApp-Image-2025-01-07-at-10.59.34-2.jpeg",667,500,false],"large":["https:\/\/infotep.com.ar\/wp-content\/uploads\/2025\/01\/WhatsApp-Image-2025-01-07-at-10.59.34-2.jpeg",667,500,false],"1536x1536":["https:\/\/infotep.com.ar\/wp-content\/uploads\/2025\/01\/WhatsApp-Image-2025-01-07-at-10.59.34-2.jpeg",667,500,false],"2048x2048":["https:\/\/infotep.com.ar\/wp-content\/uploads\/2025\/01\/WhatsApp-Image-2025-01-07-at-10.59.34-2.jpeg",667,500,false],"blossom-feminine-slider":["https:\/\/infotep.com.ar\/wp-content\/uploads\/2025\/01\/WhatsApp-Image-2025-01-07-at-10.59.34-2.jpeg",667,500,false],"blossom-feminine-featured":["https:\/\/infotep.com.ar\/wp-content\/uploads\/2025\/01\/WhatsApp-Image-2025-01-07-at-10.59.34-2.jpeg",667,500,false],"blossom-feminine-with-sidebar":["https:\/\/infotep.com.ar\/wp-content\/uploads\/2025\/01\/WhatsApp-Image-2025-01-07-at-10.59.34-2.jpeg",667,500,false],"blossom-feminine-blog":["https:\/\/infotep.com.ar\/wp-content\/uploads\/2025\/01\/WhatsApp-Image-2025-01-07-at-10.59.34-2-435x435.jpeg",435,435,true],"blossom-feminine-cat":["https:\/\/infotep.com.ar\/wp-content\/uploads\/2025\/01\/WhatsApp-Image-2025-01-07-at-10.59.34-2-450x300.jpeg",450,300,true],"blossom-feminine-related":["https:\/\/infotep.com.ar\/wp-content\/uploads\/2025\/01\/WhatsApp-Image-2025-01-07-at-10.59.34-2-320x200.jpeg",320,200,true],"blossom-feminine-schema":["https:\/\/infotep.com.ar\/wp-content\/uploads\/2025\/01\/WhatsApp-Image-2025-01-07-at-10.59.34-2-80x60.jpeg",80,60,true],"blossom-mommy-blog-slider-big":["https:\/\/infotep.com.ar\/wp-content\/uploads\/2025\/01\/WhatsApp-Image-2025-01-07-at-10.59.34-2.jpeg",667,500,false],"blossom-mommy-blog-slider":["https:\/\/infotep.com.ar\/wp-content\/uploads\/2025\/01\/WhatsApp-Image-2025-01-07-at-10.59.34-2-460x310.jpeg",460,310,true],"blossom-mommy-blog-two":["https:\/\/infotep.com.ar\/wp-content\/uploads\/2025\/01\/WhatsApp-Image-2025-01-07-at-10.59.34-2-667x480.jpeg",667,480,true]},"author_info":{"info":["Angela Tobar"]},"category_info":"<a href=\"https:\/\/infotep.com.ar\/index.php\/category\/provinciales\/\" rel=\"category tag\">Provinciales<\/a>","tag_info":"Provinciales","comment_count":"0","_links":{"self":[{"href":"https:\/\/infotep.com.ar\/index.php\/wp-json\/wp\/v2\/posts\/19601"}],"collection":[{"href":"https:\/\/infotep.com.ar\/index.php\/wp-json\/wp\/v2\/posts"}],"about":[{"href":"https:\/\/infotep.com.ar\/index.php\/wp-json\/wp\/v2\/types\/post"}],"author":[{"embeddable":true,"href":"https:\/\/infotep.com.ar\/index.php\/wp-json\/wp\/v2\/users\/5"}],"replies":[{"embeddable":true,"href":"https:\/\/infotep.com.ar\/index.php\/wp-json\/wp\/v2\/comments?post=19601"}],"version-history":[{"count":1,"href":"https:\/\/infotep.com.ar\/index.php\/wp-json\/wp\/v2\/posts\/19601\/revisions"}],"predecessor-version":[{"id":19602,"href":"https:\/\/infotep.com.ar\/index.php\/wp-json\/wp\/v2\/posts\/19601\/revisions\/19602"}],"wp:featuredmedia":[{"embeddable":true,"href":"https:\/\/infotep.com.ar\/index.php\/wp-json\/wp\/v2\/media\/19613"}],"wp:attachment":[{"href":"https:\/\/infotep.com.ar\/index.php\/wp-json\/wp\/v2\/media?parent=19601"}],"wp:term":[{"taxonomy":"category","embeddable":true,"href":"https:\/\/infotep.com.ar\/index.php\/wp-json\/wp\/v2\/categories?post=19601"},{"taxonomy":"post_tag","embeddable":true,"href":"https:\/\/infotep.com.ar\/index.php\/wp-json\/wp\/v2\/tags?post=19601"}],"curies":[{"name":"wp","href":"https:\/\/api.w.org\/{rel}","templated":true}]}}