{"id":19643,"date":"2025-01-08T07:41:00","date_gmt":"2025-01-08T10:41:00","guid":{"rendered":"https:\/\/infotep.com.ar\/?p=19643"},"modified":"2025-01-08T09:42:26","modified_gmt":"2025-01-08T12:42:26","slug":"comenzo-la-colonia-de-verano-merlo-inclusivo","status":"publish","type":"post","link":"https:\/\/infotep.com.ar\/index.php\/2025\/01\/08\/comenzo-la-colonia-de-verano-merlo-inclusivo\/","title":{"rendered":"Comenz\u00f3 la colonia de verano Merlo Inclusivo"},"content":{"rendered":"\n<p>Con m\u00e1s de 350 inscriptos comenz\u00f3 la temporada de las Colonias de Verano del Programa Merlo Inclusivo en el predio A.S.I.M.R.A. de la localidad de Ferrari.<\/p>\n\n\n\n<p><strong>Las jornadas se desarrollan de lunes a viernes de 8:30 a 12:30 hs con la llegada de los chicos y las chicas al lugar, para luego desayunar. Se dividen en grupos, seg\u00fan y comienzan con las diferentes actividades como b\u00e1squet, f\u00fatbol, nataci\u00f3n, baile, entre otras.<\/strong><\/p>\n\n\n\n<p>El coordinador de la Colonia \u201cMerlo Inclusivo\u201d Gonzalo Gonz\u00e1lez expres\u00f3 que \u201cSon nueve grupos divididos para realizar diferentes juegos y talleres din\u00e1micos. Contamos con muchos alumnos nuevos junto a otros que vienen hace mucho tiempo\u201d.<\/p>\n\n\n\n<p>Adem\u00e1s, explic\u00f3 que \u201cLa Colonia Inclusiva cuenta con m\u00e1s de 350 colonos y la mayor\u00eda viene por nataci\u00f3n, tanto para grandes como para chicos\u201d.<\/p>\n\n\n\n<p>Estas espacios de recreaci\u00f3n posibilita que las personas con m\u00faltiples discapacidades formen parte de disciplinas deportivas y recretivas, en articulaci\u00f3n con escuelas, instituciones y dependencias municipales para llevar adelantes actividades conjuntas.<\/p>\n\n\n\n<p>Para m\u00e1s informaci\u00f3n, comunicarse con la Subsecretar\u00eda de Deportes \u2013 Av. Constituci\u00f3n 92. Tel\u00e9fono: (0220) 485-5909 \/ 483-1144. WhatsApp: +54922004035346.<\/p>\n","protected":false},"excerpt":{"rendered":"<p>Con m&aacute;s de 350 inscriptos comenz&oacute; la temporada de las Colonias de Verano del Programa Merlo Inclusivo en el predio A.S.I.M.R.A. de la localidad de Ferrari. Las jornadas se desarrollan de lunes a viernes de 8:30 a 12:30 hs con la llegada de los chicos y las chicas al lugar, para luego desayunar. Se dividen &hellip; <\/p>\n","protected":false},"author":5,"featured_media":19644,"comment_status":"closed","ping_status":"closed","sticky":false,"template":"","format":"standard","meta":{"om_disable_all_campaigns":false,"_joinchat":[]},"categories":[10],"tags":[46,287,43,569],"featured_image_urls":{"full":["https:\/\/infotep.com.ar\/wp-content\/uploads\/2025\/01\/colonia-asimra-2025-5.jpg",1200,675,false],"thumbnail":["https:\/\/infotep.com.ar\/wp-content\/uploads\/2025\/01\/colonia-asimra-2025-5-150x150.jpg",150,150,true],"medium":["https:\/\/infotep.com.ar\/wp-content\/uploads\/2025\/01\/colonia-asimra-2025-5-300x169.jpg",300,169,true],"medium_large":["https:\/\/infotep.com.ar\/wp-content\/uploads\/2025\/01\/colonia-asimra-2025-5-768x432.jpg",768,432,true],"large":["https:\/\/infotep.com.ar\/wp-content\/uploads\/2025\/01\/colonia-asimra-2025-5-1024x576.jpg",1020,574,true],"1536x1536":["https:\/\/infotep.com.ar\/wp-content\/uploads\/2025\/01\/colonia-asimra-2025-5.jpg",1200,675,false],"2048x2048":["https:\/\/infotep.com.ar\/wp-content\/uploads\/2025\/01\/colonia-asimra-2025-5.jpg",1200,675,false],"blossom-feminine-slider":["https:\/\/infotep.com.ar\/wp-content\/uploads\/2025\/01\/colonia-asimra-2025-5-1200x649.jpg",1200,649,true],"blossom-feminine-featured":["https:\/\/infotep.com.ar\/wp-content\/uploads\/2025\/01\/colonia-asimra-2025-5-1200x600.jpg",1200,600,true],"blossom-feminine-with-sidebar":["https:\/\/infotep.com.ar\/wp-content\/uploads\/2025\/01\/colonia-asimra-2025-5-1020x600.jpg",1020,600,true],"blossom-feminine-blog":["https:\/\/infotep.com.ar\/wp-content\/uploads\/2025\/01\/colonia-asimra-2025-5-435x435.jpg",435,435,true],"blossom-feminine-cat":["https:\/\/infotep.com.ar\/wp-content\/uploads\/2025\/01\/colonia-asimra-2025-5-450x300.jpg",450,300,true],"blossom-feminine-related":["https:\/\/infotep.com.ar\/wp-content\/uploads\/2025\/01\/colonia-asimra-2025-5-320x200.jpg",320,200,true],"blossom-feminine-schema":["https:\/\/infotep.com.ar\/wp-content\/uploads\/2025\/01\/colonia-asimra-2025-5-107x60.jpg",107,60,true],"blossom-mommy-blog-slider-big":["https:\/\/infotep.com.ar\/wp-content\/uploads\/2025\/01\/colonia-asimra-2025-5-920x650.jpg",920,650,true],"blossom-mommy-blog-slider":["https:\/\/infotep.com.ar\/wp-content\/uploads\/2025\/01\/colonia-asimra-2025-5-460x310.jpg",460,310,true],"blossom-mommy-blog-two":["https:\/\/infotep.com.ar\/wp-content\/uploads\/2025\/01\/colonia-asimra-2025-5-768x480.jpg",768,480,true]},"author_info":{"info":["Angela Tobar"]},"category_info":"<a href=\"https:\/\/infotep.com.ar\/index.php\/category\/municipales\/merlo\/\" rel=\"category tag\">Merlo<\/a>","tag_info":"Merlo","comment_count":"0","_links":{"self":[{"href":"https:\/\/infotep.com.ar\/index.php\/wp-json\/wp\/v2\/posts\/19643"}],"collection":[{"href":"https:\/\/infotep.com.ar\/index.php\/wp-json\/wp\/v2\/posts"}],"about":[{"href":"https:\/\/infotep.com.ar\/index.php\/wp-json\/wp\/v2\/types\/post"}],"author":[{"embeddable":true,"href":"https:\/\/infotep.com.ar\/index.php\/wp-json\/wp\/v2\/users\/5"}],"replies":[{"embeddable":true,"href":"https:\/\/infotep.com.ar\/index.php\/wp-json\/wp\/v2\/comments?post=19643"}],"version-history":[{"count":1,"href":"https:\/\/infotep.com.ar\/index.php\/wp-json\/wp\/v2\/posts\/19643\/revisions"}],"predecessor-version":[{"id":19645,"href":"https:\/\/infotep.com.ar\/index.php\/wp-json\/wp\/v2\/posts\/19643\/revisions\/19645"}],"wp:featuredmedia":[{"embeddable":true,"href":"https:\/\/infotep.com.ar\/index.php\/wp-json\/wp\/v2\/media\/19644"}],"wp:attachment":[{"href":"https:\/\/infotep.com.ar\/index.php\/wp-json\/wp\/v2\/media?parent=19643"}],"wp:term":[{"taxonomy":"category","embeddable":true,"href":"https:\/\/infotep.com.ar\/index.php\/wp-json\/wp\/v2\/categories?post=19643"},{"taxonomy":"post_tag","embeddable":true,"href":"https:\/\/infotep.com.ar\/index.php\/wp-json\/wp\/v2\/tags?post=19643"}],"curies":[{"name":"wp","href":"https:\/\/api.w.org\/{rel}","templated":true}]}}