{"id":1988,"date":"2022-11-04T08:54:25","date_gmt":"2022-11-04T11:54:25","guid":{"rendered":"https:\/\/infotep.com.ar\/?p=1988"},"modified":"2022-11-04T08:54:26","modified_gmt":"2022-11-04T11:54:26","slug":"llega-la-4-feria-del-libro-feminista-literatura-por-y-para-feminismos-y-diversidades","status":"publish","type":"post","link":"https:\/\/infotep.com.ar\/index.php\/2022\/11\/04\/llega-la-4-feria-del-libro-feminista-literatura-por-y-para-feminismos-y-diversidades\/","title":{"rendered":"Llega la 4\u00b0 Feria del Libro Feminista: literatura por y para feminismos y diversidades"},"content":{"rendered":"\n<p>El espacio que comenz\u00f3 hace 5 a\u00f1os, a partir del encuentro de un grupo de compa\u00f1eras de militancia pol\u00edtica, hoy llega a la 4\u00b0 edici\u00f3n de la Feria del Libro Feminista (Filfem), que se desarrollar\u00e1 este domingo en el Complejo C Art Media de Chacarita, y re\u00fane a m\u00e1s de 90 editoriales y librer\u00edas con publicaciones feministas y de diversidades con gran variedad de propuestas centradas en el debate de temas como la maternidad, la violencia de g\u00e9nero, las disidencias y las infancias libres.<\/p>\n\n\n\n<p>Su potencia pol\u00edtica radica en reunir los feminismos que se imprimen en los g\u00e9neros y soportes m\u00e1s diversos: manifiestos, novelas, ensayos te\u00f3ricos, fanzines, relatos de no ficci\u00f3n, investigaciones y poes\u00eda. La potencia es la misma que las lanz\u00f3, a partir de la lucha por la ley de Interrupci\u00f3n Voluntaria del Embarazo (IVE), a la primera feria en 2018 y que hoy acumula cuatro ediciones.<\/p>\n\n\n\n<p>\u201cEl esp\u00edritu es ser un espacio transversal, amplio y plural en el que se prioriza darle visibilidad a los peque\u00f1os editores. En la curadur\u00eda se trabaja especialmente para que editoriales y librer\u00edas no se pisen, para que no se repitan t\u00edtulos\u201d, explica a T\u00e9lam Josefina Maharbiz, una de las coordinadoras y fundadoras de Filfem.<\/p>\n\n\n\n<p>Una ola, todas las olas<br><br>El momento social, pol\u00edtico y econ\u00f3mico en el que transcurre la feria de 2022 es muy diferente al de su primera edici\u00f3n, en 2018, atravesada por un leitmotiv que, a\u00fan con diferencias dentro de los feminismos, arrasaba como una ola: la Ley de Interrupci\u00f3n Voluntaria del Embarazo. En ese entonces, el consumo de feminismo era imparable y la feria tuvo varias cuadras de cola de personas para ingresar.<\/p>\n\n\n\n<p>Hoy, las batallas son diversas y m\u00faltiples, as\u00ed como tambi\u00e9n los posicionamientos. Como en toda arena de disputa pol\u00edtica, las diferencias afloran: regulacionistas versus abolicionistas de la prostituci\u00f3n; feminismos que prefieren la cancelaci\u00f3n y los escraches de varones denunciados por violencia de g\u00e9nero, frente a quienes defienden la inocencia hasta que se demuestre lo contrario.<\/p>\n\n\n\n<p>Ya no hay una ola arrasadora, los temas de inter\u00e9s se ramifican, y como en todo proceso de expansi\u00f3n, los l\u00edmites se ampl\u00edan y las reglas encorsetan.<\/p>\n\n\n\n<p>\u201cEl feminismo est\u00e1 buscando un lugar, y eso se expresa tambi\u00e9n en la feria. Estamos en un momento amesetado del movimiento. Hubo muchos triunfos y probablemente los siga habiendo, pero estamos en otro estad\u00edo. Hay cosas que tienen que decantar, es la calma tras la oleada. Y esta edici\u00f3n de la Filfem representa eso: una b\u00fasqueda de nuevos temas que nos interpelen a todes\u201d, agrega Maharbiz.<\/p>\n\n\n\n<p>\u201cLas producciones de la cultura sirven para ensayar modos sensibles de hablar de las cosas que nos preocupan: lo travesticidios, los femicidios y los discursos de odio. Personalmente, me interesa trabajar teniendo en cuenta la diversidad y proponer una alternativa de disfrute con textos donde est\u00e9 presente la imaginaci\u00f3n, la autobiograf\u00eda y la posibilidad de inventarse\u201d, explica a T\u00e9lam Gabriela Luzzi, fundadora de Paisanita Editora.<\/p>\n\n\n\n<p>El ancho mar feminista<\/p>\n\n\n\n<p>\u201cLa deuda es con lxs trabajadorxs sexuales\u201d es una de las charlas centrales de la Filfem, conversaci\u00f3n que tendr\u00e1 espacio a partir de las 17 y en donde la periodista Mikki Lusardi entrevistar\u00e1 a Georgina Orellano, autora del libro &#8220;Puta feminista, historias de una trabajadora sexual&#8221; (Peng\u00fcin Random House).<\/p>\n\n\n\n<p>A ra\u00edz de esta charla, militantes feministas del abolicionismo se pronunciaron en redes sociales y cuestionaron la decisi\u00f3n de la feria de incluir la voz de Orellano, quien adem\u00e1s de presentar su libro es una militante hist\u00f3rica por los derechos de las trabajadoras sexuales en Argentina.<\/p>\n\n\n\n<p><\/p>\n\n\n\n<p class=\"has-light-green-cyan-background-color has-background\">La cuarta edici\u00f3n de la Filfem se llevar\u00e1 adelante este domingo 4 de noviembre de 14 a 21 en el Complejo C Art Media de Chacarita, Av. Corrientes 6271, CABA. La entrada es libre y gratuita. M\u00e1s informaci\u00f3n en el este link.<\/p>\n","protected":false},"excerpt":{"rendered":"<p>El espacio que comenz&oacute; hace 5 a&ntilde;os, a partir del encuentro de un grupo de compa&ntilde;eras de militancia pol&iacute;tica, hoy llega a la 4&deg; edici&oacute;n de la Feria del Libro Feminista (Filfem), que se desarrollar&aacute; este domingo en el Complejo C Art Media de Chacarita, y re&uacute;ne a m&aacute;s de 90 editoriales y librer&iacute;as con &hellip; <\/p>\n","protected":false},"author":5,"featured_media":1989,"comment_status":"closed","ping_status":"closed","sticky":false,"template":"","format":"standard","meta":{"om_disable_all_campaigns":false,"_joinchat":[]},"categories":[3],"tags":[218,78,46,43],"featured_image_urls":{"full":["https:\/\/infotep.com.ar\/wp-content\/uploads\/2022\/11\/feria-del-libro.jpg",907,551,false],"thumbnail":["https:\/\/infotep.com.ar\/wp-content\/uploads\/2022\/11\/feria-del-libro-150x150.jpg",150,150,true],"medium":["https:\/\/infotep.com.ar\/wp-content\/uploads\/2022\/11\/feria-del-libro-300x182.jpg",300,182,true],"medium_large":["https:\/\/infotep.com.ar\/wp-content\/uploads\/2022\/11\/feria-del-libro-768x467.jpg",768,467,true],"large":["https:\/\/infotep.com.ar\/wp-content\/uploads\/2022\/11\/feria-del-libro.jpg",907,551,false],"1536x1536":["https:\/\/infotep.com.ar\/wp-content\/uploads\/2022\/11\/feria-del-libro.jpg",907,551,false],"2048x2048":["https:\/\/infotep.com.ar\/wp-content\/uploads\/2022\/11\/feria-del-libro.jpg",907,551,false],"blossom-feminine-slider":["https:\/\/infotep.com.ar\/wp-content\/uploads\/2022\/11\/feria-del-libro.jpg",907,551,false],"blossom-feminine-featured":["https:\/\/infotep.com.ar\/wp-content\/uploads\/2022\/11\/feria-del-libro.jpg",907,551,false],"blossom-feminine-with-sidebar":["https:\/\/infotep.com.ar\/wp-content\/uploads\/2022\/11\/feria-del-libro.jpg",907,551,false],"blossom-feminine-blog":["https:\/\/infotep.com.ar\/wp-content\/uploads\/2022\/11\/feria-del-libro-435x435.jpg",435,435,true],"blossom-feminine-cat":["https:\/\/infotep.com.ar\/wp-content\/uploads\/2022\/11\/feria-del-libro-450x300.jpg",450,300,true],"blossom-feminine-related":["https:\/\/infotep.com.ar\/wp-content\/uploads\/2022\/11\/feria-del-libro-320x200.jpg",320,200,true],"blossom-feminine-schema":["https:\/\/infotep.com.ar\/wp-content\/uploads\/2022\/11\/feria-del-libro-99x60.jpg",99,60,true],"blossom-mommy-blog-slider-big":["https:\/\/infotep.com.ar\/wp-content\/uploads\/2022\/11\/feria-del-libro.jpg",907,551,false],"blossom-mommy-blog-slider":["https:\/\/infotep.com.ar\/wp-content\/uploads\/2022\/11\/feria-del-libro-460x310.jpg",460,310,true],"blossom-mommy-blog-two":["https:\/\/infotep.com.ar\/wp-content\/uploads\/2022\/11\/feria-del-libro-768x480.jpg",768,480,true]},"author_info":{"info":["Angela Tobar"]},"category_info":"<a href=\"https:\/\/infotep.com.ar\/index.php\/category\/nacionales\/\" rel=\"category tag\">Nacionales<\/a>","tag_info":"Nacionales","comment_count":"0","_links":{"self":[{"href":"https:\/\/infotep.com.ar\/index.php\/wp-json\/wp\/v2\/posts\/1988"}],"collection":[{"href":"https:\/\/infotep.com.ar\/index.php\/wp-json\/wp\/v2\/posts"}],"about":[{"href":"https:\/\/infotep.com.ar\/index.php\/wp-json\/wp\/v2\/types\/post"}],"author":[{"embeddable":true,"href":"https:\/\/infotep.com.ar\/index.php\/wp-json\/wp\/v2\/users\/5"}],"replies":[{"embeddable":true,"href":"https:\/\/infotep.com.ar\/index.php\/wp-json\/wp\/v2\/comments?post=1988"}],"version-history":[{"count":1,"href":"https:\/\/infotep.com.ar\/index.php\/wp-json\/wp\/v2\/posts\/1988\/revisions"}],"predecessor-version":[{"id":1990,"href":"https:\/\/infotep.com.ar\/index.php\/wp-json\/wp\/v2\/posts\/1988\/revisions\/1990"}],"wp:featuredmedia":[{"embeddable":true,"href":"https:\/\/infotep.com.ar\/index.php\/wp-json\/wp\/v2\/media\/1989"}],"wp:attachment":[{"href":"https:\/\/infotep.com.ar\/index.php\/wp-json\/wp\/v2\/media?parent=1988"}],"wp:term":[{"taxonomy":"category","embeddable":true,"href":"https:\/\/infotep.com.ar\/index.php\/wp-json\/wp\/v2\/categories?post=1988"},{"taxonomy":"post_tag","embeddable":true,"href":"https:\/\/infotep.com.ar\/index.php\/wp-json\/wp\/v2\/tags?post=1988"}],"curies":[{"name":"wp","href":"https:\/\/api.w.org\/{rel}","templated":true}]}}