{"id":19946,"date":"2025-01-20T00:32:32","date_gmt":"2025-01-20T03:32:32","guid":{"rendered":"https:\/\/infotep.com.ar\/?p=19946"},"modified":"2025-01-20T00:32:32","modified_gmt":"2025-01-20T03:32:32","slug":"el-intendente-de-villa-gesell-respaldo-a-kicillof-en-la-interna-del-pj-la-alternativa-y-el-futuro-estan-puestos-en-axel","status":"publish","type":"post","link":"https:\/\/infotep.com.ar\/index.php\/2025\/01\/20\/el-intendente-de-villa-gesell-respaldo-a-kicillof-en-la-interna-del-pj-la-alternativa-y-el-futuro-estan-puestos-en-axel\/","title":{"rendered":"El intendente de Villa Gesell respald\u00f3 a Kicillof en la interna del PJ: &#8220;La alternativa y el futuro est\u00e1n puestos en Axel&#8221;"},"content":{"rendered":"\n<p>Gustavo Barrera pidi\u00f3 potenciar el di\u00e1logo al interior del peronismo y se mostr\u00f3 a favor de la eliminaci\u00f3n de las PASO y desdoblamiento electoral. Tambi\u00e9n habl\u00f3 de ca\u00edda del consumo en la costa atl\u00e1ntica.<br><br>El intendente de Villa Gesell, Gustavo Barrera, se pronunci\u00f3 a favor del gobernador de la provincia Axel Kicillof en la interna del Partido Justicialista, y propuso potenciar el di\u00e1logo al interior del peronismo. Adem\u00e1s, pidi\u00f3 la eliminaci\u00f3n de las elecciones Primarias, Abiertas, Simult\u00e1neas y Obligatorias (PASO), y el desdoblamiento de los comicios.<\/p>\n\n\n\n<p><strong>\u201cTenemos que darle un gran apoyo a Axel Kicillof que es el \u00fanico que enfrenta a las pol\u00edticas de este Gobierno Nacional, y es el m\u00e1s perjudicado porque a la provincia le han sacado gran cantidad de recursos, que repercuten en los municipios\u201d, asever\u00f3 en declaraciones Splendid &#8211; 990, y agreg\u00f3: \u201cEs una provincia productiva, de trabajo, todo lo contrario a lo que est\u00e1 haciendo el Gobierno Nacional\u201d.<\/strong><\/p>\n\n\n\n<p>En la misma l\u00ednea, plante\u00f3: \u201cQueremos una provincia productiva, que genere trabajo, que el trabajador tenga la posibilidad de vivir con dignidad. Por eso digo que la alternativa y el futuro est\u00e1 puesto en Axel Kicillof, y veremos c\u00f3mo nos vamos ayornando a las instancias que vienen dentro de nuestro espacio\u201d.<\/p>\n\n\n\n<p>Asimismo, el intendente gesellino se mostr\u00f3 a favor del di\u00e1logo interno en el peronismo, el que calific\u00f3 de positivo y productivo si entre las partes hay un intercambio, y pidi\u00f3 potenciarlo. \u201cDesde ese punto de vista siempre es bueno, y m\u00e1s dentro de nuestro espacio. Ahora veremos, son decisiones que se tendr\u00e1n que tomar en los pr\u00f3ximos d\u00edas, meses, porque ya estamos muy pronto al cierre de las pr\u00f3ximas elecciones para fijar fechas\u201d, sostuvo.<\/p>\n\n\n\n<p>\u201cSabemos nosotros que nos vamos a enfrentar tambi\u00e9n a una elecci\u00f3n muy dif\u00edcil. Entonces, el di\u00e1logo siempre es positivo, y si llegamos a una instancia de coordinar los diferentes espacios, las diferentes inquietudes dentro de Uni\u00f3n por la Patria, ser\u00eda muy bueno. Hay que transitar esta etapa y ver c\u00f3mo se arman los diferentes equipos\u201d, desarroll\u00f3 en plena tensi\u00f3n internta entre el gobernador bonaerense y la dos veces presidenta Cristina Fern\u00e1ndez de Kirchner.<\/p>\n\n\n\n<p>Respecto al debate de las PASO, Barrera revel\u00f3 que varios intendentes se muestran a favor de su eliminaci\u00f3n y de desdoblar los comcios, aunque insisti\u00f3 que se trata de un debate que deber\u00e1 resolver el Congreos. \u201cNos enfrentamos a una elecci\u00f3n muy complicada, porque si van las PASO y las generales en las mismas fechas, los bonaerenses vamos a tener que votar cuatro veces. Dos veces en un d\u00eda, y despu\u00e9s por las PASO y dos veces por las generales en el mismo d\u00eda\u201d, argument\u00f3.<\/p>\n\n\n\n<p>Por \u00faltimo, plante\u00f3 que Villa Gesell transita una temprada \u201caceptable&#8221;, con casi un 85% de ocupaci\u00f3n entre diciembre y los primeros d\u00edas del 2025, pero se mostr\u00f3 preocupado por la ca\u00edda del consumo. \u201cEl que viene un d\u00eda de descanso no sale a cenar o al centro todas las noches y a consumir, como quiz\u00e1s no hac\u00eda a\u00f1os anteriores\u201d, concluy\u00f3.<\/p>\n","protected":false},"excerpt":{"rendered":"<p>Gustavo Barrera pidi&oacute; potenciar el di&aacute;logo al interior del peronismo y se mostr&oacute; a favor de la eliminaci&oacute;n de las PASO y desdoblamiento electoral. Tambi&eacute;n habl&oacute; de ca&iacute;da del consumo en la costa atl&aacute;ntica. El intendente de Villa Gesell, Gustavo Barrera, se pronunci&oacute; a favor del gobernador de la provincia Axel Kicillof en la interna &hellip; <\/p>\n","protected":false},"author":5,"featured_media":19947,"comment_status":"closed","ping_status":"closed","sticky":false,"template":"","format":"standard","meta":{"om_disable_all_campaigns":false,"_joinchat":[]},"categories":[4],"tags":[46,43,569],"featured_image_urls":{"full":["https:\/\/infotep.com.ar\/wp-content\/uploads\/2025\/01\/villa-geselo.jpg",1024,684,false],"thumbnail":["https:\/\/infotep.com.ar\/wp-content\/uploads\/2025\/01\/villa-geselo-150x150.jpg",150,150,true],"medium":["https:\/\/infotep.com.ar\/wp-content\/uploads\/2025\/01\/villa-geselo-300x200.jpg",300,200,true],"medium_large":["https:\/\/infotep.com.ar\/wp-content\/uploads\/2025\/01\/villa-geselo-768x513.jpg",768,513,true],"large":["https:\/\/infotep.com.ar\/wp-content\/uploads\/2025\/01\/villa-geselo.jpg",1020,681,false],"1536x1536":["https:\/\/infotep.com.ar\/wp-content\/uploads\/2025\/01\/villa-geselo.jpg",1024,684,false],"2048x2048":["https:\/\/infotep.com.ar\/wp-content\/uploads\/2025\/01\/villa-geselo.jpg",1024,684,false],"blossom-feminine-slider":["https:\/\/infotep.com.ar\/wp-content\/uploads\/2025\/01\/villa-geselo-1024x649.jpg",1024,649,true],"blossom-feminine-featured":["https:\/\/infotep.com.ar\/wp-content\/uploads\/2025\/01\/villa-geselo-1024x600.jpg",1024,600,true],"blossom-feminine-with-sidebar":["https:\/\/infotep.com.ar\/wp-content\/uploads\/2025\/01\/villa-geselo-1020x600.jpg",1020,600,true],"blossom-feminine-blog":["https:\/\/infotep.com.ar\/wp-content\/uploads\/2025\/01\/villa-geselo-435x435.jpg",435,435,true],"blossom-feminine-cat":["https:\/\/infotep.com.ar\/wp-content\/uploads\/2025\/01\/villa-geselo-450x300.jpg",450,300,true],"blossom-feminine-related":["https:\/\/infotep.com.ar\/wp-content\/uploads\/2025\/01\/villa-geselo-320x200.jpg",320,200,true],"blossom-feminine-schema":["https:\/\/infotep.com.ar\/wp-content\/uploads\/2025\/01\/villa-geselo-90x60.jpg",90,60,true],"blossom-mommy-blog-slider-big":["https:\/\/infotep.com.ar\/wp-content\/uploads\/2025\/01\/villa-geselo-920x650.jpg",920,650,true],"blossom-mommy-blog-slider":["https:\/\/infotep.com.ar\/wp-content\/uploads\/2025\/01\/villa-geselo-460x310.jpg",460,310,true],"blossom-mommy-blog-two":["https:\/\/infotep.com.ar\/wp-content\/uploads\/2025\/01\/villa-geselo-768x480.jpg",768,480,true]},"author_info":{"info":["Angela Tobar"]},"category_info":"<a href=\"https:\/\/infotep.com.ar\/index.php\/category\/provinciales\/\" rel=\"category tag\">Provinciales<\/a>","tag_info":"Provinciales","comment_count":"0","_links":{"self":[{"href":"https:\/\/infotep.com.ar\/index.php\/wp-json\/wp\/v2\/posts\/19946"}],"collection":[{"href":"https:\/\/infotep.com.ar\/index.php\/wp-json\/wp\/v2\/posts"}],"about":[{"href":"https:\/\/infotep.com.ar\/index.php\/wp-json\/wp\/v2\/types\/post"}],"author":[{"embeddable":true,"href":"https:\/\/infotep.com.ar\/index.php\/wp-json\/wp\/v2\/users\/5"}],"replies":[{"embeddable":true,"href":"https:\/\/infotep.com.ar\/index.php\/wp-json\/wp\/v2\/comments?post=19946"}],"version-history":[{"count":1,"href":"https:\/\/infotep.com.ar\/index.php\/wp-json\/wp\/v2\/posts\/19946\/revisions"}],"predecessor-version":[{"id":19948,"href":"https:\/\/infotep.com.ar\/index.php\/wp-json\/wp\/v2\/posts\/19946\/revisions\/19948"}],"wp:featuredmedia":[{"embeddable":true,"href":"https:\/\/infotep.com.ar\/index.php\/wp-json\/wp\/v2\/media\/19947"}],"wp:attachment":[{"href":"https:\/\/infotep.com.ar\/index.php\/wp-json\/wp\/v2\/media?parent=19946"}],"wp:term":[{"taxonomy":"category","embeddable":true,"href":"https:\/\/infotep.com.ar\/index.php\/wp-json\/wp\/v2\/categories?post=19946"},{"taxonomy":"post_tag","embeddable":true,"href":"https:\/\/infotep.com.ar\/index.php\/wp-json\/wp\/v2\/tags?post=19946"}],"curies":[{"name":"wp","href":"https:\/\/api.w.org\/{rel}","templated":true}]}}