{"id":2000,"date":"2022-11-04T13:35:10","date_gmt":"2022-11-04T16:35:10","guid":{"rendered":"https:\/\/infotep.com.ar\/?p=2000"},"modified":"2022-11-04T14:31:18","modified_gmt":"2022-11-04T17:31:18","slug":"en-marzo-inician-las-clases-en-la-primera-sede-universitaria-del-centro-regional-en-ituzaingo","status":"publish","type":"post","link":"https:\/\/infotep.com.ar\/index.php\/2022\/11\/04\/en-marzo-inician-las-clases-en-la-primera-sede-universitaria-del-centro-regional-en-ituzaingo\/","title":{"rendered":"En marzo comienza a funcionar la primera sede universitaria del centro regional en Ituzaing\u00f3"},"content":{"rendered":"\n<p>En marzo del 2023 abrir\u00e1n las puertas de la primera sede del Centro Regional Universitario. Mientras avanza la obra del edificio central universitario (en Ratti y Thorne), en los \u00faltimos d\u00edas el Intendente dio a conocer la compra de un establecimiento educativo en Ituzaing\u00f3 Sur (Los Pozos y Gelpi) que oficiar\u00e1 como la primera sede universitaria del centro regional en Ituzaing\u00f3.<\/p>\n\n\n\n<p>Con fuerte inversi\u00f3n municipal y de la Provincia de Buenos Aires, estamos trabajando en el acondicionamiento y equipamiento del lugar que va a respetar la arquitectura del establecimiento ya que se trata de patrimonio hist\u00f3rico.<\/p>\n\n\n\n<p class=\"has-light-green-cyan-background-color has-background\">El Centro Regional Universitario (CRU) es un proyecto que comenz\u00f3 en Abril 2022, cuando el Municipio firm\u00f3 un convenio para su creaci\u00f3n con la Universidad Nacional de la Matanza, la Universidad Nacional de Hurlingham y el Ministerio de Educaci\u00f3n de la Naci\u00f3n.<\/p>\n\n\n\n<p>Actualmente se est\u00e1n realizando estudios preliminares para terminar de definir cu\u00e1l ser\u00e1 la oferta acad\u00e9mica que brindar\u00e1 este centro de formaci\u00f3n. En este sentido, en conjunto con la comunidad educativa de la regi\u00f3n y la UNLaM, desde el Municipio se esta llevando adelante un programa de orientaci\u00f3n vocacional, destinado a acompa\u00f1ar a los y las j\u00f3venes que se encuentran cursando los \u00faltimos dos a\u00f1os de la educaci\u00f3n secundaria, con el objetivo de conocer sus intereses y expectativas respecto a la educaci\u00f3n superior.<\/p>\n\n\n\n<blockquote class=\"wp-block-quote\"><p>\u201cEstamos muy contentos de comenzar a materializar este sue\u00f1o, que es de todos. Creemos en la educaci\u00f3n como bandera, como la gran herramienta transformadora que nos abre puertas y nos permite acceder a un futuro mejor\u201d <\/p><cite>Alberto Descalzo<\/cite><\/blockquote>\n\n\n\n<p>Con esta apertura, se lograr\u00e1 as\u00ed uno de los objetivos m\u00e1ximos de la planificaci\u00f3n estrat\u00e9gica de la gesti\u00f3n, que es garantizar el derecho a la educaci\u00f3n gratuita desde la primera infancia hasta el t\u00edtulo de grado.<\/p>\n\n\n\n<p>El intendente tambi\u00e9n enfatiz\u00f3: \u201cEn Ituzaing\u00f3 trabajamos todos los d\u00edas para hacer de esta ciudad, una ciudad de oportunidades. Queremos que cada vecino y vecina encuentre ac\u00e1, un lugar para trabajar, vivir, y estudiar. Y bajo ese norte seguiremos aunando esfuerzos junto al Gobierno Nacional y Provincial.\u201d a lo que agreg\u00f3, \u201cEste hecho se da nada m\u00e1s ni nada menos que en el a\u00f1o del 150\u00b0 aniversario de nuestra fundaci\u00f3n, un a\u00f1o donde celebramos nuestra identidad y nuestra historia. Este, sin dudas, es un hecho que formar\u00e1 parte de la historia colectiva de cada Ituzainguense\u201d.<\/p>\n","protected":false},"excerpt":{"rendered":"<p>En marzo del 2023 abrir&aacute;n las puertas de la primera sede del Centro Regional Universitario. Mientras avanza la obra del edificio central universitario (en Ratti y Thorne), en los &uacute;ltimos d&iacute;as el Intendente dio a conocer la compra de un establecimiento educativo en Ituzaing&oacute; Sur (Los Pozos y Gelpi) que oficiar&aacute; como la primera sede &hellip; <\/p>\n","protected":false},"author":5,"featured_media":2001,"comment_status":"closed","ping_status":"closed","sticky":false,"template":"","format":"standard","meta":{"om_disable_all_campaigns":false,"_joinchat":[]},"categories":[31,8,6],"tags":[220,46,51,43],"featured_image_urls":{"full":["https:\/\/infotep.com.ar\/wp-content\/uploads\/2022\/11\/centro-universitario-de-ituzaingo.jpg",1920,1080,false],"thumbnail":["https:\/\/infotep.com.ar\/wp-content\/uploads\/2022\/11\/centro-universitario-de-ituzaingo-150x150.jpg",150,150,true],"medium":["https:\/\/infotep.com.ar\/wp-content\/uploads\/2022\/11\/centro-universitario-de-ituzaingo-300x169.jpg",300,169,true],"medium_large":["https:\/\/infotep.com.ar\/wp-content\/uploads\/2022\/11\/centro-universitario-de-ituzaingo-768x432.jpg",768,432,true],"large":["https:\/\/infotep.com.ar\/wp-content\/uploads\/2022\/11\/centro-universitario-de-ituzaingo-1024x576.jpg",1020,574,true],"1536x1536":["https:\/\/infotep.com.ar\/wp-content\/uploads\/2022\/11\/centro-universitario-de-ituzaingo-1536x864.jpg",1536,864,true],"2048x2048":["https:\/\/infotep.com.ar\/wp-content\/uploads\/2022\/11\/centro-universitario-de-ituzaingo.jpg",1920,1080,false],"blossom-feminine-slider":["https:\/\/infotep.com.ar\/wp-content\/uploads\/2022\/11\/centro-universitario-de-ituzaingo-1920x649.jpg",1920,649,true],"blossom-feminine-featured":["https:\/\/infotep.com.ar\/wp-content\/uploads\/2022\/11\/centro-universitario-de-ituzaingo-1410x600.jpg",1410,600,true],"blossom-feminine-with-sidebar":["https:\/\/infotep.com.ar\/wp-content\/uploads\/2022\/11\/centro-universitario-de-ituzaingo-1020x600.jpg",1020,600,true],"blossom-feminine-blog":["https:\/\/infotep.com.ar\/wp-content\/uploads\/2022\/11\/centro-universitario-de-ituzaingo-435x435.jpg",435,435,true],"blossom-feminine-cat":["https:\/\/infotep.com.ar\/wp-content\/uploads\/2022\/11\/centro-universitario-de-ituzaingo-450x300.jpg",450,300,true],"blossom-feminine-related":["https:\/\/infotep.com.ar\/wp-content\/uploads\/2022\/11\/centro-universitario-de-ituzaingo-320x200.jpg",320,200,true],"blossom-feminine-schema":["https:\/\/infotep.com.ar\/wp-content\/uploads\/2022\/11\/centro-universitario-de-ituzaingo-107x60.jpg",107,60,true],"blossom-mommy-blog-slider-big":["https:\/\/infotep.com.ar\/wp-content\/uploads\/2022\/11\/centro-universitario-de-ituzaingo-920x650.jpg",920,650,true],"blossom-mommy-blog-slider":["https:\/\/infotep.com.ar\/wp-content\/uploads\/2022\/11\/centro-universitario-de-ituzaingo-460x310.jpg",460,310,true],"blossom-mommy-blog-two":["https:\/\/infotep.com.ar\/wp-content\/uploads\/2022\/11\/centro-universitario-de-ituzaingo-768x480.jpg",768,480,true]},"author_info":{"info":["Angela Tobar"]},"category_info":"<a href=\"https:\/\/infotep.com.ar\/index.php\/category\/destacadas\/\" rel=\"category tag\">Destacadas<\/a> <a href=\"https:\/\/infotep.com.ar\/index.php\/category\/municipales\/ituzaingo\/\" rel=\"category tag\">Ituzaing\u00f3<\/a> <a href=\"https:\/\/infotep.com.ar\/index.php\/category\/universitarias\/\" rel=\"category tag\">Universitarias<\/a>","tag_info":"Universitarias","comment_count":"0","_links":{"self":[{"href":"https:\/\/infotep.com.ar\/index.php\/wp-json\/wp\/v2\/posts\/2000"}],"collection":[{"href":"https:\/\/infotep.com.ar\/index.php\/wp-json\/wp\/v2\/posts"}],"about":[{"href":"https:\/\/infotep.com.ar\/index.php\/wp-json\/wp\/v2\/types\/post"}],"author":[{"embeddable":true,"href":"https:\/\/infotep.com.ar\/index.php\/wp-json\/wp\/v2\/users\/5"}],"replies":[{"embeddable":true,"href":"https:\/\/infotep.com.ar\/index.php\/wp-json\/wp\/v2\/comments?post=2000"}],"version-history":[{"count":3,"href":"https:\/\/infotep.com.ar\/index.php\/wp-json\/wp\/v2\/posts\/2000\/revisions"}],"predecessor-version":[{"id":2004,"href":"https:\/\/infotep.com.ar\/index.php\/wp-json\/wp\/v2\/posts\/2000\/revisions\/2004"}],"wp:featuredmedia":[{"embeddable":true,"href":"https:\/\/infotep.com.ar\/index.php\/wp-json\/wp\/v2\/media\/2001"}],"wp:attachment":[{"href":"https:\/\/infotep.com.ar\/index.php\/wp-json\/wp\/v2\/media?parent=2000"}],"wp:term":[{"taxonomy":"category","embeddable":true,"href":"https:\/\/infotep.com.ar\/index.php\/wp-json\/wp\/v2\/categories?post=2000"},{"taxonomy":"post_tag","embeddable":true,"href":"https:\/\/infotep.com.ar\/index.php\/wp-json\/wp\/v2\/tags?post=2000"}],"curies":[{"name":"wp","href":"https:\/\/api.w.org\/{rel}","templated":true}]}}