{"id":20072,"date":"2025-01-23T00:30:54","date_gmt":"2025-01-23T03:30:54","guid":{"rendered":"https:\/\/infotep.com.ar\/?p=20072"},"modified":"2025-01-23T00:30:55","modified_gmt":"2025-01-23T03:30:55","slug":"marinucci-llamo-a-buscar-un-equilibrio-que-proteja-a-los-usuarios","status":"publish","type":"post","link":"https:\/\/infotep.com.ar\/index.php\/2025\/01\/23\/marinucci-llamo-a-buscar-un-equilibrio-que-proteja-a-los-usuarios\/","title":{"rendered":"Marinucci llam\u00f3 a \u201cbuscar un equilibrio que proteja a los usuarios&#8221;"},"content":{"rendered":"\n<p>El Ministro de Transporte recibi\u00f3 a los titulares de las principales C\u00e1maras que nuclean al transporte de pasajeros en el suelo bonaerense. El eje de la cumbre fue la b\u00fasqueda de consensos para optimizar el servicio.<\/p>\n\n\n\n<p><br>Este mi\u00e9rcoles, el ministro de Transporte de la provincia de Buenos Aires, Mart\u00edn Marinucci, recibi\u00f3 en La Plata a los representantes de las C\u00e1maras de Transporte que operan en el territorio bonaerense. El funcionario provincial estuvo acompa\u00f1ado por el subsecretario de Transporte Terrestre, Dami\u00e1n Contreras; y la subsecretaria de Articulaci\u00f3n Interjurisdiccional del Transporte, Valeria Arata.<\/p>\n\n\n\n<p><strong>En su primera cumbre con los empresarios del transporte p\u00fablico, Marinucci puso el foco en avanzar con una planificaci\u00f3n del sistema en una mesa de trabajo entre las partes. As\u00ed, apunt\u00f3 a un equilibrio entre la ganancia del sector privado y un servicio que d\u00e9 respuestas a las necesidades de las y los pasajeros.<\/strong><\/p>\n\n\n\n<p>\u201cNuestro objetivo es que cada vecina y vecino viaje bien. Entendemos que optimizar el servicio, los recorridos y las comodidades forman parte de una ecuaci\u00f3n compleja en la que los empresarios tambi\u00e9n tienen que estar contenidos\u201d, se\u00f1al\u00f3 el Ministro ante los representantes de AAETA; CEAP; CEUTUPBA; Y CTPBA.<\/p>\n\n\n\n<p>Adem\u00e1s, hizo hincapi\u00e9 en la actualizaci\u00f3n de la estructura de costos con un nivel de subsidio sostenido. \u201cLa idea es buscar un equilibrio que proteja a los usuarios y que permita el desarrollo de la actividad\u201d, sentenci\u00f3 Marinucci.<\/p>\n\n\n\n<p>En el encuentro que se desarroll\u00f3 en la sede del ministerio de Transporte, el Ministro sent\u00f3 las bases para la conversaci\u00f3n fluida con las C\u00e1maras de Transporte con la mirada puesta en un servicio de calidad para cada bonaerense.<\/p>\n","protected":false},"excerpt":{"rendered":"<p>El Ministro de Transporte recibi&oacute; a los titulares de las principales C&aacute;maras que nuclean al transporte de pasajeros en el suelo bonaerense. El eje de la cumbre fue la b&uacute;squeda de consensos para optimizar el servicio. Este mi&eacute;rcoles, el ministro de Transporte de la provincia de Buenos Aires, Mart&iacute;n Marinucci, recibi&oacute; en La Plata a &hellip; <\/p>\n","protected":false},"author":5,"featured_media":20073,"comment_status":"closed","ping_status":"closed","sticky":false,"template":"","format":"standard","meta":{"om_disable_all_campaigns":false,"_joinchat":[]},"categories":[31,4],"tags":[46,43,569],"featured_image_urls":{"full":["https:\/\/infotep.com.ar\/wp-content\/uploads\/2025\/01\/Marinucci-reunio-a-las-Camaras-de-Transporte-y-llamo-a-buscar-un-equilibrio-que-proteja-a-los-usuarios.jpeg",700,451,false],"thumbnail":["https:\/\/infotep.com.ar\/wp-content\/uploads\/2025\/01\/Marinucci-reunio-a-las-Camaras-de-Transporte-y-llamo-a-buscar-un-equilibrio-que-proteja-a-los-usuarios-150x150.jpeg",150,150,true],"medium":["https:\/\/infotep.com.ar\/wp-content\/uploads\/2025\/01\/Marinucci-reunio-a-las-Camaras-de-Transporte-y-llamo-a-buscar-un-equilibrio-que-proteja-a-los-usuarios-300x193.jpeg",300,193,true],"medium_large":["https:\/\/infotep.com.ar\/wp-content\/uploads\/2025\/01\/Marinucci-reunio-a-las-Camaras-de-Transporte-y-llamo-a-buscar-un-equilibrio-que-proteja-a-los-usuarios.jpeg",700,451,false],"large":["https:\/\/infotep.com.ar\/wp-content\/uploads\/2025\/01\/Marinucci-reunio-a-las-Camaras-de-Transporte-y-llamo-a-buscar-un-equilibrio-que-proteja-a-los-usuarios.jpeg",700,451,false],"1536x1536":["https:\/\/infotep.com.ar\/wp-content\/uploads\/2025\/01\/Marinucci-reunio-a-las-Camaras-de-Transporte-y-llamo-a-buscar-un-equilibrio-que-proteja-a-los-usuarios.jpeg",700,451,false],"2048x2048":["https:\/\/infotep.com.ar\/wp-content\/uploads\/2025\/01\/Marinucci-reunio-a-las-Camaras-de-Transporte-y-llamo-a-buscar-un-equilibrio-que-proteja-a-los-usuarios.jpeg",700,451,false],"blossom-feminine-slider":["https:\/\/infotep.com.ar\/wp-content\/uploads\/2025\/01\/Marinucci-reunio-a-las-Camaras-de-Transporte-y-llamo-a-buscar-un-equilibrio-que-proteja-a-los-usuarios.jpeg",700,451,false],"blossom-feminine-featured":["https:\/\/infotep.com.ar\/wp-content\/uploads\/2025\/01\/Marinucci-reunio-a-las-Camaras-de-Transporte-y-llamo-a-buscar-un-equilibrio-que-proteja-a-los-usuarios.jpeg",700,451,false],"blossom-feminine-with-sidebar":["https:\/\/infotep.com.ar\/wp-content\/uploads\/2025\/01\/Marinucci-reunio-a-las-Camaras-de-Transporte-y-llamo-a-buscar-un-equilibrio-que-proteja-a-los-usuarios.jpeg",700,451,false],"blossom-feminine-blog":["https:\/\/infotep.com.ar\/wp-content\/uploads\/2025\/01\/Marinucci-reunio-a-las-Camaras-de-Transporte-y-llamo-a-buscar-un-equilibrio-que-proteja-a-los-usuarios-435x435.jpeg",435,435,true],"blossom-feminine-cat":["https:\/\/infotep.com.ar\/wp-content\/uploads\/2025\/01\/Marinucci-reunio-a-las-Camaras-de-Transporte-y-llamo-a-buscar-un-equilibrio-que-proteja-a-los-usuarios-450x300.jpeg",450,300,true],"blossom-feminine-related":["https:\/\/infotep.com.ar\/wp-content\/uploads\/2025\/01\/Marinucci-reunio-a-las-Camaras-de-Transporte-y-llamo-a-buscar-un-equilibrio-que-proteja-a-los-usuarios-320x200.jpeg",320,200,true],"blossom-feminine-schema":["https:\/\/infotep.com.ar\/wp-content\/uploads\/2025\/01\/Marinucci-reunio-a-las-Camaras-de-Transporte-y-llamo-a-buscar-un-equilibrio-que-proteja-a-los-usuarios-93x60.jpeg",93,60,true],"blossom-mommy-blog-slider-big":["https:\/\/infotep.com.ar\/wp-content\/uploads\/2025\/01\/Marinucci-reunio-a-las-Camaras-de-Transporte-y-llamo-a-buscar-un-equilibrio-que-proteja-a-los-usuarios.jpeg",700,451,false],"blossom-mommy-blog-slider":["https:\/\/infotep.com.ar\/wp-content\/uploads\/2025\/01\/Marinucci-reunio-a-las-Camaras-de-Transporte-y-llamo-a-buscar-un-equilibrio-que-proteja-a-los-usuarios-460x310.jpeg",460,310,true],"blossom-mommy-blog-two":["https:\/\/infotep.com.ar\/wp-content\/uploads\/2025\/01\/Marinucci-reunio-a-las-Camaras-de-Transporte-y-llamo-a-buscar-un-equilibrio-que-proteja-a-los-usuarios.jpeg",700,451,false]},"author_info":{"info":["Angela Tobar"]},"category_info":"<a href=\"https:\/\/infotep.com.ar\/index.php\/category\/destacadas\/\" rel=\"category tag\">Destacadas<\/a> <a href=\"https:\/\/infotep.com.ar\/index.php\/category\/provinciales\/\" rel=\"category tag\">Provinciales<\/a>","tag_info":"Provinciales","comment_count":"0","_links":{"self":[{"href":"https:\/\/infotep.com.ar\/index.php\/wp-json\/wp\/v2\/posts\/20072"}],"collection":[{"href":"https:\/\/infotep.com.ar\/index.php\/wp-json\/wp\/v2\/posts"}],"about":[{"href":"https:\/\/infotep.com.ar\/index.php\/wp-json\/wp\/v2\/types\/post"}],"author":[{"embeddable":true,"href":"https:\/\/infotep.com.ar\/index.php\/wp-json\/wp\/v2\/users\/5"}],"replies":[{"embeddable":true,"href":"https:\/\/infotep.com.ar\/index.php\/wp-json\/wp\/v2\/comments?post=20072"}],"version-history":[{"count":1,"href":"https:\/\/infotep.com.ar\/index.php\/wp-json\/wp\/v2\/posts\/20072\/revisions"}],"predecessor-version":[{"id":20074,"href":"https:\/\/infotep.com.ar\/index.php\/wp-json\/wp\/v2\/posts\/20072\/revisions\/20074"}],"wp:featuredmedia":[{"embeddable":true,"href":"https:\/\/infotep.com.ar\/index.php\/wp-json\/wp\/v2\/media\/20073"}],"wp:attachment":[{"href":"https:\/\/infotep.com.ar\/index.php\/wp-json\/wp\/v2\/media?parent=20072"}],"wp:term":[{"taxonomy":"category","embeddable":true,"href":"https:\/\/infotep.com.ar\/index.php\/wp-json\/wp\/v2\/categories?post=20072"},{"taxonomy":"post_tag","embeddable":true,"href":"https:\/\/infotep.com.ar\/index.php\/wp-json\/wp\/v2\/tags?post=20072"}],"curies":[{"name":"wp","href":"https:\/\/api.w.org\/{rel}","templated":true}]}}