{"id":20191,"date":"2025-01-27T15:09:51","date_gmt":"2025-01-27T18:09:51","guid":{"rendered":"https:\/\/infotep.com.ar\/?p=20191"},"modified":"2025-01-27T15:09:52","modified_gmt":"2025-01-27T18:09:52","slug":"axel-kicillof-sobre-javier-milei-igualar-homosexualidad-con-pedofilia-es-de-una-ignorancia-tremenda","status":"publish","type":"post","link":"https:\/\/infotep.com.ar\/index.php\/2025\/01\/27\/axel-kicillof-sobre-javier-milei-igualar-homosexualidad-con-pedofilia-es-de-una-ignorancia-tremenda\/","title":{"rendered":"Axel Kicillof sobre Javier Milei: &#8220;Igualar homosexualidad con pedofilia es de una ignorancia tremenda&#8221;"},"content":{"rendered":"\n<p>\u201c\u00bfC\u00f3mo le vas a explicar a un alumno que no agreda si el Presidente lo hace todo el tiempo?\u201d, dispar\u00f3 el gobernador sobre el discurso del Presidente.<\/p>\n\n\n\n<p>El gobernador de la provincia de Buenos Aires, Axel Kicillof, apunt\u00f3 contra el presidente de la Naci\u00f3n, Javier Milei, y afirm\u00f3 que el discurso que dio en Davos \u201ces grav\u00edsimo e inaceptable\u201d.<\/p>\n\n\n\n<p>Asimismo, indic\u00f3 que \u201cesa violencia verbal\u201d que maneja p\u00fablicamente \u201ctiene efectos reales\u201d: \u201cEs reaccionario y amenaza, est\u00e1 teniendo diferentes impactos. Si hay sectores que lo apoyan es porque le gusta o los beneficia\u201d, a\u00f1adi\u00f3.<\/p>\n\n\n\n<p><strong>\u201c\u00bfC\u00f3mo le vas a explicar a un alumno en una escuela de la Provincia que no tiene que agredir ni insultar al que piense distinto cuando el Presidente de la Naci\u00f3n lo hace todo el tiempo?\u201d cuestion\u00f3 el mandatario en una entrevista radial.<\/strong><\/p>\n\n\n\n<p>En referencia a sus dichos sobre \u201cigualar homosexualidad con pedofilia\u201d, afirmar la idea de eliminar la figura de femicidio, Kicillof se\u00f1al\u00f3 que \u201ces de una tremenda ignorancia\u201d porque no s\u00f3lo no conoce lo que pasa en el pa\u00eds, sino que no mide las consecuencias de \u201cestigmatizaci\u00f3n y persecuci\u00f3n\u201d.<\/p>\n\n\n\n<p><strong>En la misma l\u00ednea, record\u00f3 que Milei \u201celimin\u00f3 organismos vinculados a la violencia de g\u00e9nero\u201d y dej\u00f3 sin empleo a operadoras de la L\u00ednea 144 (de asistencia a la v\u00edctima de violencia de g\u00e9nero y dom\u00e9stica).<\/strong><\/p>\n\n\n\n<p>\u201cDesde la Provincia, con los elementos que tenemos, hemos fortalecido las pol\u00edticas, junto con los municipios, que tienen que ver con estos temas. Si, por ejemplo, se eliminara la figura de \u2018femicidio\u2019 quedar\u00eda s\u00f3lo \u2018homicidio agravado por el v\u00ednculo\u2019 y recaer\u00eda s\u00f3lo en las relaciones de marido y mujer y no en todos los femicidios ocurre eso. Es prejuicioso y peligroso\u201d, asegur\u00f3.<\/p>\n\n\n\n<p>Para finalizar, tild\u00f3 de \u201cchupamedias\u201d a quienes hoy \u201cle dejan pasar cualquier barbaridad\u201d al presidente \u201cy no lo denuncian\u201d. \u201cSe ceb\u00f3 con (Donald) Trump y no se puede dejar pasar, todas estas cosas son muy graves\u201d, subray\u00f3.<\/p>\n\n\n\n<p>En cuanto a la situaci\u00f3n econ\u00f3mica que atraviesa el pa\u00eds, el gobernador bonaerense hizo hincapi\u00e9 en que el Presidente \u201cest\u00e1 cerrando empresas\u201d y que los despidos van en aumento porque \u201csustituye la importaci\u00f3n por producci\u00f3n\u201d, al mismo tiempo de que \u201chace lo imposible por destruir\u201d la industria nacional.<\/p>\n\n\n\n<p>\u201cLo que se est\u00e1 consumando con Milei es la ca\u00edda de los consumos populares. El plan anti-inflacionario que est\u00e1 en curso no es ni liberal ni libertario ni austr\u00edaco, no es un carajo de todo eso. Es un plan m\u00e1s viejo que Matusal\u00e9n y que en Argentina se aplic\u00f3 muchas veces: las m\u00e1s famosas son las tablitas de (Jos\u00e9 Alfredo) Mart\u00ednez de Hoz y la convertibilidad de (Domingo) Cavallo. Ambas consisten en planchar el d\u00f3lar, sostener un tipo de cambio fijo y, junto con eso, abrir importaciones, bajar salarios, jubilaciones e ingresos populares. Eso destruye el aparato productivo argentino\u201d, concluy\u00f3.<\/p>\n","protected":false},"excerpt":{"rendered":"<p>&ldquo;&iquest;C&oacute;mo le vas a explicar a un alumno que no agreda si el Presidente lo hace todo el tiempo?&rdquo;, dispar&oacute; el gobernador sobre el discurso del Presidente. El gobernador de la provincia de Buenos Aires, Axel Kicillof, apunt&oacute; contra el presidente de la Naci&oacute;n, Javier Milei, y afirm&oacute; que el discurso que dio en Davos &hellip; <\/p>\n","protected":false},"author":5,"featured_media":19378,"comment_status":"closed","ping_status":"closed","sticky":false,"template":"","format":"standard","meta":{"om_disable_all_campaigns":false,"_joinchat":[]},"categories":[4],"tags":[46,43,569],"featured_image_urls":{"full":["https:\/\/infotep.com.ar\/wp-content\/uploads\/2024\/12\/kicilof.webp",1002,720,false],"thumbnail":["https:\/\/infotep.com.ar\/wp-content\/uploads\/2024\/12\/kicilof-150x150.webp",150,150,true],"medium":["https:\/\/infotep.com.ar\/wp-content\/uploads\/2024\/12\/kicilof-300x216.webp",300,216,true],"medium_large":["https:\/\/infotep.com.ar\/wp-content\/uploads\/2024\/12\/kicilof-768x552.webp",768,552,true],"large":["https:\/\/infotep.com.ar\/wp-content\/uploads\/2024\/12\/kicilof.webp",1002,720,false],"1536x1536":["https:\/\/infotep.com.ar\/wp-content\/uploads\/2024\/12\/kicilof.webp",1002,720,false],"2048x2048":["https:\/\/infotep.com.ar\/wp-content\/uploads\/2024\/12\/kicilof.webp",1002,720,false],"blossom-feminine-slider":["https:\/\/infotep.com.ar\/wp-content\/uploads\/2024\/12\/kicilof-1002x649.webp",1002,649,true],"blossom-feminine-featured":["https:\/\/infotep.com.ar\/wp-content\/uploads\/2024\/12\/kicilof-1002x600.webp",1002,600,true],"blossom-feminine-with-sidebar":["https:\/\/infotep.com.ar\/wp-content\/uploads\/2024\/12\/kicilof-1002x600.webp",1002,600,true],"blossom-feminine-blog":["https:\/\/infotep.com.ar\/wp-content\/uploads\/2024\/12\/kicilof-435x435.webp",435,435,true],"blossom-feminine-cat":["https:\/\/infotep.com.ar\/wp-content\/uploads\/2024\/12\/kicilof-450x300.webp",450,300,true],"blossom-feminine-related":["https:\/\/infotep.com.ar\/wp-content\/uploads\/2024\/12\/kicilof-320x200.webp",320,200,true],"blossom-feminine-schema":["https:\/\/infotep.com.ar\/wp-content\/uploads\/2024\/12\/kicilof-84x60.webp",84,60,true],"blossom-mommy-blog-slider-big":["https:\/\/infotep.com.ar\/wp-content\/uploads\/2024\/12\/kicilof-920x650.webp",920,650,true],"blossom-mommy-blog-slider":["https:\/\/infotep.com.ar\/wp-content\/uploads\/2024\/12\/kicilof-460x310.webp",460,310,true],"blossom-mommy-blog-two":["https:\/\/infotep.com.ar\/wp-content\/uploads\/2024\/12\/kicilof-768x480.webp",768,480,true]},"author_info":{"info":["Angela Tobar"]},"category_info":"<a href=\"https:\/\/infotep.com.ar\/index.php\/category\/provinciales\/\" rel=\"category tag\">Provinciales<\/a>","tag_info":"Provinciales","comment_count":"0","_links":{"self":[{"href":"https:\/\/infotep.com.ar\/index.php\/wp-json\/wp\/v2\/posts\/20191"}],"collection":[{"href":"https:\/\/infotep.com.ar\/index.php\/wp-json\/wp\/v2\/posts"}],"about":[{"href":"https:\/\/infotep.com.ar\/index.php\/wp-json\/wp\/v2\/types\/post"}],"author":[{"embeddable":true,"href":"https:\/\/infotep.com.ar\/index.php\/wp-json\/wp\/v2\/users\/5"}],"replies":[{"embeddable":true,"href":"https:\/\/infotep.com.ar\/index.php\/wp-json\/wp\/v2\/comments?post=20191"}],"version-history":[{"count":1,"href":"https:\/\/infotep.com.ar\/index.php\/wp-json\/wp\/v2\/posts\/20191\/revisions"}],"predecessor-version":[{"id":20192,"href":"https:\/\/infotep.com.ar\/index.php\/wp-json\/wp\/v2\/posts\/20191\/revisions\/20192"}],"wp:featuredmedia":[{"embeddable":true,"href":"https:\/\/infotep.com.ar\/index.php\/wp-json\/wp\/v2\/media\/19378"}],"wp:attachment":[{"href":"https:\/\/infotep.com.ar\/index.php\/wp-json\/wp\/v2\/media?parent=20191"}],"wp:term":[{"taxonomy":"category","embeddable":true,"href":"https:\/\/infotep.com.ar\/index.php\/wp-json\/wp\/v2\/categories?post=20191"},{"taxonomy":"post_tag","embeddable":true,"href":"https:\/\/infotep.com.ar\/index.php\/wp-json\/wp\/v2\/tags?post=20191"}],"curies":[{"name":"wp","href":"https:\/\/api.w.org\/{rel}","templated":true}]}}