{"id":20203,"date":"2025-01-28T00:03:39","date_gmt":"2025-01-28T03:03:39","guid":{"rendered":"https:\/\/infotep.com.ar\/?p=20203"},"modified":"2025-01-28T00:03:40","modified_gmt":"2025-01-28T03:03:40","slug":"maturano-ratifico-el-paro-de-trenes-de-hoy-exigimos-un-salario-digno","status":"publish","type":"post","link":"https:\/\/infotep.com.ar\/index.php\/2025\/01\/28\/maturano-ratifico-el-paro-de-trenes-de-hoy-exigimos-un-salario-digno\/","title":{"rendered":"Maturano ratific\u00f3 el paro de trenes de hoy: \u00abExigimos un salario digno\u00bb"},"content":{"rendered":"\n<p>El titular de La Fraternidad, Omar Maturano, ratific\u00f3 el paro de este martes 28 de enero y adelant\u00f3 que dar\u00e1 una conferencia de prensa en la sede del gremio ubicada en la Ciudad Aut\u00f3noma de Buenos Aires, a partir de las 13 horas.<\/p>\n\n\n\n<p>El secretario general del Sindicato La Fraternidad, que agrupa a los maquinistas de trenes, Omar Maturano, ratific\u00f3 el paro en el sector y el Plenario de delegados que se realizar\u00e1 este martes 28 de enero. El gremialista adelant\u00f3 que realizar\u00e1 una conferencia de prensa a las 13 horas y afirm\u00f3, \u201cotros sindicatos aceptan que no haya aumentos para que no se produzcan despidos. Nosotros queremos exigir un sueldo digno\u201d, sintetiz\u00f3.<\/p>\n\n\n\n<p>Maturano anticip\u00f3 que intentar\u00e1n que \u201clos pasajeros de los servicios ferroviarios puedan llegar y volver de sus lugares de trabajo\u201d y que eso explica que el paro se realice entre las 9 y las 17 horas.<\/p>\n\n\n\n<p>El gremialista denunci\u00f3 que desde las empresas p\u00fablicas del sector, \u201cnos ofrecen apenas un 1% de recomposici\u00f3n cuando hemos perdido en el \u00faltimo a\u00f1o casi la mitad del poder de compra de nuestros ingresos\u201d, denunci\u00f3 en di\u00e1logo con la se\u00f1al televisiva A24.<\/p>\n\n\n\n<p>Asimismo, ponder\u00f3 la capacidad de lucha de La Fraternidad y record\u00f3 que, \u201ctras los paros de 45 d\u00edas en los a\u00f1os 90. Pasamos de 90.000 trabajadores a 12.000\u201d y agreg\u00f3, \u201choy, estamos buscando otra forma de encarar los reclamos. Sin embargo, no nos sentimos d\u00e9biles contra el gobierno porque los afiliados tienen ganas de pelear por sus ingresos\u201d, advirti\u00f3.<\/p>\n\n\n\n<p>En esa l\u00ednea, agreg\u00f3 que mientras que \u201cotros sindicatos aceptan que no haya aumentos para que no se produzcan despidos. Nosotros queremos exigir un sueldo digno\u201d, enfatiz\u00f3.<\/p>\n\n\n\n<p>El gremio brindar\u00e1 este martes una conferencia de prensa desde las 13 horas en la sede de La Fraternidad, ubicada en Hipolito Yrigoyen al 1938 (CABA), donde Maturano \u201cresponder\u00e1 todas las preguntas relacionadas al Plenario de Representantes gremiales Ferroviarios\u201d y al paro.<\/p>\n\n\n\n<p>Finalmente Maturano se refiri\u00f3 al estado del sistema ferroviario y de las unidades de transporte y subray\u00f3 que \u201clos trenes est\u00e1n atados con alambres\u201d y record\u00f3 que, \u201cluego del choque de Palermo prometieron US$ 1.100 millones pero aport\u00f3 el gobierno nacional apenas US$ 100 millones\u201d, apunt\u00f3 para concluir.<\/p>\n","protected":false},"excerpt":{"rendered":"<p>El titular de La Fraternidad, Omar Maturano, ratific&oacute; el paro de este martes 28 de enero y adelant&oacute; que dar&aacute; una conferencia de prensa en la sede del gremio ubicada en la Ciudad Aut&oacute;noma de Buenos Aires, a partir de las 13 horas. El secretario general del Sindicato La Fraternidad, que agrupa a los maquinistas &hellip; <\/p>\n","protected":false},"author":5,"featured_media":13832,"comment_status":"closed","ping_status":"closed","sticky":false,"template":"","format":"standard","meta":{"om_disable_all_campaigns":false,"_joinchat":[]},"categories":[7,4],"tags":[46,43,569],"featured_image_urls":{"full":["https:\/\/infotep.com.ar\/wp-content\/uploads\/2024\/06\/marturano.webp",1081,720,false],"thumbnail":["https:\/\/infotep.com.ar\/wp-content\/uploads\/2024\/06\/marturano-150x150.webp",150,150,true],"medium":["https:\/\/infotep.com.ar\/wp-content\/uploads\/2024\/06\/marturano-300x200.webp",300,200,true],"medium_large":["https:\/\/infotep.com.ar\/wp-content\/uploads\/2024\/06\/marturano-768x512.webp",768,512,true],"large":["https:\/\/infotep.com.ar\/wp-content\/uploads\/2024\/06\/marturano-1024x682.webp",1020,679,true],"1536x1536":["https:\/\/infotep.com.ar\/wp-content\/uploads\/2024\/06\/marturano.webp",1081,720,false],"2048x2048":["https:\/\/infotep.com.ar\/wp-content\/uploads\/2024\/06\/marturano.webp",1081,720,false],"blossom-feminine-slider":["https:\/\/infotep.com.ar\/wp-content\/uploads\/2024\/06\/marturano-1081x649.webp",1081,649,true],"blossom-feminine-featured":["https:\/\/infotep.com.ar\/wp-content\/uploads\/2024\/06\/marturano-1081x600.webp",1081,600,true],"blossom-feminine-with-sidebar":["https:\/\/infotep.com.ar\/wp-content\/uploads\/2024\/06\/marturano-1020x600.webp",1020,600,true],"blossom-feminine-blog":["https:\/\/infotep.com.ar\/wp-content\/uploads\/2024\/06\/marturano-435x435.webp",435,435,true],"blossom-feminine-cat":["https:\/\/infotep.com.ar\/wp-content\/uploads\/2024\/06\/marturano-450x300.webp",450,300,true],"blossom-feminine-related":["https:\/\/infotep.com.ar\/wp-content\/uploads\/2024\/06\/marturano-320x200.webp",320,200,true],"blossom-feminine-schema":["https:\/\/infotep.com.ar\/wp-content\/uploads\/2024\/06\/marturano-90x60.webp",90,60,true],"blossom-mommy-blog-slider-big":["https:\/\/infotep.com.ar\/wp-content\/uploads\/2024\/06\/marturano-920x650.webp",920,650,true],"blossom-mommy-blog-slider":["https:\/\/infotep.com.ar\/wp-content\/uploads\/2024\/06\/marturano-460x310.webp",460,310,true],"blossom-mommy-blog-two":["https:\/\/infotep.com.ar\/wp-content\/uploads\/2024\/06\/marturano-768x480.webp",768,480,true]},"author_info":{"info":["Angela Tobar"]},"category_info":"<a href=\"https:\/\/infotep.com.ar\/index.php\/category\/gremios\/\" rel=\"category tag\">Gremios<\/a> <a href=\"https:\/\/infotep.com.ar\/index.php\/category\/provinciales\/\" rel=\"category tag\">Provinciales<\/a>","tag_info":"Provinciales","comment_count":"0","_links":{"self":[{"href":"https:\/\/infotep.com.ar\/index.php\/wp-json\/wp\/v2\/posts\/20203"}],"collection":[{"href":"https:\/\/infotep.com.ar\/index.php\/wp-json\/wp\/v2\/posts"}],"about":[{"href":"https:\/\/infotep.com.ar\/index.php\/wp-json\/wp\/v2\/types\/post"}],"author":[{"embeddable":true,"href":"https:\/\/infotep.com.ar\/index.php\/wp-json\/wp\/v2\/users\/5"}],"replies":[{"embeddable":true,"href":"https:\/\/infotep.com.ar\/index.php\/wp-json\/wp\/v2\/comments?post=20203"}],"version-history":[{"count":1,"href":"https:\/\/infotep.com.ar\/index.php\/wp-json\/wp\/v2\/posts\/20203\/revisions"}],"predecessor-version":[{"id":20204,"href":"https:\/\/infotep.com.ar\/index.php\/wp-json\/wp\/v2\/posts\/20203\/revisions\/20204"}],"wp:featuredmedia":[{"embeddable":true,"href":"https:\/\/infotep.com.ar\/index.php\/wp-json\/wp\/v2\/media\/13832"}],"wp:attachment":[{"href":"https:\/\/infotep.com.ar\/index.php\/wp-json\/wp\/v2\/media?parent=20203"}],"wp:term":[{"taxonomy":"category","embeddable":true,"href":"https:\/\/infotep.com.ar\/index.php\/wp-json\/wp\/v2\/categories?post=20203"},{"taxonomy":"post_tag","embeddable":true,"href":"https:\/\/infotep.com.ar\/index.php\/wp-json\/wp\/v2\/tags?post=20203"}],"curies":[{"name":"wp","href":"https:\/\/api.w.org\/{rel}","templated":true}]}}