{"id":20290,"date":"2025-01-30T00:45:00","date_gmt":"2025-01-30T03:45:00","guid":{"rendered":"https:\/\/infotep.com.ar\/?p=20290"},"modified":"2025-01-31T09:43:58","modified_gmt":"2025-01-31T12:43:58","slug":"se-viene-una-nueva-edicion-de-escenario-a-cielo-abierto-en-moron","status":"publish","type":"post","link":"https:\/\/infotep.com.ar\/index.php\/2025\/01\/30\/se-viene-una-nueva-edicion-de-escenario-a-cielo-abierto-en-moron\/","title":{"rendered":"Se viene una nueva edici\u00f3n de Escenario a Cielo Abierto en Mor\u00f3n"},"content":{"rendered":"\n<p>Los fines de semana de febrero, habr\u00e1 espect\u00e1culos musicales, milonga, pe\u00f1a, cine y teatro con entrada gratuita. Javier Malosetti, Los Tabaleros, Femigansta, \u201cMor\u00f3n Canta\u201d con la Agrupaci\u00f3n Sinf\u00f3nica Municipal y Dani Su\u00e1rez de Bersuit, son algunos de los artistas que forman parte de la programaci\u00f3n.<\/p>\n\n\n\n<p><strong>Como todos los veranos, el Municipio de Mor\u00f3n llevar\u00e1 adelante el ciclo Escenario a Cielo Abierto con diversos espect\u00e1culos abiertos y gratuitos para toda la comunidad. Los viernes, s\u00e1bados y domingos de febrero, habr\u00e1 cine, teatro, m\u00fasica en vivo, milonga y pe\u00f1a, en la Plaza San Mart\u00edn, el Espacio Cultural y Comunitario Paracone, y el Paseo de las Artes.<\/strong><\/p>\n\n\n\n<p class=\"has-light-green-cyan-background-color has-background\">Las actividades comenzar\u00e1n el domingo 2 de febrero, a las 20, en el Espacio Paracone (Av. Rawson y Constituyentes, Mor\u00f3n norte), con la proyecci\u00f3n de la pel\u00edcula El Pibe, de Charles Chaplin + M\u00fasica en vivo a cargo del Grupo Perdido. En el mismo espacio, el domingo 9 a las 19, se presentar\u00e1 la obra teatral \u201cAl Carajo Clown\u201d. Mientras que el domingo 16 a las 20, se podr\u00e1 disfrutar de la pel\u00edcula \u201cUn h\u00e9roe de nuestro tiempo\u201d, de Mario Monicelli (1995). El \u00faltimo domingo del mes (23\/2) a las 19, volver\u00e1 el teatro con Jam de Impro.<\/p>\n\n\n\n<p>Por otra parte, cada s\u00e1bado, desde las 20, habr\u00e1 espect\u00e1culos musicales en la Plaza central de Mor\u00f3n (San Mart\u00edn y Buen Viaje). El 8 de febrero, el prestigioso Javier Malosetti se presentar\u00e1 con su Malosetti Tr\u00edo. Esa misma noche, tambi\u00e9n dar\u00e1n su show Vivi Scaliza y la banda En qu\u00e9 tono est\u00e1 la yegua. El s\u00e1bado 15, ser\u00e1 el turno de Los Tabaleros, Facu Ferreira Tambores y el D\u00fao Kunum\u00ed. La semana siguiente, el s\u00e1bado 22, subir\u00e1 al escenario Femigansta, Nuca, Ignacia, Serena Ciga y Pibe Fyah.<\/p>\n\n\n\n<p><strong>El ciclo cerrar\u00e1 el 1 de marzo con la presentaci\u00f3n del espect\u00e1culo \u201cMor\u00f3n Canta\u201d junto a la Agrupaci\u00f3n Sinf\u00f3nica Municipal y la participaci\u00f3n especial de Dani Su\u00e1rez de Bersuit.<\/strong><\/p>\n\n\n\n<p>Los viernes, desde las 20, estar\u00e1n destinados al encuentro del baile y la m\u00fasica. En estos casos, las actividades se desarrollar\u00e1n en el Paseo de las Artes y Museo de Mor\u00f3n (MuMo), Av. Rivadavia y Casullo, Mor\u00f3n centro. Los viernes 7 y 21, habr\u00e1 Milonga en el MuMo, que invita a sumarse al baile en la galer\u00eda exterior del Museo. Mientras que los viernes 14 y 28, habr\u00e1 pe\u00f1a en el Paseo de las Artes, con la presentaci\u00f3n de La del Viento Pe\u00f1a y la Pe\u00f1a Chamamecera, respectivamente.<\/p>\n","protected":false},"excerpt":{"rendered":"<p>Los fines de semana de febrero, habr&aacute; espect&aacute;culos musicales, milonga, pe&ntilde;a, cine y teatro con entrada gratuita. Javier Malosetti, Los Tabaleros, Femigansta, &ldquo;Mor&oacute;n Canta&rdquo; con la Agrupaci&oacute;n Sinf&oacute;nica Municipal y Dani Su&aacute;rez de Bersuit, son algunos de los artistas que forman parte de la programaci&oacute;n. Como todos los veranos, el Municipio de Mor&oacute;n llevar&aacute; adelante &hellip; <\/p>\n","protected":false},"author":5,"featured_media":3483,"comment_status":"closed","ping_status":"closed","sticky":false,"template":"","format":"standard","meta":{"om_disable_all_campaigns":false,"_joinchat":[]},"categories":[9],"tags":[46,43,569],"featured_image_urls":{"full":["https:\/\/infotep.com.ar\/wp-content\/uploads\/2023\/02\/cielo-abierto-moron.jpg",620,330,false],"thumbnail":["https:\/\/infotep.com.ar\/wp-content\/uploads\/2023\/02\/cielo-abierto-moron-150x150.jpg",150,150,true],"medium":["https:\/\/infotep.com.ar\/wp-content\/uploads\/2023\/02\/cielo-abierto-moron-300x160.jpg",300,160,true],"medium_large":["https:\/\/infotep.com.ar\/wp-content\/uploads\/2023\/02\/cielo-abierto-moron.jpg",620,330,false],"large":["https:\/\/infotep.com.ar\/wp-content\/uploads\/2023\/02\/cielo-abierto-moron.jpg",620,330,false],"1536x1536":["https:\/\/infotep.com.ar\/wp-content\/uploads\/2023\/02\/cielo-abierto-moron.jpg",620,330,false],"2048x2048":["https:\/\/infotep.com.ar\/wp-content\/uploads\/2023\/02\/cielo-abierto-moron.jpg",620,330,false],"blossom-feminine-slider":["https:\/\/infotep.com.ar\/wp-content\/uploads\/2023\/02\/cielo-abierto-moron.jpg",620,330,false],"blossom-feminine-featured":["https:\/\/infotep.com.ar\/wp-content\/uploads\/2023\/02\/cielo-abierto-moron.jpg",620,330,false],"blossom-feminine-with-sidebar":["https:\/\/infotep.com.ar\/wp-content\/uploads\/2023\/02\/cielo-abierto-moron.jpg",620,330,false],"blossom-feminine-blog":["https:\/\/infotep.com.ar\/wp-content\/uploads\/2023\/02\/cielo-abierto-moron-435x330.jpg",435,330,true],"blossom-feminine-cat":["https:\/\/infotep.com.ar\/wp-content\/uploads\/2023\/02\/cielo-abierto-moron-450x300.jpg",450,300,true],"blossom-feminine-related":["https:\/\/infotep.com.ar\/wp-content\/uploads\/2023\/02\/cielo-abierto-moron-320x200.jpg",320,200,true],"blossom-feminine-schema":["https:\/\/infotep.com.ar\/wp-content\/uploads\/2023\/02\/cielo-abierto-moron-113x60.jpg",113,60,true],"blossom-mommy-blog-slider-big":["https:\/\/infotep.com.ar\/wp-content\/uploads\/2023\/02\/cielo-abierto-moron.jpg",620,330,false],"blossom-mommy-blog-slider":["https:\/\/infotep.com.ar\/wp-content\/uploads\/2023\/02\/cielo-abierto-moron-460x310.jpg",460,310,true],"blossom-mommy-blog-two":["https:\/\/infotep.com.ar\/wp-content\/uploads\/2023\/02\/cielo-abierto-moron.jpg",620,330,false]},"author_info":{"info":["Angela Tobar"]},"category_info":"<a href=\"https:\/\/infotep.com.ar\/index.php\/category\/municipales\/moron\/\" rel=\"category tag\">Mor\u00f3n<\/a>","tag_info":"Mor\u00f3n","comment_count":"0","_links":{"self":[{"href":"https:\/\/infotep.com.ar\/index.php\/wp-json\/wp\/v2\/posts\/20290"}],"collection":[{"href":"https:\/\/infotep.com.ar\/index.php\/wp-json\/wp\/v2\/posts"}],"about":[{"href":"https:\/\/infotep.com.ar\/index.php\/wp-json\/wp\/v2\/types\/post"}],"author":[{"embeddable":true,"href":"https:\/\/infotep.com.ar\/index.php\/wp-json\/wp\/v2\/users\/5"}],"replies":[{"embeddable":true,"href":"https:\/\/infotep.com.ar\/index.php\/wp-json\/wp\/v2\/comments?post=20290"}],"version-history":[{"count":1,"href":"https:\/\/infotep.com.ar\/index.php\/wp-json\/wp\/v2\/posts\/20290\/revisions"}],"predecessor-version":[{"id":20291,"href":"https:\/\/infotep.com.ar\/index.php\/wp-json\/wp\/v2\/posts\/20290\/revisions\/20291"}],"wp:featuredmedia":[{"embeddable":true,"href":"https:\/\/infotep.com.ar\/index.php\/wp-json\/wp\/v2\/media\/3483"}],"wp:attachment":[{"href":"https:\/\/infotep.com.ar\/index.php\/wp-json\/wp\/v2\/media?parent=20290"}],"wp:term":[{"taxonomy":"category","embeddable":true,"href":"https:\/\/infotep.com.ar\/index.php\/wp-json\/wp\/v2\/categories?post=20290"},{"taxonomy":"post_tag","embeddable":true,"href":"https:\/\/infotep.com.ar\/index.php\/wp-json\/wp\/v2\/tags?post=20290"}],"curies":[{"name":"wp","href":"https:\/\/api.w.org\/{rel}","templated":true}]}}