{"id":20452,"date":"2025-02-03T17:07:13","date_gmt":"2025-02-03T20:07:13","guid":{"rendered":"https:\/\/infotep.com.ar\/?p=20452"},"modified":"2025-02-03T17:13:23","modified_gmt":"2025-02-03T20:13:23","slug":"hurlingham-realizo-el-cierre-de-las-colonias-de-verano","status":"publish","type":"post","link":"https:\/\/infotep.com.ar\/index.php\/2025\/02\/03\/hurlingham-realizo-el-cierre-de-las-colonias-de-verano\/","title":{"rendered":"Hurlingham realiz\u00f3 el cierre de las colonias de verano"},"content":{"rendered":"\n<p>&#8220;Es un orgullo para el Estado municipal poder llevar a cabo la Colonia un a\u00f1o m\u00e1s para compartir el verano en familia&#8221;, expres\u00f3 el intendente Selci.<\/p>\n\n\n\n<p>Miles de chicos participaron de una muestra interactiva en la que compartieron lo aprendido este \u00faltimo mes. Hubo propuestas para todas las edades: ni\u00f1os de 4 a 12 a\u00f1os, adolescentes de 13 a 18 a\u00f1os, adultos mayores y personas con discapacidad en ambos turnos. Pileta techada y al aire libre, talleres deportivos y juegos recreativos fueron algunas de las actividades did\u00e1cticas que realizaron los asistentes. Las familias destacaron el ambiente cuidado de la colonia y las propuestas con \u00e9nfasis comunitario y educativo.<\/p>\n\n\n\n<figure class=\"wp-block-image size-large\"><img decoding=\"async\" loading=\"lazy\" width=\"1024\" height=\"682\" src=\"https:\/\/infotep.com.ar\/wp-content\/uploads\/2025\/02\/WhatsApp-Image-2025-02-03-at-16.12.35-1024x682.jpeg\" alt=\"\" class=\"wp-image-20454\" srcset=\"https:\/\/infotep.com.ar\/wp-content\/uploads\/2025\/02\/WhatsApp-Image-2025-02-03-at-16.12.35-1024x682.jpeg 1024w, https:\/\/infotep.com.ar\/wp-content\/uploads\/2025\/02\/WhatsApp-Image-2025-02-03-at-16.12.35-300x200.jpeg 300w, https:\/\/infotep.com.ar\/wp-content\/uploads\/2025\/02\/WhatsApp-Image-2025-02-03-at-16.12.35-768x512.jpeg 768w, https:\/\/infotep.com.ar\/wp-content\/uploads\/2025\/02\/WhatsApp-Image-2025-02-03-at-16.12.35-450x300.jpeg 450w, https:\/\/infotep.com.ar\/wp-content\/uploads\/2025\/02\/WhatsApp-Image-2025-02-03-at-16.12.35-90x60.jpeg 90w, https:\/\/infotep.com.ar\/wp-content\/uploads\/2025\/02\/WhatsApp-Image-2025-02-03-at-16.12.35.jpeg 1280w\" sizes=\"(max-width: 1024px) 100vw, 1024px\" \/><\/figure>\n\n\n\n<p><strong>La colonia de verano 2025 del municipio de Hurlingham fue catalogado como un \u00e9xito y reuni\u00f3 a 4 mil ni\u00f1os, adolescentes y adultos. Funcion\u00f3 en el Polideportivo Municipal durante el mes de enero y finaliz\u00f3 con una muestra en la que los distintos grupos etarios que participaron pudieron compartir sus experiencias. El evento estuvo conducido por los famosos personajes de Paka paka, Zamba y Nina.<\/strong><\/p>\n\n\n\n<p>&#8220;Realizamos el cierre de la Colonia 2025 con un espectacular show lleno de m\u00fasica, baile, disfraces y mucha alegr\u00eda. \u00a1Gracias a todos por participar y nos vemos el a\u00f1o que viene!&#8221;, coment\u00f3 el intendente. El 6 de enero, a poco de comenzar la colonia, los chicos contaron con la visita de los Reyes Magos, que llegaron al predio en el cami\u00f3n de bomberos, como es tradici\u00f3n. Durante todo el mes, los asistentes disfrutaron de actividades acu\u00e1ticas, juegos y talleres con una perspectiva de aprendizaje l\u00fadica. La propuesta vino acompa\u00f1ada de mucho deporte, pileta, juegos y actividades al aire libre. Las familias destacaron el trabajo realizado por el municipio para brindar un ambiente cuidado y did\u00e1ctico a los chicos de Hurlingham.<\/p>\n\n\n\n<p><strong>As\u00ed, la Colonia cont\u00f3 con categor\u00edas para todas las edades, que estuvieron organizadas cuatro niveles: ni\u00f1os de 4 a 12 a\u00f1os repartidos en turno ma\u00f1ana y tarde, adolescentes de 13 a 18 en turno vespertino, adultos mayores por la ma\u00f1ana y personas con discapacidad en doble turno, para que todos puedan participar. A ra\u00edz de lo compartido, se pusieron en com\u00fan los aprendizajes y las experiencias grupales en el cierre de este \u00faltimo viernes.<\/strong><\/p>\n","protected":false},"excerpt":{"rendered":"<p>&ldquo;Es un orgullo para el Estado municipal poder llevar a cabo la Colonia un a&ntilde;o m&aacute;s para compartir el verano en familia&rdquo;, expres&oacute; el intendente Selci. Miles de chicos participaron de una muestra interactiva en la que compartieron lo aprendido este &uacute;ltimo mes. Hubo propuestas para todas las edades: ni&ntilde;os de 4 a 12 a&ntilde;os, &hellip; <\/p>\n","protected":false},"author":5,"featured_media":20453,"comment_status":"closed","ping_status":"closed","sticky":false,"template":"","format":"standard","meta":{"om_disable_all_campaigns":false,"_joinchat":[]},"categories":[1],"tags":[74,69,46,43,569],"featured_image_urls":{"full":["https:\/\/infotep.com.ar\/wp-content\/uploads\/2025\/02\/WhatsApp-Image-2025-02-03-at-16.12.34.jpeg",1280,853,false],"thumbnail":["https:\/\/infotep.com.ar\/wp-content\/uploads\/2025\/02\/WhatsApp-Image-2025-02-03-at-16.12.34-150x150.jpeg",150,150,true],"medium":["https:\/\/infotep.com.ar\/wp-content\/uploads\/2025\/02\/WhatsApp-Image-2025-02-03-at-16.12.34-300x200.jpeg",300,200,true],"medium_large":["https:\/\/infotep.com.ar\/wp-content\/uploads\/2025\/02\/WhatsApp-Image-2025-02-03-at-16.12.34-768x512.jpeg",768,512,true],"large":["https:\/\/infotep.com.ar\/wp-content\/uploads\/2025\/02\/WhatsApp-Image-2025-02-03-at-16.12.34-1024x682.jpeg",1020,679,true],"1536x1536":["https:\/\/infotep.com.ar\/wp-content\/uploads\/2025\/02\/WhatsApp-Image-2025-02-03-at-16.12.34.jpeg",1280,853,false],"2048x2048":["https:\/\/infotep.com.ar\/wp-content\/uploads\/2025\/02\/WhatsApp-Image-2025-02-03-at-16.12.34.jpeg",1280,853,false],"blossom-feminine-slider":["https:\/\/infotep.com.ar\/wp-content\/uploads\/2025\/02\/WhatsApp-Image-2025-02-03-at-16.12.34-1280x649.jpeg",1280,649,true],"blossom-feminine-featured":["https:\/\/infotep.com.ar\/wp-content\/uploads\/2025\/02\/WhatsApp-Image-2025-02-03-at-16.12.34-1280x600.jpeg",1280,600,true],"blossom-feminine-with-sidebar":["https:\/\/infotep.com.ar\/wp-content\/uploads\/2025\/02\/WhatsApp-Image-2025-02-03-at-16.12.34-1020x600.jpeg",1020,600,true],"blossom-feminine-blog":["https:\/\/infotep.com.ar\/wp-content\/uploads\/2025\/02\/WhatsApp-Image-2025-02-03-at-16.12.34-435x435.jpeg",435,435,true],"blossom-feminine-cat":["https:\/\/infotep.com.ar\/wp-content\/uploads\/2025\/02\/WhatsApp-Image-2025-02-03-at-16.12.34-450x300.jpeg",450,300,true],"blossom-feminine-related":["https:\/\/infotep.com.ar\/wp-content\/uploads\/2025\/02\/WhatsApp-Image-2025-02-03-at-16.12.34-320x200.jpeg",320,200,true],"blossom-feminine-schema":["https:\/\/infotep.com.ar\/wp-content\/uploads\/2025\/02\/WhatsApp-Image-2025-02-03-at-16.12.34-90x60.jpeg",90,60,true],"blossom-mommy-blog-slider-big":["https:\/\/infotep.com.ar\/wp-content\/uploads\/2025\/02\/WhatsApp-Image-2025-02-03-at-16.12.34-920x650.jpeg",920,650,true],"blossom-mommy-blog-slider":["https:\/\/infotep.com.ar\/wp-content\/uploads\/2025\/02\/WhatsApp-Image-2025-02-03-at-16.12.34-460x310.jpeg",460,310,true],"blossom-mommy-blog-two":["https:\/\/infotep.com.ar\/wp-content\/uploads\/2025\/02\/WhatsApp-Image-2025-02-03-at-16.12.34-768x480.jpeg",768,480,true]},"author_info":{"info":["Angela Tobar"]},"category_info":"<a href=\"https:\/\/infotep.com.ar\/index.php\/category\/municipales\/hurlingham\/\" rel=\"category tag\">Hurlingham<\/a>","tag_info":"Hurlingham","comment_count":"0","_links":{"self":[{"href":"https:\/\/infotep.com.ar\/index.php\/wp-json\/wp\/v2\/posts\/20452"}],"collection":[{"href":"https:\/\/infotep.com.ar\/index.php\/wp-json\/wp\/v2\/posts"}],"about":[{"href":"https:\/\/infotep.com.ar\/index.php\/wp-json\/wp\/v2\/types\/post"}],"author":[{"embeddable":true,"href":"https:\/\/infotep.com.ar\/index.php\/wp-json\/wp\/v2\/users\/5"}],"replies":[{"embeddable":true,"href":"https:\/\/infotep.com.ar\/index.php\/wp-json\/wp\/v2\/comments?post=20452"}],"version-history":[{"count":1,"href":"https:\/\/infotep.com.ar\/index.php\/wp-json\/wp\/v2\/posts\/20452\/revisions"}],"predecessor-version":[{"id":20455,"href":"https:\/\/infotep.com.ar\/index.php\/wp-json\/wp\/v2\/posts\/20452\/revisions\/20455"}],"wp:featuredmedia":[{"embeddable":true,"href":"https:\/\/infotep.com.ar\/index.php\/wp-json\/wp\/v2\/media\/20453"}],"wp:attachment":[{"href":"https:\/\/infotep.com.ar\/index.php\/wp-json\/wp\/v2\/media?parent=20452"}],"wp:term":[{"taxonomy":"category","embeddable":true,"href":"https:\/\/infotep.com.ar\/index.php\/wp-json\/wp\/v2\/categories?post=20452"},{"taxonomy":"post_tag","embeddable":true,"href":"https:\/\/infotep.com.ar\/index.php\/wp-json\/wp\/v2\/tags?post=20452"}],"curies":[{"name":"wp","href":"https:\/\/api.w.org\/{rel}","templated":true}]}}