{"id":20495,"date":"2025-02-04T19:28:11","date_gmt":"2025-02-04T22:28:11","guid":{"rendered":"https:\/\/infotep.com.ar\/?p=20495"},"modified":"2025-02-04T19:29:29","modified_gmt":"2025-02-04T22:29:29","slug":"el-ministerio-de-trabajo-tiene-nuevo-delegado-de-moron","status":"publish","type":"post","link":"https:\/\/infotep.com.ar\/index.php\/2025\/02\/04\/el-ministerio-de-trabajo-tiene-nuevo-delegado-de-moron\/","title":{"rendered":"David Ponce es el flamante delegado regional del Ministerio de Trabajo en Mor\u00f3n"},"content":{"rendered":"\n<p>Se trata de David Ponce, que proviene del al Sindicato de Empleados Textiles de la Industria y Afines de la Rep\u00fablica Argentina (SETIA).<br><br><strong>Ante referentes de las tres centrales sindicales y de numerosas organizaciones gremiales de la regi\u00f3n, esta ma\u00f1ana el subsecretario de Relaciones del Trabajo, Andr\u00e9s Reveles puso en funciones al nuevo delegado regional de Mor\u00f3n, David Ponce.<\/strong><\/p>\n\n\n\n<p>En representaci\u00f3n del ministro de Trabajo, Walter Correa, Reveles destac\u00f3 que \u201ces una alegr\u00eda para el Ministro y para el Gobernador Axel Kicillof, que haya representantes de los trabajadores a cargo de esta dependencia, que es la m\u00e1xima autoridad administrativa del derecho al trabajo en el territorio\u201d.<\/p>\n\n\n\n<p>Por su parte, Ponce manifest\u00f3 sentirse \u201corgulloso y preparado para afrontar este desaf\u00edo\u201d. \u201cEsta es y va a seguir siendo la Casa de los trabajadores, y mi oficina va a ser una oficina de puertas abiertas a todas y todos\u201d.<\/p>\n\n\n\n<p>Adem\u00e1s, de los dirigentes del movimiento obrero, tambi\u00e9n estuvieron presentes: por parte de la cartera laboral, el Coordinador de la Zona III, Sebasti\u00e1n Della Porta y por el municipio, el secretario de Legal y T\u00e9cnica, Hern\u00e1n Sabbatella.<\/p>\n","protected":false},"excerpt":{"rendered":"<p>Se trata de David Ponce, que proviene del al Sindicato de Empleados Textiles de la Industria y Afines de la Rep&uacute;blica Argentina (SETIA). Ante referentes de las tres centrales sindicales y de numerosas organizaciones gremiales de la regi&oacute;n, esta ma&ntilde;ana el subsecretario de Relaciones del Trabajo, Andr&eacute;s Reveles puso en funciones al nuevo delegado regional &hellip; <\/p>\n","protected":false},"author":5,"featured_media":20496,"comment_status":"closed","ping_status":"closed","sticky":false,"template":"","format":"standard","meta":{"om_disable_all_campaigns":false,"_joinchat":[]},"categories":[9],"tags":[46,53,43],"featured_image_urls":{"full":["https:\/\/infotep.com.ar\/wp-content\/uploads\/2025\/02\/trabajo-moron.jpeg",700,473,false],"thumbnail":["https:\/\/infotep.com.ar\/wp-content\/uploads\/2025\/02\/trabajo-moron-150x150.jpeg",150,150,true],"medium":["https:\/\/infotep.com.ar\/wp-content\/uploads\/2025\/02\/trabajo-moron-300x203.jpeg",300,203,true],"medium_large":["https:\/\/infotep.com.ar\/wp-content\/uploads\/2025\/02\/trabajo-moron.jpeg",700,473,false],"large":["https:\/\/infotep.com.ar\/wp-content\/uploads\/2025\/02\/trabajo-moron.jpeg",700,473,false],"1536x1536":["https:\/\/infotep.com.ar\/wp-content\/uploads\/2025\/02\/trabajo-moron.jpeg",700,473,false],"2048x2048":["https:\/\/infotep.com.ar\/wp-content\/uploads\/2025\/02\/trabajo-moron.jpeg",700,473,false],"blossom-feminine-slider":["https:\/\/infotep.com.ar\/wp-content\/uploads\/2025\/02\/trabajo-moron.jpeg",700,473,false],"blossom-feminine-featured":["https:\/\/infotep.com.ar\/wp-content\/uploads\/2025\/02\/trabajo-moron.jpeg",700,473,false],"blossom-feminine-with-sidebar":["https:\/\/infotep.com.ar\/wp-content\/uploads\/2025\/02\/trabajo-moron.jpeg",700,473,false],"blossom-feminine-blog":["https:\/\/infotep.com.ar\/wp-content\/uploads\/2025\/02\/trabajo-moron-435x435.jpeg",435,435,true],"blossom-feminine-cat":["https:\/\/infotep.com.ar\/wp-content\/uploads\/2025\/02\/trabajo-moron-450x300.jpeg",450,300,true],"blossom-feminine-related":["https:\/\/infotep.com.ar\/wp-content\/uploads\/2025\/02\/trabajo-moron-320x200.jpeg",320,200,true],"blossom-feminine-schema":["https:\/\/infotep.com.ar\/wp-content\/uploads\/2025\/02\/trabajo-moron-89x60.jpeg",89,60,true],"blossom-mommy-blog-slider-big":["https:\/\/infotep.com.ar\/wp-content\/uploads\/2025\/02\/trabajo-moron.jpeg",700,473,false],"blossom-mommy-blog-slider":["https:\/\/infotep.com.ar\/wp-content\/uploads\/2025\/02\/trabajo-moron-460x310.jpeg",460,310,true],"blossom-mommy-blog-two":["https:\/\/infotep.com.ar\/wp-content\/uploads\/2025\/02\/trabajo-moron.jpeg",700,473,false]},"author_info":{"info":["Angela Tobar"]},"category_info":"<a href=\"https:\/\/infotep.com.ar\/index.php\/category\/municipales\/moron\/\" rel=\"category tag\">Mor\u00f3n<\/a>","tag_info":"Mor\u00f3n","comment_count":"0","_links":{"self":[{"href":"https:\/\/infotep.com.ar\/index.php\/wp-json\/wp\/v2\/posts\/20495"}],"collection":[{"href":"https:\/\/infotep.com.ar\/index.php\/wp-json\/wp\/v2\/posts"}],"about":[{"href":"https:\/\/infotep.com.ar\/index.php\/wp-json\/wp\/v2\/types\/post"}],"author":[{"embeddable":true,"href":"https:\/\/infotep.com.ar\/index.php\/wp-json\/wp\/v2\/users\/5"}],"replies":[{"embeddable":true,"href":"https:\/\/infotep.com.ar\/index.php\/wp-json\/wp\/v2\/comments?post=20495"}],"version-history":[{"count":2,"href":"https:\/\/infotep.com.ar\/index.php\/wp-json\/wp\/v2\/posts\/20495\/revisions"}],"predecessor-version":[{"id":20499,"href":"https:\/\/infotep.com.ar\/index.php\/wp-json\/wp\/v2\/posts\/20495\/revisions\/20499"}],"wp:featuredmedia":[{"embeddable":true,"href":"https:\/\/infotep.com.ar\/index.php\/wp-json\/wp\/v2\/media\/20496"}],"wp:attachment":[{"href":"https:\/\/infotep.com.ar\/index.php\/wp-json\/wp\/v2\/media?parent=20495"}],"wp:term":[{"taxonomy":"category","embeddable":true,"href":"https:\/\/infotep.com.ar\/index.php\/wp-json\/wp\/v2\/categories?post=20495"},{"taxonomy":"post_tag","embeddable":true,"href":"https:\/\/infotep.com.ar\/index.php\/wp-json\/wp\/v2\/tags?post=20495"}],"curies":[{"name":"wp","href":"https:\/\/api.w.org\/{rel}","templated":true}]}}