{"id":20629,"date":"2025-02-10T00:27:51","date_gmt":"2025-02-10T03:27:51","guid":{"rendered":"https:\/\/infotep.com.ar\/?p=20629"},"modified":"2025-02-10T00:27:52","modified_gmt":"2025-02-10T03:27:52","slug":"el-gobierno-inicio-la-privatizacion-total-de-la-empresa-belgrano-cargas","status":"publish","type":"post","link":"https:\/\/infotep.com.ar\/index.php\/2025\/02\/10\/el-gobierno-inicio-la-privatizacion-total-de-la-empresa-belgrano-cargas\/","title":{"rendered":"El Gobierno inici\u00f3 la privatizaci\u00f3n total de la empresa Belgrano Cargas"},"content":{"rendered":"\n<p>As\u00ed lo indic\u00f3 el vocero presidencial Manuel Adorni. &#8220;El Estado dejar\u00e1 de ser operador de los servicios ferroviarios de carga y de toda su infraestructura&#8221;, asegur\u00f3.<br><br><strong>El presidente Javier Milei firm\u00f3 este s\u00e1bado un decreto para iniciar el proceso de privatizaci\u00f3n de la empresa ferroviaria estatal Belgrano Cargas y Log\u00edstica S.A.<\/strong><\/p>\n\n\n\n<p>As\u00ed lo indic\u00f3 en redes sociales el vocero presidencial Manuel Adorni. &#8220;El Estado dejar\u00e1 de ser operador de los servicios ferroviarios de carga y de toda su infraestructura: material rodante, v\u00edas, talleres e inmuebles&#8221;, asegur\u00f3 el portavoz.<\/p>\n\n\n\n<p>El Gobierno hab\u00eda anunciado en octubre pasado el pase a manos privadas de la empresa creada en 2013, habilitado a partir de la aprobaci\u00f3n de la Ley Bases.<\/p>\n\n\n\n<p><strong>Ser\u00e1 la primera privatizaci\u00f3n de una empresa ferroviaria desde que asumi\u00f3 la administraci\u00f3n del presidente Milei.<\/strong><\/p>\n\n\n\n<p>Seg\u00fan hab\u00eda argumentado el propio vocero del Presidente al realizar el anuncio, la compa\u00f1\u00eda en manos estatales es &#8220;obscenamente deficitaria&#8221; y posee lo que calific\u00f3 como &#8220;una planta sobredimensionada de 4.429 personas, adem\u00e1s de una estructura jer\u00e1rquica elevada no acorde a sus funciones&#8221;.<\/p>\n\n\n\n<p><strong>Belgrano Cargas se cre\u00f3 a trav\u00e9s de la Resoluci\u00f3n 471\/2013 con la finalidad de agrupar en una misma empresa las tres l\u00edneas de transporte de cargas m\u00e1s importantes del pa\u00eds: la L\u00ednea Belgrano, la L\u00ednea San Mart\u00edn y la L\u00ednea Urquiza.<\/strong><\/p>\n\n\n\n<p>El proceso de privatizaci\u00f3n implica concesionar al sector privado la operaci\u00f3n de las l\u00edneas ferroviarias que actualmente gestiona la empresa estatal.<\/p>\n","protected":false},"excerpt":{"rendered":"<p>As&iacute; lo indic&oacute; el vocero presidencial Manuel Adorni. &ldquo;El Estado dejar&aacute; de ser operador de los servicios ferroviarios de carga y de toda su infraestructura&rdquo;, asegur&oacute;. El presidente Javier Milei firm&oacute; este s&aacute;bado un decreto para iniciar el proceso de privatizaci&oacute;n de la empresa ferroviaria estatal Belgrano Cargas y Log&iacute;stica S.A. As&iacute; lo indic&oacute; en &hellip; <\/p>\n","protected":false},"author":5,"featured_media":20630,"comment_status":"closed","ping_status":"closed","sticky":false,"template":"","format":"standard","meta":{"om_disable_all_campaigns":false,"_joinchat":[]},"categories":[4],"tags":[46,43,569],"featured_image_urls":{"full":["https:\/\/infotep.com.ar\/wp-content\/uploads\/2025\/02\/belgrano-cargas.webp",1280,720,false],"thumbnail":["https:\/\/infotep.com.ar\/wp-content\/uploads\/2025\/02\/belgrano-cargas-150x150.webp",150,150,true],"medium":["https:\/\/infotep.com.ar\/wp-content\/uploads\/2025\/02\/belgrano-cargas-300x169.webp",300,169,true],"medium_large":["https:\/\/infotep.com.ar\/wp-content\/uploads\/2025\/02\/belgrano-cargas-768x432.webp",768,432,true],"large":["https:\/\/infotep.com.ar\/wp-content\/uploads\/2025\/02\/belgrano-cargas-1024x576.webp",1020,574,true],"1536x1536":["https:\/\/infotep.com.ar\/wp-content\/uploads\/2025\/02\/belgrano-cargas.webp",1280,720,false],"2048x2048":["https:\/\/infotep.com.ar\/wp-content\/uploads\/2025\/02\/belgrano-cargas.webp",1280,720,false],"blossom-feminine-slider":["https:\/\/infotep.com.ar\/wp-content\/uploads\/2025\/02\/belgrano-cargas-1280x649.webp",1280,649,true],"blossom-feminine-featured":["https:\/\/infotep.com.ar\/wp-content\/uploads\/2025\/02\/belgrano-cargas-1280x600.webp",1280,600,true],"blossom-feminine-with-sidebar":["https:\/\/infotep.com.ar\/wp-content\/uploads\/2025\/02\/belgrano-cargas-1020x600.webp",1020,600,true],"blossom-feminine-blog":["https:\/\/infotep.com.ar\/wp-content\/uploads\/2025\/02\/belgrano-cargas-435x435.webp",435,435,true],"blossom-feminine-cat":["https:\/\/infotep.com.ar\/wp-content\/uploads\/2025\/02\/belgrano-cargas-450x300.webp",450,300,true],"blossom-feminine-related":["https:\/\/infotep.com.ar\/wp-content\/uploads\/2025\/02\/belgrano-cargas-320x200.webp",320,200,true],"blossom-feminine-schema":["https:\/\/infotep.com.ar\/wp-content\/uploads\/2025\/02\/belgrano-cargas-107x60.webp",107,60,true],"blossom-mommy-blog-slider-big":["https:\/\/infotep.com.ar\/wp-content\/uploads\/2025\/02\/belgrano-cargas-920x650.webp",920,650,true],"blossom-mommy-blog-slider":["https:\/\/infotep.com.ar\/wp-content\/uploads\/2025\/02\/belgrano-cargas-460x310.webp",460,310,true],"blossom-mommy-blog-two":["https:\/\/infotep.com.ar\/wp-content\/uploads\/2025\/02\/belgrano-cargas-768x480.webp",768,480,true]},"author_info":{"info":["Angela Tobar"]},"category_info":"<a href=\"https:\/\/infotep.com.ar\/index.php\/category\/provinciales\/\" rel=\"category tag\">Provinciales<\/a>","tag_info":"Provinciales","comment_count":"0","_links":{"self":[{"href":"https:\/\/infotep.com.ar\/index.php\/wp-json\/wp\/v2\/posts\/20629"}],"collection":[{"href":"https:\/\/infotep.com.ar\/index.php\/wp-json\/wp\/v2\/posts"}],"about":[{"href":"https:\/\/infotep.com.ar\/index.php\/wp-json\/wp\/v2\/types\/post"}],"author":[{"embeddable":true,"href":"https:\/\/infotep.com.ar\/index.php\/wp-json\/wp\/v2\/users\/5"}],"replies":[{"embeddable":true,"href":"https:\/\/infotep.com.ar\/index.php\/wp-json\/wp\/v2\/comments?post=20629"}],"version-history":[{"count":1,"href":"https:\/\/infotep.com.ar\/index.php\/wp-json\/wp\/v2\/posts\/20629\/revisions"}],"predecessor-version":[{"id":20631,"href":"https:\/\/infotep.com.ar\/index.php\/wp-json\/wp\/v2\/posts\/20629\/revisions\/20631"}],"wp:featuredmedia":[{"embeddable":true,"href":"https:\/\/infotep.com.ar\/index.php\/wp-json\/wp\/v2\/media\/20630"}],"wp:attachment":[{"href":"https:\/\/infotep.com.ar\/index.php\/wp-json\/wp\/v2\/media?parent=20629"}],"wp:term":[{"taxonomy":"category","embeddable":true,"href":"https:\/\/infotep.com.ar\/index.php\/wp-json\/wp\/v2\/categories?post=20629"},{"taxonomy":"post_tag","embeddable":true,"href":"https:\/\/infotep.com.ar\/index.php\/wp-json\/wp\/v2\/tags?post=20629"}],"curies":[{"name":"wp","href":"https:\/\/api.w.org\/{rel}","templated":true}]}}