{"id":20695,"date":"2025-02-11T15:03:07","date_gmt":"2025-02-11T18:03:07","guid":{"rendered":"https:\/\/infotep.com.ar\/?p=20695"},"modified":"2025-02-11T15:03:20","modified_gmt":"2025-02-11T18:03:20","slug":"critican-las-mediciones-del-gobierno-y-aseguran-que-el-poder-adquisitivo-esta-133-por-debajo-de-2023","status":"publish","type":"post","link":"https:\/\/infotep.com.ar\/index.php\/2025\/02\/11\/critican-las-mediciones-del-gobierno-y-aseguran-que-el-poder-adquisitivo-esta-133-por-debajo-de-2023\/","title":{"rendered":"Critican las mediciones del Gobierno y aseguran que el poder adquisitivo est\u00e1 13,3% por debajo de 2023"},"content":{"rendered":"\n<p><strong>Los datos que brind\u00f3 el ejecutivo a trav\u00e9s del INDEC respecto a la inflaci\u00f3n tienen una canasta que \u201cno representa a los hogares\u201d.<\/strong><\/p>\n\n\n\n<p>+<br>Desde el Centro de Econom\u00eda Pol\u00edtica Argentina (CEPA) realizaron un nuevo an\u00e1lisis sobre la situaci\u00f3n salarial y la p\u00e9rdida de adquisitivo que vienen sufriendo los trabajadores registrados, por lo que apuntaron contra las mediciones que lleva a cabo el Gobierno nacional y que se\u00f1alan una recuperaci\u00f3n de los mismos.<\/p>\n\n\n\n<p class=\"has-light-green-cyan-background-color has-background\">Seg\u00fan expres\u00f3 el economista Hern\u00e1n Letcher, uno de los responsables del organismo junto a la diputado nacional Julia Strada, desde la asunci\u00f3n de Javier Milei los trabajadores registrados perdieron en promedio $1.400.000, por lo que a precios de diciembre 2024, deber\u00edan recibir una compensaci\u00f3n de $1.383.218.<\/p>\n\n\n\n<p>En ese sentido, desde el CEPA ratificaron que en diciembre pasado, los salarios medidos por RIPTE perdieron poder adquisitivo, ya que aumentaron un 2,0% en t\u00e9rminos nominales frente a una inflaci\u00f3n de 2,7%. De este modo, a\u00fan no alcanzan el nivel de noviembre de 2023 (-1,5%), cuando finaliz\u00f3 la anterior gesti\u00f3n.<\/p>\n\n\n\n<figure class=\"wp-block-image size-full\"><img decoding=\"async\" loading=\"lazy\" width=\"917\" height=\"516\" src=\"https:\/\/infotep.com.ar\/wp-content\/uploads\/2025\/02\/cepa-indec-salarios.jpeg\" alt=\"\" class=\"wp-image-20696\" srcset=\"https:\/\/infotep.com.ar\/wp-content\/uploads\/2025\/02\/cepa-indec-salarios.jpeg 917w, https:\/\/infotep.com.ar\/wp-content\/uploads\/2025\/02\/cepa-indec-salarios-300x169.jpeg 300w, https:\/\/infotep.com.ar\/wp-content\/uploads\/2025\/02\/cepa-indec-salarios-768x432.jpeg 768w, https:\/\/infotep.com.ar\/wp-content\/uploads\/2025\/02\/cepa-indec-salarios-107x60.jpeg 107w\" sizes=\"(max-width: 917px) 100vw, 917px\" \/><\/figure>\n\n\n\n<p><strong>Al respecto, informaron que en promedio, en 2024, el poder adquisitivo se mantuvo 13,3% por debajo de 2023 y 16,8% por debajo del per\u00edodo 2020-2023. Por ende, Letcher apunt\u00f3 que el INDEC mide la inflaci\u00f3n con una canasta que \u201cno representa la estructura de gasto de los hogares\u201d.<\/strong><\/p>\n\n\n\n<p>Por \u00faltimo, el economista asegur\u00f3 que si se tomase la canasta 2017\/8, a diciembre de 2024, los salarios a\u00fan se ubican 9,9% por debajo de noviembre de 2023.<\/p>\n","protected":false},"excerpt":{"rendered":"<p>Los datos que brind&oacute; el ejecutivo a trav&eacute;s del INDEC respecto a la inflaci&oacute;n tienen una canasta que &ldquo;no representa a los hogares&rdquo;. +Desde el Centro de Econom&iacute;a Pol&iacute;tica Argentina (CEPA) realizaron un nuevo an&aacute;lisis sobre la situaci&oacute;n salarial y la p&eacute;rdida de adquisitivo que vienen sufriendo los trabajadores registrados, por lo que apuntaron contra &hellip; <\/p>\n","protected":false},"author":5,"featured_media":20325,"comment_status":"closed","ping_status":"closed","sticky":false,"template":"","format":"standard","meta":{"om_disable_all_campaigns":false,"_joinchat":[]},"categories":[7,3],"tags":[46,43,569],"featured_image_urls":{"full":["https:\/\/infotep.com.ar\/wp-content\/uploads\/2025\/01\/plata.webp",1080,720,false],"thumbnail":["https:\/\/infotep.com.ar\/wp-content\/uploads\/2025\/01\/plata-150x150.webp",150,150,true],"medium":["https:\/\/infotep.com.ar\/wp-content\/uploads\/2025\/01\/plata-300x200.webp",300,200,true],"medium_large":["https:\/\/infotep.com.ar\/wp-content\/uploads\/2025\/01\/plata-768x512.webp",768,512,true],"large":["https:\/\/infotep.com.ar\/wp-content\/uploads\/2025\/01\/plata-1024x683.webp",1020,680,true],"1536x1536":["https:\/\/infotep.com.ar\/wp-content\/uploads\/2025\/01\/plata.webp",1080,720,false],"2048x2048":["https:\/\/infotep.com.ar\/wp-content\/uploads\/2025\/01\/plata.webp",1080,720,false],"blossom-feminine-slider":["https:\/\/infotep.com.ar\/wp-content\/uploads\/2025\/01\/plata-1080x649.webp",1080,649,true],"blossom-feminine-featured":["https:\/\/infotep.com.ar\/wp-content\/uploads\/2025\/01\/plata-1080x600.webp",1080,600,true],"blossom-feminine-with-sidebar":["https:\/\/infotep.com.ar\/wp-content\/uploads\/2025\/01\/plata-1020x600.webp",1020,600,true],"blossom-feminine-blog":["https:\/\/infotep.com.ar\/wp-content\/uploads\/2025\/01\/plata-435x435.webp",435,435,true],"blossom-feminine-cat":["https:\/\/infotep.com.ar\/wp-content\/uploads\/2025\/01\/plata-450x300.webp",450,300,true],"blossom-feminine-related":["https:\/\/infotep.com.ar\/wp-content\/uploads\/2025\/01\/plata-320x200.webp",320,200,true],"blossom-feminine-schema":["https:\/\/infotep.com.ar\/wp-content\/uploads\/2025\/01\/plata-90x60.webp",90,60,true],"blossom-mommy-blog-slider-big":["https:\/\/infotep.com.ar\/wp-content\/uploads\/2025\/01\/plata-920x650.webp",920,650,true],"blossom-mommy-blog-slider":["https:\/\/infotep.com.ar\/wp-content\/uploads\/2025\/01\/plata-460x310.webp",460,310,true],"blossom-mommy-blog-two":["https:\/\/infotep.com.ar\/wp-content\/uploads\/2025\/01\/plata-768x480.webp",768,480,true]},"author_info":{"info":["Angela Tobar"]},"category_info":"<a href=\"https:\/\/infotep.com.ar\/index.php\/category\/gremios\/\" rel=\"category tag\">Gremios<\/a> <a href=\"https:\/\/infotep.com.ar\/index.php\/category\/nacionales\/\" rel=\"category tag\">Nacionales<\/a>","tag_info":"Nacionales","comment_count":"0","_links":{"self":[{"href":"https:\/\/infotep.com.ar\/index.php\/wp-json\/wp\/v2\/posts\/20695"}],"collection":[{"href":"https:\/\/infotep.com.ar\/index.php\/wp-json\/wp\/v2\/posts"}],"about":[{"href":"https:\/\/infotep.com.ar\/index.php\/wp-json\/wp\/v2\/types\/post"}],"author":[{"embeddable":true,"href":"https:\/\/infotep.com.ar\/index.php\/wp-json\/wp\/v2\/users\/5"}],"replies":[{"embeddable":true,"href":"https:\/\/infotep.com.ar\/index.php\/wp-json\/wp\/v2\/comments?post=20695"}],"version-history":[{"count":1,"href":"https:\/\/infotep.com.ar\/index.php\/wp-json\/wp\/v2\/posts\/20695\/revisions"}],"predecessor-version":[{"id":20697,"href":"https:\/\/infotep.com.ar\/index.php\/wp-json\/wp\/v2\/posts\/20695\/revisions\/20697"}],"wp:featuredmedia":[{"embeddable":true,"href":"https:\/\/infotep.com.ar\/index.php\/wp-json\/wp\/v2\/media\/20325"}],"wp:attachment":[{"href":"https:\/\/infotep.com.ar\/index.php\/wp-json\/wp\/v2\/media?parent=20695"}],"wp:term":[{"taxonomy":"category","embeddable":true,"href":"https:\/\/infotep.com.ar\/index.php\/wp-json\/wp\/v2\/categories?post=20695"},{"taxonomy":"post_tag","embeddable":true,"href":"https:\/\/infotep.com.ar\/index.php\/wp-json\/wp\/v2\/tags?post=20695"}],"curies":[{"name":"wp","href":"https:\/\/api.w.org\/{rel}","templated":true}]}}