{"id":20698,"date":"2025-02-11T15:05:02","date_gmt":"2025-02-11T18:05:02","guid":{"rendered":"https:\/\/infotep.com.ar\/?p=20698"},"modified":"2025-02-11T15:05:03","modified_gmt":"2025-02-11T18:05:03","slug":"la-provincia-acordo-un-aumento-salarial-del-9-para-los-estatales-bonaerenses","status":"publish","type":"post","link":"https:\/\/infotep.com.ar\/index.php\/2025\/02\/11\/la-provincia-acordo-un-aumento-salarial-del-9-para-los-estatales-bonaerenses\/","title":{"rendered":"La Provincia acord\u00f3 un aumento salarial del 9% para los estatales bonaerenses"},"content":{"rendered":"\n<p>Los gremios ya aceptaron la propuesta. Habr\u00e1 revisi\u00f3n en abril. Se trata del mismo aumento ofrecido a los docentes.<\/p>\n\n\n\n<p>Tras reunirse con las autoridades provinciales y percibir una oferta salarial del 9% a liquidar en dos tramos, la seccional bonaerense de la Uni\u00f3n del Personal Civil de la Naci\u00f3n (UPCN) confirm\u00f3 que acept\u00f3 la propuesta, confirmaron fuentes del sindicato a Mundo Gremial La Plata.<\/p>\n\n\n\n<p><strong>Desde la entidad que conduce Fabiola Mosquera detallaron que el 9% alcanza a las y los trabajadores estatales encuadrados en la ley 10.430. La cifra se dividir\u00e1 en dos tramos: 7% en febrero y 2% en marzo, con \u2060cl\u00e1usula de reapertura en abril.<\/strong><\/p>\n\n\n\n<p>Por su parte, el SSP dijo que la suma \u00abimpactar\u00e1 de manera positiva en los sueldos b\u00e1sicos, todas las bonificaciones y tambi\u00e9n alcanzar\u00e1 a los jubilados del sector. Adem\u00e1s, se han incrementado las asignaciones familiares\u00bb, agreg\u00f3.<\/p>\n\n\n\n<p><strong>Agrupamiento Profesional y Personal Jer\u00e1rquico<\/strong><\/p>\n\n\n\n<p>En el caso de los trabajadores estatales que se encuentran dentro del Agrupamiento Profesional y el Personal Jer\u00e1rquico, se acord\u00f3 el pago de una bonificaci\u00f3n del 115% sobre el b\u00e1sico. Esta bonificaci\u00f3n se abonar\u00e1 de la siguiente manera:<\/p>\n\n\n\n<p>23% desde el 1\u00b0 de mayo de 2025.<br>46% desde el 1\u00b0 de agosto de 2025.<br>69% desde el 1\u00b0 de noviembre de 2025.<br>92% desde el 1\u00b0 de febrero de 2026.<br>115% desde el 1\u00b0 de mayo de 2026.<\/p>\n\n\n\n<p>Un dato no menor, se acord\u00f3 que unos 3.300 becarios de Contingencia pasen a planta permanente. que fueron contratados durante la pandemia, sean incorporados a planta temporaria. Las vacantes generadas por estos pases ser\u00e1n ocupadas por otros becarios que estuvieron afectados al plan de vacunaci\u00f3n.<\/p>\n\n\n\n<p><\/p>\n","protected":false},"excerpt":{"rendered":"<p>Los gremios ya aceptaron la propuesta. Habr&aacute; revisi&oacute;n en abril. Se trata del mismo aumento ofrecido a los docentes. Tras reunirse con las autoridades provinciales y percibir una oferta salarial del 9% a liquidar en dos tramos, la seccional bonaerense de la Uni&oacute;n del Personal Civil de la Naci&oacute;n (UPCN) confirm&oacute; que acept&oacute; la propuesta, &hellip; <\/p>\n","protected":false},"author":5,"featured_media":14007,"comment_status":"closed","ping_status":"closed","sticky":false,"template":"","format":"standard","meta":{"om_disable_all_campaigns":false,"_joinchat":[]},"categories":[7,4],"tags":[46,43,569],"featured_image_urls":{"full":["https:\/\/infotep.com.ar\/wp-content\/uploads\/2024\/06\/kicillof-2.webp",1173,720,false],"thumbnail":["https:\/\/infotep.com.ar\/wp-content\/uploads\/2024\/06\/kicillof-2-150x150.webp",150,150,true],"medium":["https:\/\/infotep.com.ar\/wp-content\/uploads\/2024\/06\/kicillof-2-300x184.webp",300,184,true],"medium_large":["https:\/\/infotep.com.ar\/wp-content\/uploads\/2024\/06\/kicillof-2-768x471.webp",768,471,true],"large":["https:\/\/infotep.com.ar\/wp-content\/uploads\/2024\/06\/kicillof-2-1024x629.webp",1020,627,true],"1536x1536":["https:\/\/infotep.com.ar\/wp-content\/uploads\/2024\/06\/kicillof-2.webp",1173,720,false],"2048x2048":["https:\/\/infotep.com.ar\/wp-content\/uploads\/2024\/06\/kicillof-2.webp",1173,720,false],"blossom-feminine-slider":["https:\/\/infotep.com.ar\/wp-content\/uploads\/2024\/06\/kicillof-2-1173x649.webp",1173,649,true],"blossom-feminine-featured":["https:\/\/infotep.com.ar\/wp-content\/uploads\/2024\/06\/kicillof-2-1173x600.webp",1173,600,true],"blossom-feminine-with-sidebar":["https:\/\/infotep.com.ar\/wp-content\/uploads\/2024\/06\/kicillof-2-1020x600.webp",1020,600,true],"blossom-feminine-blog":["https:\/\/infotep.com.ar\/wp-content\/uploads\/2024\/06\/kicillof-2-435x435.webp",435,435,true],"blossom-feminine-cat":["https:\/\/infotep.com.ar\/wp-content\/uploads\/2024\/06\/kicillof-2-450x300.webp",450,300,true],"blossom-feminine-related":["https:\/\/infotep.com.ar\/wp-content\/uploads\/2024\/06\/kicillof-2-320x200.webp",320,200,true],"blossom-feminine-schema":["https:\/\/infotep.com.ar\/wp-content\/uploads\/2024\/06\/kicillof-2-98x60.webp",98,60,true],"blossom-mommy-blog-slider-big":["https:\/\/infotep.com.ar\/wp-content\/uploads\/2024\/06\/kicillof-2-920x650.webp",920,650,true],"blossom-mommy-blog-slider":["https:\/\/infotep.com.ar\/wp-content\/uploads\/2024\/06\/kicillof-2-460x310.webp",460,310,true],"blossom-mommy-blog-two":["https:\/\/infotep.com.ar\/wp-content\/uploads\/2024\/06\/kicillof-2-768x480.webp",768,480,true]},"author_info":{"info":["Angela Tobar"]},"category_info":"<a href=\"https:\/\/infotep.com.ar\/index.php\/category\/gremios\/\" rel=\"category tag\">Gremios<\/a> <a href=\"https:\/\/infotep.com.ar\/index.php\/category\/provinciales\/\" rel=\"category tag\">Provinciales<\/a>","tag_info":"Provinciales","comment_count":"0","_links":{"self":[{"href":"https:\/\/infotep.com.ar\/index.php\/wp-json\/wp\/v2\/posts\/20698"}],"collection":[{"href":"https:\/\/infotep.com.ar\/index.php\/wp-json\/wp\/v2\/posts"}],"about":[{"href":"https:\/\/infotep.com.ar\/index.php\/wp-json\/wp\/v2\/types\/post"}],"author":[{"embeddable":true,"href":"https:\/\/infotep.com.ar\/index.php\/wp-json\/wp\/v2\/users\/5"}],"replies":[{"embeddable":true,"href":"https:\/\/infotep.com.ar\/index.php\/wp-json\/wp\/v2\/comments?post=20698"}],"version-history":[{"count":1,"href":"https:\/\/infotep.com.ar\/index.php\/wp-json\/wp\/v2\/posts\/20698\/revisions"}],"predecessor-version":[{"id":20699,"href":"https:\/\/infotep.com.ar\/index.php\/wp-json\/wp\/v2\/posts\/20698\/revisions\/20699"}],"wp:featuredmedia":[{"embeddable":true,"href":"https:\/\/infotep.com.ar\/index.php\/wp-json\/wp\/v2\/media\/14007"}],"wp:attachment":[{"href":"https:\/\/infotep.com.ar\/index.php\/wp-json\/wp\/v2\/media?parent=20698"}],"wp:term":[{"taxonomy":"category","embeddable":true,"href":"https:\/\/infotep.com.ar\/index.php\/wp-json\/wp\/v2\/categories?post=20698"},{"taxonomy":"post_tag","embeddable":true,"href":"https:\/\/infotep.com.ar\/index.php\/wp-json\/wp\/v2\/tags?post=20698"}],"curies":[{"name":"wp","href":"https:\/\/api.w.org\/{rel}","templated":true}]}}