{"id":20700,"date":"2025-02-12T13:07:51","date_gmt":"2025-02-12T16:07:51","guid":{"rendered":"https:\/\/infotep.com.ar\/?p=20700"},"modified":"2025-02-12T13:07:51","modified_gmt":"2025-02-12T16:07:51","slug":"el-nuevo-lanzamiento-de-instagram-para-proteger-a-los-adolescentes","status":"publish","type":"post","link":"https:\/\/infotep.com.ar\/index.php\/2025\/02\/12\/el-nuevo-lanzamiento-de-instagram-para-proteger-a-los-adolescentes\/","title":{"rendered":"El nuevo lanzamiento de Instagram para proteger a los adolescentes"},"content":{"rendered":"\n<p>Se trata de Cuentas para Adolescentes, las cuales incluye nuevas medidas de seguridad y protecci\u00f3n para los menores.<br><br>El acceso de los adolescentes y menores a las redes sociales fue creciendo en los \u00faltimos a\u00f1os, lo que puede ocasionar a veces alg\u00fan inconveniente si las cuentas que poseen no tienen un control de un adulto porque pueden cruzarse en l\u00ednea con desconocidos de los que no se sabe las intenciones que tiene para con el menor.<\/p>\n\n\n\n<p><strong>Desde inicios de 2025, se est\u00e1n incorporando las Cuentas Adolescentes de Instagram y las mismas comenzar\u00e1n a implementarse en Am\u00e9rica Latina y se trata de una nueva experiencia digital con protecciones adecuadas para los j\u00f3venes y guiadas por los padres o tutores.<\/strong><\/p>\n\n\n\n<p>Las mismas incluyen protecciones integradas que limitan qui\u00e9n puede ponerse en contacto con los j\u00f3venes y el contenido al que pueden acceder, aunque, por el momento se desconoce cu\u00e1ndo llegar\u00e1 a Argentina la actualizaci\u00f3n de la aplicaci\u00f3n.<\/p>\n\n\n\n<p>Seg\u00fan se inform\u00f3, a los menores de 16 a\u00f1os se les asigna una Cuenta de Adolescente y siempre necesitar\u00e1n el permiso de sus padres para realizar cualquier cambio en los ajustes, mientras que desde Meta, seg\u00fan indic\u00f3 El Pa\u00eds que las cuentas est\u00e1n dise\u00f1adas para responder a las principales preocupaciones de las familias, como con qui\u00e9n hablan sus hijos online, el contenido al que pueden acceder y si el tiempo que dedican est\u00e1 bien invertido.<\/p>\n\n\n\n<p>Adem\u00e1s, se supo que la compa\u00f1\u00eda incluy\u00f3 la supervisi\u00f3n parental en las Cuentas de Adolescente para que los padres puedan estar m\u00e1s presentes en la experiencia digital de sus hijos, por lo cuales, las mismas son privadas y entre sus funcionalidades se incluye restringir los mensajes para que los adolescentes solo reciban mensajes de sus seguidores o personas conocidas, as\u00ed como limitar las interacciones para evitar que sean etiquetados en publicaciones por parte de desconocidos.<\/p>\n\n\n\n<p>Los padres tambi\u00e9n pueden establecer l\u00edmites de tiempo diarios y, una vez alcanzados, los adolescentes no podr\u00e1n volver a acceder a la aplicaci\u00f3n, mientras que adem\u00e1s los progenitores pueden bloquear el uso de Instagram durante periodos de tiempo espec\u00edficos con un bot\u00f3n, por ejemplo, para dormir o en los momentos de estudio.<\/p>\n\n\n\n<p>La compa\u00f1\u00eda tambi\u00e9n impuso normas m\u00e1s estrictas en cuanto a contenidos, eliminando aquellos que infrinjan sus pol\u00edticas y, de esta manera, los adolescentes no recibir\u00e1n contenidos potencialmente sensibles, como los de car\u00e1cter sexual o los que hablen de suicidio o autolesiones.<\/p>\n\n\n\n<p><strong>Las protecciones integradas de las Cuentas de Adolescentes<br><\/strong>Algunas de las nuevas protecciones integradas en las cuentas de Instagram para adolescentes incluyen:<\/p>\n\n\n\n<p>Tener una cuenta privada autom\u00e1ticamente.<br>Restricciones de mensajer\u00eda y l\u00edmites de contenido.<br>Una nueva funci\u00f3n de modo de reposo que silencia las notificaciones por la noche.<br>Herramientas adicionales de supervisi\u00f3n parental que permiten a los padres ver a qui\u00e9n env\u00eda mensajes sus hijos.<br>Con la supervisi\u00f3n parental activada, los padres tambi\u00e9n pueden decidir cu\u00e1ndo y durante cu\u00e1nto tiempo sus hijos pueden usar Instagram.<br>Los adolescentes tambi\u00e9n tendr\u00e1n acceso a una nueva funci\u00f3n, creada solo para ellos, que les permite seleccionar los temas que quieren ver en Explorar y sus recomendaciones para que puedan enfocarse en el contenido divertido y positivo que les encanta.<\/p>\n","protected":false},"excerpt":{"rendered":"<p>Se trata de Cuentas para Adolescentes, las cuales incluye nuevas medidas de seguridad y protecci&oacute;n para los menores. El acceso de los adolescentes y menores a las redes sociales fue creciendo en los &uacute;ltimos a&ntilde;os, lo que puede ocasionar a veces alg&uacute;n inconveniente si las cuentas que poseen no tienen un control de un adulto &hellip; <\/p>\n","protected":false},"author":5,"featured_media":11653,"comment_status":"closed","ping_status":"closed","sticky":false,"template":"","format":"standard","meta":{"om_disable_all_campaigns":false,"_joinchat":[]},"categories":[3],"tags":[46,43,569],"featured_image_urls":{"full":["https:\/\/infotep.com.ar\/wp-content\/uploads\/2024\/03\/celular.jpg",738,473,false],"thumbnail":["https:\/\/infotep.com.ar\/wp-content\/uploads\/2024\/03\/celular-150x150.jpg",150,150,true],"medium":["https:\/\/infotep.com.ar\/wp-content\/uploads\/2024\/03\/celular-300x192.jpg",300,192,true],"medium_large":["https:\/\/infotep.com.ar\/wp-content\/uploads\/2024\/03\/celular.jpg",738,473,false],"large":["https:\/\/infotep.com.ar\/wp-content\/uploads\/2024\/03\/celular.jpg",738,473,false],"1536x1536":["https:\/\/infotep.com.ar\/wp-content\/uploads\/2024\/03\/celular.jpg",738,473,false],"2048x2048":["https:\/\/infotep.com.ar\/wp-content\/uploads\/2024\/03\/celular.jpg",738,473,false],"blossom-feminine-slider":["https:\/\/infotep.com.ar\/wp-content\/uploads\/2024\/03\/celular.jpg",738,473,false],"blossom-feminine-featured":["https:\/\/infotep.com.ar\/wp-content\/uploads\/2024\/03\/celular.jpg",738,473,false],"blossom-feminine-with-sidebar":["https:\/\/infotep.com.ar\/wp-content\/uploads\/2024\/03\/celular.jpg",738,473,false],"blossom-feminine-blog":["https:\/\/infotep.com.ar\/wp-content\/uploads\/2024\/03\/celular-435x435.jpg",435,435,true],"blossom-feminine-cat":["https:\/\/infotep.com.ar\/wp-content\/uploads\/2024\/03\/celular-450x300.jpg",450,300,true],"blossom-feminine-related":["https:\/\/infotep.com.ar\/wp-content\/uploads\/2024\/03\/celular-320x200.jpg",320,200,true],"blossom-feminine-schema":["https:\/\/infotep.com.ar\/wp-content\/uploads\/2024\/03\/celular-94x60.jpg",94,60,true],"blossom-mommy-blog-slider-big":["https:\/\/infotep.com.ar\/wp-content\/uploads\/2024\/03\/celular.jpg",738,473,false],"blossom-mommy-blog-slider":["https:\/\/infotep.com.ar\/wp-content\/uploads\/2024\/03\/celular-460x310.jpg",460,310,true],"blossom-mommy-blog-two":["https:\/\/infotep.com.ar\/wp-content\/uploads\/2024\/03\/celular.jpg",738,473,false]},"author_info":{"info":["Angela Tobar"]},"category_info":"<a href=\"https:\/\/infotep.com.ar\/index.php\/category\/nacionales\/\" rel=\"category tag\">Nacionales<\/a>","tag_info":"Nacionales","comment_count":"0","_links":{"self":[{"href":"https:\/\/infotep.com.ar\/index.php\/wp-json\/wp\/v2\/posts\/20700"}],"collection":[{"href":"https:\/\/infotep.com.ar\/index.php\/wp-json\/wp\/v2\/posts"}],"about":[{"href":"https:\/\/infotep.com.ar\/index.php\/wp-json\/wp\/v2\/types\/post"}],"author":[{"embeddable":true,"href":"https:\/\/infotep.com.ar\/index.php\/wp-json\/wp\/v2\/users\/5"}],"replies":[{"embeddable":true,"href":"https:\/\/infotep.com.ar\/index.php\/wp-json\/wp\/v2\/comments?post=20700"}],"version-history":[{"count":1,"href":"https:\/\/infotep.com.ar\/index.php\/wp-json\/wp\/v2\/posts\/20700\/revisions"}],"predecessor-version":[{"id":20701,"href":"https:\/\/infotep.com.ar\/index.php\/wp-json\/wp\/v2\/posts\/20700\/revisions\/20701"}],"wp:featuredmedia":[{"embeddable":true,"href":"https:\/\/infotep.com.ar\/index.php\/wp-json\/wp\/v2\/media\/11653"}],"wp:attachment":[{"href":"https:\/\/infotep.com.ar\/index.php\/wp-json\/wp\/v2\/media?parent=20700"}],"wp:term":[{"taxonomy":"category","embeddable":true,"href":"https:\/\/infotep.com.ar\/index.php\/wp-json\/wp\/v2\/categories?post=20700"},{"taxonomy":"post_tag","embeddable":true,"href":"https:\/\/infotep.com.ar\/index.php\/wp-json\/wp\/v2\/tags?post=20700"}],"curies":[{"name":"wp","href":"https:\/\/api.w.org\/{rel}","templated":true}]}}