{"id":20796,"date":"2025-02-14T12:49:01","date_gmt":"2025-02-14T15:49:01","guid":{"rendered":"https:\/\/infotep.com.ar\/?p=20796"},"modified":"2025-02-14T12:49:02","modified_gmt":"2025-02-14T15:49:02","slug":"axel-kicillof-la-especulacion-esta-de-fiesta-y-el-trabajo-la-produccion-y-el-turismo-con-dificultades","status":"publish","type":"post","link":"https:\/\/infotep.com.ar\/index.php\/2025\/02\/14\/axel-kicillof-la-especulacion-esta-de-fiesta-y-el-trabajo-la-produccion-y-el-turismo-con-dificultades\/","title":{"rendered":"Axel Kicillof: &#8220;La especulaci\u00f3n est\u00e1 de fiesta y el trabajo, la producci\u00f3n y el turismo con dificultades&#8221;"},"content":{"rendered":"\n<p>&#8220;A nadie le va bien con la pol\u00edtica econ\u00f3mica de Milei&#8221;, asegur\u00f3 el gobernador bonaerense durante una Conferencia de Verano en Mar Chiquita.<br><br><strong>El gobernador bonaerense, Axel Kicillof, cuestion\u00f3 la pol\u00edtica econ\u00f3mica del gobierno de Javier Milei y consider\u00f3 que en Argentina la especulaci\u00f3n &#8220;est\u00e1 de fiesta&#8221; y &#8220;el trabajo, la producci\u00f3n y el turismo&#8221; tienen dificultades.<\/strong><\/p>\n\n\n\n<p class=\"has-light-green-cyan-background-color has-background\">&#8220;A nadie le va bien con la pol\u00edtica econ\u00f3mica de Milei&#8221;, asegur\u00f3 Kicillof durante una Conferencia de Verano en Mar Chiquita, y sostuvo que es la &#8220;timba financiera&#8221; lo que actualmente mantiene estable el tipo de cambio.<\/p>\n\n\n\n<p>&#8220;La especulaci\u00f3n est\u00e1 de fiesta y el trabajo, la producci\u00f3n y el turismo con dificultades&#8221;, enfatiz\u00f3.<\/p>\n\n\n\n<p>Adem\u00e1s, se refiri\u00f3 al estado de las rutas nacionales de la provincia y se\u00f1al\u00f3 que el Gobierno discontinu\u00f3 incluso las que tienen financiamiento internacional.<\/p>\n\n\n\n<p>&#8220;Pararon todas las obras de rutas nacionales, a\u00fan las que tienen financiamiento extranjero. No es para cuidar el Presupuesto; es por crueldad, ineficiencia e ineptitud&#8221;, plante\u00f3 Kicillof.<\/p>\n\n\n\n<p>Asimismo, critic\u00f3 a Milei al asegurar que &#8220;cuando habla en chino&#8221; es porque &#8220;no quiere que entiendan la estafa que est\u00e1 haciendo&#8221;, en referencia a los discursos economicistas del Presidente.<\/p>\n\n\n\n<p>Adem\u00e1s, se refiri\u00f3 a la problem\u00e1tica de la seguridad bonaerense, que en estas \u00faltimas semanas estuvo en agenda producto de episodios de violencia en las localidades de Moreno y Mar del Plata.<\/p>\n\n\n\n<p><strong>&#8220;Mejoraron las estad\u00edsticas porque invertimos y capacitamos. Falta mucho, pero vamos a seguir trabajando con seriedad por la seguridad en la Provincia&#8221;, manifest\u00f3 el gobernador.<\/strong><\/p>\n\n\n\n<p>El evento se llev\u00f3 a cabo en el Parador Mirador Beach Club, ubicado en Santa Clara del Mar, partido de Mar Chiquita.<\/p>\n\n\n\n<p>Kicillof fue recibido por el intendente interino de esa localidad, Fabi\u00e1n Jacquet, dado que el jefe comunal del distrito, Walter Wischnivetzky, se encuentra de licencia por vacaciones.<br><br>Las conferencias de verano forman parte de una serie de encuentros que el gobernador est\u00e1 llevando a cabo en distintos puntos tur\u00edsticos de la provincia para fomentar el turismo y analizar el desarrollo de la temporada estival.<\/p>\n\n\n\n<p>En la previa, el mandatario provincial estuvo en Balcarce, donde particip\u00f3 de la inauguraci\u00f3n del Centro Universitario de esa ciudad y un encuentro productivo con representantes de sectores agrario, portuario, comercial, industrial, cultural, tur\u00edstico y cient\u00edfico.<\/p>\n","protected":false},"excerpt":{"rendered":"<p>&ldquo;A nadie le va bien con la pol&iacute;tica econ&oacute;mica de Milei&rdquo;, asegur&oacute; el gobernador bonaerense durante una Conferencia de Verano en Mar Chiquita. El gobernador bonaerense, Axel Kicillof, cuestion&oacute; la pol&iacute;tica econ&oacute;mica del gobierno de Javier Milei y consider&oacute; que en Argentina la especulaci&oacute;n &ldquo;est&aacute; de fiesta&rdquo; y &ldquo;el trabajo, la producci&oacute;n y el turismo&rdquo; &hellip; <\/p>\n","protected":false},"author":5,"featured_media":20797,"comment_status":"closed","ping_status":"closed","sticky":false,"template":"","format":"standard","meta":{"om_disable_all_campaigns":false,"_joinchat":[]},"categories":[4],"tags":[46,43,569],"featured_image_urls":{"full":["https:\/\/infotep.com.ar\/wp-content\/uploads\/2025\/02\/kicillof.webp",1080,720,false],"thumbnail":["https:\/\/infotep.com.ar\/wp-content\/uploads\/2025\/02\/kicillof-150x150.webp",150,150,true],"medium":["https:\/\/infotep.com.ar\/wp-content\/uploads\/2025\/02\/kicillof-300x200.webp",300,200,true],"medium_large":["https:\/\/infotep.com.ar\/wp-content\/uploads\/2025\/02\/kicillof-768x512.webp",768,512,true],"large":["https:\/\/infotep.com.ar\/wp-content\/uploads\/2025\/02\/kicillof-1024x683.webp",1020,680,true],"1536x1536":["https:\/\/infotep.com.ar\/wp-content\/uploads\/2025\/02\/kicillof.webp",1080,720,false],"2048x2048":["https:\/\/infotep.com.ar\/wp-content\/uploads\/2025\/02\/kicillof.webp",1080,720,false],"blossom-feminine-slider":["https:\/\/infotep.com.ar\/wp-content\/uploads\/2025\/02\/kicillof-1080x649.webp",1080,649,true],"blossom-feminine-featured":["https:\/\/infotep.com.ar\/wp-content\/uploads\/2025\/02\/kicillof-1080x600.webp",1080,600,true],"blossom-feminine-with-sidebar":["https:\/\/infotep.com.ar\/wp-content\/uploads\/2025\/02\/kicillof-1020x600.webp",1020,600,true],"blossom-feminine-blog":["https:\/\/infotep.com.ar\/wp-content\/uploads\/2025\/02\/kicillof-435x435.webp",435,435,true],"blossom-feminine-cat":["https:\/\/infotep.com.ar\/wp-content\/uploads\/2025\/02\/kicillof-450x300.webp",450,300,true],"blossom-feminine-related":["https:\/\/infotep.com.ar\/wp-content\/uploads\/2025\/02\/kicillof-320x200.webp",320,200,true],"blossom-feminine-schema":["https:\/\/infotep.com.ar\/wp-content\/uploads\/2025\/02\/kicillof-90x60.webp",90,60,true],"blossom-mommy-blog-slider-big":["https:\/\/infotep.com.ar\/wp-content\/uploads\/2025\/02\/kicillof-920x650.webp",920,650,true],"blossom-mommy-blog-slider":["https:\/\/infotep.com.ar\/wp-content\/uploads\/2025\/02\/kicillof-460x310.webp",460,310,true],"blossom-mommy-blog-two":["https:\/\/infotep.com.ar\/wp-content\/uploads\/2025\/02\/kicillof-768x480.webp",768,480,true]},"author_info":{"info":["Angela Tobar"]},"category_info":"<a href=\"https:\/\/infotep.com.ar\/index.php\/category\/provinciales\/\" rel=\"category tag\">Provinciales<\/a>","tag_info":"Provinciales","comment_count":"0","_links":{"self":[{"href":"https:\/\/infotep.com.ar\/index.php\/wp-json\/wp\/v2\/posts\/20796"}],"collection":[{"href":"https:\/\/infotep.com.ar\/index.php\/wp-json\/wp\/v2\/posts"}],"about":[{"href":"https:\/\/infotep.com.ar\/index.php\/wp-json\/wp\/v2\/types\/post"}],"author":[{"embeddable":true,"href":"https:\/\/infotep.com.ar\/index.php\/wp-json\/wp\/v2\/users\/5"}],"replies":[{"embeddable":true,"href":"https:\/\/infotep.com.ar\/index.php\/wp-json\/wp\/v2\/comments?post=20796"}],"version-history":[{"count":1,"href":"https:\/\/infotep.com.ar\/index.php\/wp-json\/wp\/v2\/posts\/20796\/revisions"}],"predecessor-version":[{"id":20798,"href":"https:\/\/infotep.com.ar\/index.php\/wp-json\/wp\/v2\/posts\/20796\/revisions\/20798"}],"wp:featuredmedia":[{"embeddable":true,"href":"https:\/\/infotep.com.ar\/index.php\/wp-json\/wp\/v2\/media\/20797"}],"wp:attachment":[{"href":"https:\/\/infotep.com.ar\/index.php\/wp-json\/wp\/v2\/media?parent=20796"}],"wp:term":[{"taxonomy":"category","embeddable":true,"href":"https:\/\/infotep.com.ar\/index.php\/wp-json\/wp\/v2\/categories?post=20796"},{"taxonomy":"post_tag","embeddable":true,"href":"https:\/\/infotep.com.ar\/index.php\/wp-json\/wp\/v2\/tags?post=20796"}],"curies":[{"name":"wp","href":"https:\/\/api.w.org\/{rel}","templated":true}]}}