{"id":21056,"date":"2025-02-22T05:14:00","date_gmt":"2025-02-22T08:14:00","guid":{"rendered":"https:\/\/infotep.com.ar\/?p=21056"},"modified":"2025-02-22T17:15:33","modified_gmt":"2025-02-22T20:15:33","slug":"conoce-la-agenda-cultural-de-moron","status":"publish","type":"post","link":"https:\/\/infotep.com.ar\/index.php\/2025\/02\/22\/conoce-la-agenda-cultural-de-moron\/","title":{"rendered":"Conoc\u00e9 la agenda cultural de Mor\u00f3n"},"content":{"rendered":"\n<p><strong>S\u00e1bado 22<\/strong><\/p>\n\n\n\n<p>18 hs. Cacharpaya Comunitario. Inauguraci\u00f3n de la muestra &#8220;La voz del barrio\u201d. Cierre: Mamaquilla. Espacio Cultural y Comunitario Paracone. Av. Rawson y Constituyentes, Mor\u00f3n norte.<\/p>\n\n\n\n<p>20 hs. Escenario a Cielo Abierto. Femi &#8211; Nuca &#8211; Ignacia &#8211; Serena Ciga &#8211; Pibe Fyah.<br>Plaza de la Cultura. Cabildo y Cris\u00f3logo Larralde, Mor\u00f3n centro.<\/p>\n\n\n\n<p><strong>Domingo 23<\/strong><\/p>\n\n\n\n<p>19 hs. Escenario a Cielo Abierto. Teatro: Jam de Impro. Espacio Cultural y Comunitario Paracone. Av. Rawson y Constituyentes, Mor\u00f3n norte.<\/p>\n\n\n\n<p>18:30 hs. Teatro al Paso. D\u00fao Telesc\u00f3pico en acci\u00f3n, por Compa\u00f1\u00edaTelesc\u00f3pica. Dos intr\u00e9pidos artistas conjugan el universo de las habilidades junto a intrigantes desaf\u00edos que cuentan con la participaci\u00f3n colectiva de todo el p\u00fablico, generando una propuesta inmersiva donde todos juntos hacemos la magia del circo. Puerta del Teatro Municipal Gregorio de Laferrere. Brown y San Mart\u00edn, Mor\u00f3n centro.<\/p>\n\n\n\n<p><strong>Martes 25<\/strong><\/p>\n\n\n\n<p>18 hs. Taller de Libro de Artistas por Leticia Margani. Para ni\u00f1os\/as de 5 a 12 a\u00f1os. Espacio Cultural y Comunitario Paracone. Av. Rawson y Constituyentes, Mor\u00f3n norte.<\/p>\n\n\n\n<p>Feria Artesanal de Mor\u00f3n. Viernes, s\u00e1bados, domingos y feriados, a partir de las 10 hs.<br>Plaza San Mart\u00edn, Belgrano y Buen Viaje, Mor\u00f3n centro.<\/p>\n","protected":false},"excerpt":{"rendered":"<p>S&aacute;bado 22 18 hs. Cacharpaya Comunitario. Inauguraci&oacute;n de la muestra &ldquo;La voz del barrio&rdquo;. Cierre: Mamaquilla. Espacio Cultural y Comunitario Paracone. Av. Rawson y Constituyentes, Mor&oacute;n norte. 20 hs. Escenario a Cielo Abierto. Femi &ndash; Nuca &ndash; Ignacia &ndash; Serena Ciga &ndash; Pibe Fyah.Plaza de la Cultura. Cabildo y Cris&oacute;logo Larralde, Mor&oacute;n centro. Domingo 23 &hellip; <\/p>\n","protected":false},"author":5,"featured_media":5503,"comment_status":"closed","ping_status":"closed","sticky":false,"template":"","format":"standard","meta":{"om_disable_all_campaigns":false,"_joinchat":[]},"categories":[9],"tags":[46,53,43,569],"featured_image_urls":{"full":["https:\/\/infotep.com.ar\/wp-content\/uploads\/2023\/06\/moron-cultura.webp",720,496,false],"thumbnail":["https:\/\/infotep.com.ar\/wp-content\/uploads\/2023\/06\/moron-cultura-150x150.webp",150,150,true],"medium":["https:\/\/infotep.com.ar\/wp-content\/uploads\/2023\/06\/moron-cultura-300x207.webp",300,207,true],"medium_large":["https:\/\/infotep.com.ar\/wp-content\/uploads\/2023\/06\/moron-cultura.webp",720,496,false],"large":["https:\/\/infotep.com.ar\/wp-content\/uploads\/2023\/06\/moron-cultura.webp",720,496,false],"1536x1536":["https:\/\/infotep.com.ar\/wp-content\/uploads\/2023\/06\/moron-cultura.webp",720,496,false],"2048x2048":["https:\/\/infotep.com.ar\/wp-content\/uploads\/2023\/06\/moron-cultura.webp",720,496,false],"blossom-feminine-slider":["https:\/\/infotep.com.ar\/wp-content\/uploads\/2023\/06\/moron-cultura.webp",720,496,false],"blossom-feminine-featured":["https:\/\/infotep.com.ar\/wp-content\/uploads\/2023\/06\/moron-cultura.webp",720,496,false],"blossom-feminine-with-sidebar":["https:\/\/infotep.com.ar\/wp-content\/uploads\/2023\/06\/moron-cultura.webp",720,496,false],"blossom-feminine-blog":["https:\/\/infotep.com.ar\/wp-content\/uploads\/2023\/06\/moron-cultura-435x435.webp",435,435,true],"blossom-feminine-cat":["https:\/\/infotep.com.ar\/wp-content\/uploads\/2023\/06\/moron-cultura-450x300.webp",450,300,true],"blossom-feminine-related":["https:\/\/infotep.com.ar\/wp-content\/uploads\/2023\/06\/moron-cultura-320x200.webp",320,200,true],"blossom-feminine-schema":["https:\/\/infotep.com.ar\/wp-content\/uploads\/2023\/06\/moron-cultura-87x60.webp",87,60,true],"blossom-mommy-blog-slider-big":["https:\/\/infotep.com.ar\/wp-content\/uploads\/2023\/06\/moron-cultura.webp",720,496,false],"blossom-mommy-blog-slider":["https:\/\/infotep.com.ar\/wp-content\/uploads\/2023\/06\/moron-cultura-460x310.webp",460,310,true],"blossom-mommy-blog-two":["https:\/\/infotep.com.ar\/wp-content\/uploads\/2023\/06\/moron-cultura-720x480.webp",720,480,true]},"author_info":{"info":["Angela Tobar"]},"category_info":"<a href=\"https:\/\/infotep.com.ar\/index.php\/category\/municipales\/moron\/\" rel=\"category tag\">Mor\u00f3n<\/a>","tag_info":"Mor\u00f3n","comment_count":"0","_links":{"self":[{"href":"https:\/\/infotep.com.ar\/index.php\/wp-json\/wp\/v2\/posts\/21056"}],"collection":[{"href":"https:\/\/infotep.com.ar\/index.php\/wp-json\/wp\/v2\/posts"}],"about":[{"href":"https:\/\/infotep.com.ar\/index.php\/wp-json\/wp\/v2\/types\/post"}],"author":[{"embeddable":true,"href":"https:\/\/infotep.com.ar\/index.php\/wp-json\/wp\/v2\/users\/5"}],"replies":[{"embeddable":true,"href":"https:\/\/infotep.com.ar\/index.php\/wp-json\/wp\/v2\/comments?post=21056"}],"version-history":[{"count":1,"href":"https:\/\/infotep.com.ar\/index.php\/wp-json\/wp\/v2\/posts\/21056\/revisions"}],"predecessor-version":[{"id":21057,"href":"https:\/\/infotep.com.ar\/index.php\/wp-json\/wp\/v2\/posts\/21056\/revisions\/21057"}],"wp:featuredmedia":[{"embeddable":true,"href":"https:\/\/infotep.com.ar\/index.php\/wp-json\/wp\/v2\/media\/5503"}],"wp:attachment":[{"href":"https:\/\/infotep.com.ar\/index.php\/wp-json\/wp\/v2\/media?parent=21056"}],"wp:term":[{"taxonomy":"category","embeddable":true,"href":"https:\/\/infotep.com.ar\/index.php\/wp-json\/wp\/v2\/categories?post=21056"},{"taxonomy":"post_tag","embeddable":true,"href":"https:\/\/infotep.com.ar\/index.php\/wp-json\/wp\/v2\/tags?post=21056"}],"curies":[{"name":"wp","href":"https:\/\/api.w.org\/{rel}","templated":true}]}}